{"id":29607,"date":"2026-03-16T13:39:35","date_gmt":"2026-03-16T13:39:35","guid":{"rendered":"https:\/\/liberationinfo.com\/?p=29607"},"modified":"2026-03-16T13:39:35","modified_gmt":"2026-03-16T13:39:35","slug":"la-paix-entre-la-guinee-et-le-liberia-nest-pas-une-option-cest-une-necessite-par-dr-faya-lansana-millimouno","status":"publish","type":"post","link":"https:\/\/liberationinfo.com\/index.php\/la-paix-entre-la-guinee-et-le-liberia-nest-pas-une-option-cest-une-necessite-par-dr-faya-lansana-millimouno\/","title":{"rendered":"La paix entre la Guin\u00e9e et le Lib\u00e9ria n\u2019est pas une option ; c\u2019est une n\u00e9cessit\u00e9 ! (Par Dr Faya Lansana MILLIMOUNO)"},"content":{"rendered":"<p>&nbsp;<\/p>\n<p>Les informations faisant \u00e9tat de tensions dans la zone de Solumba, \u00e0 la fronti\u00e8re entre la R\u00e9publique de Guin\u00e9e et la R\u00e9publique s\u0153ur du Lib\u00e9ria, suscitent une vive inqui\u00e9tude. Les discours ou attitudes pouvant laisser penser \u00e0 une escalade vers un conflit frontalier doivent \u00eatre pris avec le plus grand s\u00e9rieux, car l\u2019histoire de notre r\u00e9gion nous enseigne que les tensions mal ma\u00eetris\u00e9es peuvent rapidement d\u00e9g\u00e9n\u00e9rer.<\/p>\n<p>Il est donc de notre responsabilit\u00e9 collective \u2014 responsables politiques, autorit\u00e9s publiques, leaders communautaires et citoyens \u2014 de condamner fermement toute vell\u00e9it\u00e9 de guerre entre la Guin\u00e9e et le Lib\u00e9ria.<\/p>\n<p>La guerre entre nos deux pays serait non seulement inutile, mais profond\u00e9ment tragique. Elle ne produirait que des pertes humaines, des souffrances sociales et des reculs \u00e9conomiques pour des populations qui, depuis des g\u00e9n\u00e9rations, ont appris \u00e0 vivre ensemble dans la solidarit\u00e9 et le voisinage pacifique.<\/p>\n<p>Une fronti\u00e8re qui unit plus qu\u2019elle ne s\u00e9pare<\/p>\n<p>Les populations vivant de part et d\u2019autre de la fronti\u00e8re guin\u00e9o-lib\u00e9rienne ne sont pas des \u00e9trangers les unes pour les autres. Elles partagent souvent des liens familiaux, culturels et \u00e9conomiques tr\u00e8s anciens. Les march\u00e9s transfrontaliers, les \u00e9changes agricoles et les relations communautaires ont toujours constitu\u00e9 un facteur de stabilit\u00e9 et de prosp\u00e9rit\u00e9 locale.<\/p>\n<p>Dans ces zones frontali\u00e8res, la fronti\u00e8re administrative ne doit jamais devenir une ligne de division entre des peuples qui ont appris \u00e0 vivre dans la coop\u00e9ration et l\u2019entraide.<\/p>\n<p>C\u2019est pourquoi toute tension susceptible d\u2019entraver la libre circulation des personnes, des biens et des \u00e9changes entre les populations riveraines doit \u00eatre trait\u00e9e avec prudence et responsabilit\u00e9.<\/p>\n<p>La paix comme imp\u00e9ratif politique et moral<\/p>\n<p>Nos deux pays ont d\u00e9j\u00e0 connu, dans leur histoire r\u00e9cente, les cons\u00e9quences d\u00e9vastatrices des conflits arm\u00e9s dans la r\u00e9gion du fleuve Mano. Les guerres civiles qui ont frapp\u00e9 l\u2019Afrique de l\u2019Ouest ont laiss\u00e9 des blessures profondes dans les soci\u00e9t\u00e9s, d\u00e9truit des \u00e9conomies et fragilis\u00e9 les institutions.<\/p>\n<p>Aujourd\u2019hui, les peuples de Guin\u00e9e et du Lib\u00e9ria aspirent \u00e0 autre chose : la stabilit\u00e9, la coop\u00e9ration et le d\u00e9veloppement.<\/p>\n<p>Il serait donc irresponsable de laisser na\u00eetre ou prosp\u00e9rer un climat de confrontation autour d\u2019un diff\u00e9rend frontalier qui peut, et doit, \u00eatre r\u00e9solu par des moyens pacifiques.<\/p>\n<p>Le dialogue et la diplomatie comme seules voies responsables<\/p>\n<p>Les diff\u00e9rends frontaliers ne sont pas rares entre \u00c9tats voisins. Mais dans le monde contemporain, ils se r\u00e8glent par la diplomatie, les m\u00e9canismes juridiques internationaux et les commissions techniques conjointes, et non par la confrontation.<\/p>\n<p>Dans cet esprit, il est souhaitable que :<\/p>\n<p>&#8211; les autorit\u00e9s guin\u00e9ennes et lib\u00e9riennes engagent rapidement des consultations diplomatiques directes ;<br \/>\n&#8211; une commission technique conjointe Guin\u00e9e\u2013Lib\u00e9ria soit mobilis\u00e9e pour examiner la situation sur le terrain ;<br \/>\n&#8211; les organisations r\u00e9gionales telles que la CEDEAO et l\u2019Union africaine puissent, si n\u00e9cessaire, accompagner les deux pays dans un processus de dialogue et de m\u00e9diation.<br \/>\nCes m\u00e9canismes existent pr\u00e9cis\u00e9ment pour \u00e9viter que des malentendus frontaliers ne d\u00e9g\u00e9n\u00e8rent en crises politiques ou militaires.<\/p>\n<p>Pr\u00e9server la fraternit\u00e9 entre les peuples<\/p>\n<p>Au-del\u00e0 des gouvernements, il est essentiel que les populations elles-m\u00eames refusent toute logique de confrontation. Les leaders communautaires, les jeunes, les organisations de la soci\u00e9t\u00e9 civile et les autorit\u00e9s locales doivent contribuer \u00e0 pr\u00e9server le climat de paix et de fraternit\u00e9 entre les communaut\u00e9s frontali\u00e8res.<\/p>\n<p>Les peuples de Guin\u00e9e et du Lib\u00e9ria ont beaucoup plus \u00e0 gagner dans la coop\u00e9ration que dans la rivalit\u00e9.<\/p>\n<p>Une responsabilit\u00e9 pour notre g\u00e9n\u00e9ration<\/p>\n<p>La g\u00e9n\u00e9ration actuelle de dirigeants et de citoyens a la responsabilit\u00e9 de consolider la paix dans notre r\u00e9gion. La stabilit\u00e9 de l\u2019Afrique de l\u2019Ouest est un bien pr\u00e9cieux, et elle ne doit jamais \u00eatre compromise par des tensions qui peuvent \u00eatre r\u00e9solues par la sagesse politique.<\/p>\n<p>Condamnons donc clairement toute tentation de confrontation et affirmons avec force que la paix, le dialogue et la diplomatie doivent toujours pr\u00e9valoir.<\/p>\n<p>La fronti\u00e8re entre la Guin\u00e9e et le Lib\u00e9ria ne doit pas \u00eatre un espace de tension, mais un espace de coop\u00e9ration, d\u2019\u00e9changes et de fraternit\u00e9 entre nos peuples.<\/p>\n<p>C\u2019est ainsi que nous pr\u00e9parerons un avenir plus stable et plus prosp\u00e8re pour nos deux nations et pour toute la r\u00e9gion.<\/p>\n<p>&nbsp;<\/p>\n<p><strong>Dr Faya Lansana MILLIMOUNO<\/strong><br \/>\n<strong>Leader politique guin\u00e9en<\/strong><br \/>\n<strong>Attach\u00e9 \u00e0 la paix, \u00e0 la d\u00e9mocratie et \u00e0 la coop\u00e9ration r\u00e9gionale<\/strong><\/p>\n","protected":false},"excerpt":{"rendered":"<p>&nbsp; Les informations faisant \u00e9tat de tensions dans la zone de Solumba, \u00e0 la fronti\u00e8re entre la R\u00e9publique de Guin\u00e9e et la R\u00e9publique s\u0153ur du Lib\u00e9ria, suscitent une vive inqui\u00e9tude. Les discours ou attitudes pouvant laisser penser \u00e0 une escalade vers un conflit frontalier doivent \u00eatre pris avec le plus grand s\u00e9rieux, car l\u2019histoire de [&hellip;]<\/p>\n","protected":false},"author":2,"featured_media":29608,"comment_status":"closed","ping_status":"closed","sticky":false,"template":"","format":"standard","meta":{"_jetpack_memberships_contains_paid_content":false,"footnotes":""},"categories":[5],"tags":[],"class_list":["post-29607","post","type-post","status-publish","format-standard","has-post-thumbnail","hentry","category-politique"],"jetpack_featured_media_url":"https:\/\/i0.wp.com\/liberationinfo.com\/wp-content\/uploads\/2026\/03\/1773668259508.jpg?fit=1068%2C857&ssl=1","jetpack-related-posts":[],"jetpack_sharing_enabled":true,"_links":{"self":[{"href":"https:\/\/liberationinfo.com\/index.php\/wp-json\/wp\/v2\/posts\/29607","targetHints":{"allow":["GET"]}}],"collection":[{"href":"https:\/\/liberationinfo.com\/index.php\/wp-json\/wp\/v2\/posts"}],"about":[{"href":"https:\/\/liberationinfo.com\/index.php\/wp-json\/wp\/v2\/types\/post"}],"author":[{"embeddable":true,"href":"https:\/\/liberationinfo.com\/index.php\/wp-json\/wp\/v2\/users\/2"}],"replies":[{"embeddable":true,"href":"https:\/\/liberationinfo.com\/index.php\/wp-json\/wp\/v2\/comments?post=29607"}],"version-history":[{"count":1,"href":"https:\/\/liberationinfo.com\/index.php\/wp-json\/wp\/v2\/posts\/29607\/revisions"}],"predecessor-version":[{"id":29609,"href":"https:\/\/liberationinfo.com\/index.php\/wp-json\/wp\/v2\/posts\/29607\/revisions\/29609"}],"wp:featuredmedia":[{"embeddable":true,"href":"https:\/\/liberationinfo.com\/index.php\/wp-json\/wp\/v2\/media\/29608"}],"wp:attachment":[{"href":"https:\/\/liberationinfo.com\/index.php\/wp-json\/wp\/v2\/media?parent=29607"}],"wp:term":[{"taxonomy":"category","embeddable":true,"href":"https:\/\/liberationinfo.com\/index.php\/wp-json\/wp\/v2\/categories?post=29607"},{"taxonomy":"post_tag","embeddable":true,"href":"https:\/\/liberationinfo.com\/index.php\/wp-json\/wp\/v2\/tags?post=29607"}],"curies":[{"name":"wp","href":"https:\/\/api.w.org\/{rel}","templated":true}]}}