{"id":29597,"date":"2026-03-15T14:32:54","date_gmt":"2026-03-15T14:32:54","guid":{"rendered":"https:\/\/liberationinfo.com\/?p=29597"},"modified":"2026-03-15T14:32:54","modified_gmt":"2026-03-15T14:32:54","slug":"verification-des-prix-et-de-la-qualite-fatima-camara-en-visite-au-marche-de-mamou","status":"publish","type":"post","link":"https:\/\/liberationinfo.com\/index.php\/verification-des-prix-et-de-la-qualite-fatima-camara-en-visite-au-marche-de-mamou\/","title":{"rendered":"V\u00e9rification des prix et de la qualit\u00e9:\u00a0 Fatima Camara en visite au march\u00e9 de Mamou"},"content":{"rendered":"<p>&nbsp;<\/p>\n<div dir=\"auto\">\n<div dir=\"auto\">\n<div dir=\"auto\">Dans le cadre de la campagne nationale de contr\u00f4le des prix, de la qualit\u00e9, des poids et mesures des denr\u00e9es de premi\u00e8re n\u00e9cessit\u00e9. La ministre du Commerce et de l&rsquo;industrie, Fatima Camara accompagn\u00e9e d\u2019une forte d\u00e9l\u00e9gation continue sa prise de contact avec les commer\u00e7ants de l&rsquo;interieur. Ce samedi 14\u00a0 mars 2026, Madame la Ministre \u00e9tait dans le grand march\u00e9 de Mamou pour s\u2019enqu\u00e9rir de l\u2019application des mesures gouvernementales visant \u00e0 prot\u00e9ger les consommateurs. Avant de rejoindre le principal centre de commerce de la ville, la ministre et sa d\u00e9l\u00e9gation ont rendu une visite de courtoisie aux sages de Mamou, dans une d\u00e9marche de respect des autorit\u00e9s morales locales.\u00c9changes avec des commer\u00e7ants et rappel des r\u00e8glesAu march\u00e9 central, la ministre a \u00e9chang\u00e9 avec les commer\u00e7ants afin d\u2019\u00e9couter leurs pr\u00e9occupations, tout en les invitant \u00e0 respecter le protocole d\u2019entente sur le plafonnement des prix des denr\u00e9es de premi\u00e8re n\u00e9cessit\u00e9. Cette initiative s\u2019inscrit dans la volont\u00e9 du gouvernement d\u2019assurer la stabilit\u00e9 des prix et de garantir la qualit\u00e9 des produits consomm\u00e9s par les populations.Des instruments de mesure parfois non conformesPr\u00e9sent sur le terrain, le Directeur g\u00e9n\u00e9ral de l\u2019Institut guin\u00e9en de normalisation et de la m\u00e9trologie, Sangar\u00e9 Dioum\u00e9, a soulign\u00e9 l\u2019importance du contr\u00f4le des instruments de mesure sur les march\u00e9s.<\/div>\n<p><a href=\"https:\/\/i0.wp.com\/liberationinfo.com\/wp-content\/uploads\/2026\/03\/IMG-20260315-WA0191.jpg\"><img data-recalc-dims=\"1\" loading=\"lazy\" decoding=\"async\" class=\"alignnone size-medium wp-image-29605\" src=\"https:\/\/i0.wp.com\/liberationinfo.com\/wp-content\/uploads\/2026\/03\/IMG-20260315-WA0191.jpg?resize=300%2C200\" alt=\"\" width=\"300\" height=\"200\" srcset=\"https:\/\/i0.wp.com\/liberationinfo.com\/wp-content\/uploads\/2026\/03\/IMG-20260315-WA0191.jpg?resize=300%2C200&amp;ssl=1 300w, https:\/\/i0.wp.com\/liberationinfo.com\/wp-content\/uploads\/2026\/03\/IMG-20260315-WA0191.jpg?resize=1024%2C682&amp;ssl=1 1024w, https:\/\/i0.wp.com\/liberationinfo.com\/wp-content\/uploads\/2026\/03\/IMG-20260315-WA0191.jpg?resize=768%2C511&amp;ssl=1 768w, https:\/\/i0.wp.com\/liberationinfo.com\/wp-content\/uploads\/2026\/03\/IMG-20260315-WA0191.jpg?resize=1536%2C1022&amp;ssl=1 1536w, https:\/\/i0.wp.com\/liberationinfo.com\/wp-content\/uploads\/2026\/03\/IMG-20260315-WA0191.jpg?resize=2048%2C1363&amp;ssl=1 2048w, https:\/\/i0.wp.com\/liberationinfo.com\/wp-content\/uploads\/2026\/03\/IMG-20260315-WA0191.jpg?resize=696%2C463&amp;ssl=1 696w, https:\/\/i0.wp.com\/liberationinfo.com\/wp-content\/uploads\/2026\/03\/IMG-20260315-WA0191.jpg?resize=1068%2C711&amp;ssl=1 1068w, https:\/\/i0.wp.com\/liberationinfo.com\/wp-content\/uploads\/2026\/03\/IMG-20260315-WA0191.jpg?resize=631%2C420&amp;ssl=1 631w, https:\/\/i0.wp.com\/liberationinfo.com\/wp-content\/uploads\/2026\/03\/IMG-20260315-WA0191.jpg?resize=1920%2C1278&amp;ssl=1 1920w, https:\/\/i0.wp.com\/liberationinfo.com\/wp-content\/uploads\/2026\/03\/IMG-20260315-WA0191.jpg?resize=750%2C499&amp;ssl=1 750w, https:\/\/i0.wp.com\/liberationinfo.com\/wp-content\/uploads\/2026\/03\/IMG-20260315-WA0191.jpg?resize=1140%2C759&amp;ssl=1 1140w, https:\/\/i0.wp.com\/liberationinfo.com\/wp-content\/uploads\/2026\/03\/IMG-20260315-WA0191.jpg?w=1392 1392w\" sizes=\"auto, (max-width: 300px) 100vw, 300px\" \/><\/a><\/p>\n<div dir=\"auto\"><\/div>\n<div dir=\"auto\">\u00abLa m\u00e9trologie est la science des mesures. Sur le terrain, nous avons trouv\u00e9 des instruments conformes, mais \u00e9galement d\u2019autres qui ne le sont pas. Il faudra donc prendre des dispositions pour v\u00e9rifier ces instruments non conformes afin de garantir la fiabilit\u00e9 des mesures sur le march\u00e9\u00bb, a-t-il expliqu\u00e9, saluant l\u2019implication personnelle de la ministre dans la r\u00e9ussite de cette mission.Qualit\u00e9 des produits: des progr\u00e8s mais des efforts \u00e0 poursuivreDe son c\u00f4t\u00e9, le Directeur g\u00e9n\u00e9ral de l\u2019Office national de contr\u00f4le de qualit\u00e9, Mohamed Kadiatou Sylla, s\u2019est f\u00e9licit\u00e9 de cette mission conjointe entre plusieurs directions techniques du minist\u00e8re.Selon lui, cette initiative \u2014 qui r\u00e9unit la Direction nationale du commerce int\u00e9rieur, l\u2019Institut guin\u00e9en de normalisation et l\u2019Office national de contr\u00f4le de qualit\u00e9 \u2014 constitue une premi\u00e8re et renforce l\u2019efficacit\u00e9 des contr\u00f4les.Sur le terrain, les constats restent globalement encourageants.\u00abLes op\u00e9rateurs \u00e9conomiques commencent \u00e0 prendre en compte la dimension qualit\u00e9 dans leurs activit\u00e9s.<\/div>\n<div dir=\"auto\"><a href=\"https:\/\/i0.wp.com\/liberationinfo.com\/wp-content\/uploads\/2026\/03\/IMG-20260315-WA0042.jpg\"><img data-recalc-dims=\"1\" loading=\"lazy\" decoding=\"async\" class=\"alignnone size-medium wp-image-29601\" src=\"https:\/\/i0.wp.com\/liberationinfo.com\/wp-content\/uploads\/2026\/03\/IMG-20260315-WA0042.jpg?resize=300%2C199\" alt=\"\" width=\"300\" height=\"199\" srcset=\"https:\/\/i0.wp.com\/liberationinfo.com\/wp-content\/uploads\/2026\/03\/IMG-20260315-WA0042.jpg?resize=300%2C199&amp;ssl=1 300w, https:\/\/i0.wp.com\/liberationinfo.com\/wp-content\/uploads\/2026\/03\/IMG-20260315-WA0042.jpg?resize=1024%2C681&amp;ssl=1 1024w, https:\/\/i0.wp.com\/liberationinfo.com\/wp-content\/uploads\/2026\/03\/IMG-20260315-WA0042.jpg?resize=768%2C511&amp;ssl=1 768w, https:\/\/i0.wp.com\/liberationinfo.com\/wp-content\/uploads\/2026\/03\/IMG-20260315-WA0042.jpg?resize=696%2C463&amp;ssl=1 696w, https:\/\/i0.wp.com\/liberationinfo.com\/wp-content\/uploads\/2026\/03\/IMG-20260315-WA0042.jpg?resize=1068%2C710&amp;ssl=1 1068w, https:\/\/i0.wp.com\/liberationinfo.com\/wp-content\/uploads\/2026\/03\/IMG-20260315-WA0042.jpg?resize=632%2C420&amp;ssl=1 632w, https:\/\/i0.wp.com\/liberationinfo.com\/wp-content\/uploads\/2026\/03\/IMG-20260315-WA0042.jpg?resize=750%2C499&amp;ssl=1 750w, https:\/\/i0.wp.com\/liberationinfo.com\/wp-content\/uploads\/2026\/03\/IMG-20260315-WA0042.jpg?w=1080&amp;ssl=1 1080w\" sizes=\"auto, (max-width: 300px) 100vw, 300px\" \/><\/a><\/div>\n<div dir=\"auto\"><\/div>\n<div dir=\"auto\">Cependant, nous avons formul\u00e9 des recommandations concernant les conditions de stockage, l\u2019a\u00e9ration des magasins, l\u2019hygi\u00e8ne et le respect des dates de production et d\u2019exploitation\u00bb, a-t-il indiqu\u00e9.Il a \u00e9galement annonc\u00e9 la mise en place d\u2019\u00e9quipes d\u2019inspecteurs charg\u00e9es de sillonner les march\u00e9s de Mamou, Kindia et d\u2019autres zones commerciales afin de v\u00e9rifier l\u2019application des recommandations. Des sanctions pourraient \u00eatre prises en cas de non-respect des r\u00e8gles, dans le but de prot\u00e9ger les consommateurs.Des prix globalement respect\u00e9s.<\/div>\n<div dir=\"auto\"><a href=\"https:\/\/i0.wp.com\/liberationinfo.com\/wp-content\/uploads\/2026\/03\/IMG-20260315-WA0075.jpg\"><img data-recalc-dims=\"1\" loading=\"lazy\" decoding=\"async\" class=\"alignnone size-medium wp-image-29602\" src=\"https:\/\/i0.wp.com\/liberationinfo.com\/wp-content\/uploads\/2026\/03\/IMG-20260315-WA0075.jpg?resize=300%2C199\" alt=\"\" width=\"300\" height=\"199\" srcset=\"https:\/\/i0.wp.com\/liberationinfo.com\/wp-content\/uploads\/2026\/03\/IMG-20260315-WA0075.jpg?resize=300%2C199&amp;ssl=1 300w, https:\/\/i0.wp.com\/liberationinfo.com\/wp-content\/uploads\/2026\/03\/IMG-20260315-WA0075.jpg?resize=1024%2C681&amp;ssl=1 1024w, https:\/\/i0.wp.com\/liberationinfo.com\/wp-content\/uploads\/2026\/03\/IMG-20260315-WA0075.jpg?resize=768%2C511&amp;ssl=1 768w, https:\/\/i0.wp.com\/liberationinfo.com\/wp-content\/uploads\/2026\/03\/IMG-20260315-WA0075.jpg?resize=696%2C463&amp;ssl=1 696w, https:\/\/i0.wp.com\/liberationinfo.com\/wp-content\/uploads\/2026\/03\/IMG-20260315-WA0075.jpg?resize=1068%2C710&amp;ssl=1 1068w, https:\/\/i0.wp.com\/liberationinfo.com\/wp-content\/uploads\/2026\/03\/IMG-20260315-WA0075.jpg?resize=632%2C420&amp;ssl=1 632w, https:\/\/i0.wp.com\/liberationinfo.com\/wp-content\/uploads\/2026\/03\/IMG-20260315-WA0075.jpg?resize=750%2C499&amp;ssl=1 750w, https:\/\/i0.wp.com\/liberationinfo.com\/wp-content\/uploads\/2026\/03\/IMG-20260315-WA0075.jpg?w=1080&amp;ssl=1 1080w\" sizes=\"auto, (max-width: 300px) 100vw, 300px\" \/><\/a><\/div>\n<div dir=\"auto\"><\/div>\n<div dir=\"auto\">Pour Mohamed Traor\u00e9, Directeur national du commerce int\u00e9rieur et de la concurrence, cette mission s\u2019inscrit dans la continuit\u00e9 de la campagne nationale lanc\u00e9e r\u00e9cemment sur l\u2019ensemble du territoire.Apr\u00e8s Conakry et Kindia, l\u2019\u00e9tape de Mamou visait \u00e0 \u00e9tendre l\u2019op\u00e9ration \u00e0 l\u2019int\u00e9rieur du pays.\u00abGlobalement, les prix contenus dans le protocole sign\u00e9 avec la Chambre de commerce et la Direction g\u00e9n\u00e9rale des douanes sont respect\u00e9s. \u00c0 Mamou, ils sont m\u00eame largement en dessous des prix plafonds \u00bb, a-t-il affirm\u00e9.Il a rappel\u00e9 que cette d\u00e9marche r\u00e9pond \u00e0 la volont\u00e9 du pr\u00e9sident de la R\u00e9publique, Mamadi Doumbouya, de pr\u00e9server le pouvoir d\u2019achat des citoyens et d\u2019assurer la stabilit\u00e9 du march\u00e9.Une campagne appel\u00e9e \u00e0 se poursuivre.<\/div>\n<div dir=\"auto\"><a href=\"https:\/\/i0.wp.com\/liberationinfo.com\/wp-content\/uploads\/2026\/03\/IMG-20260315-WA0064.jpg\"><img data-recalc-dims=\"1\" loading=\"lazy\" decoding=\"async\" class=\"alignnone size-medium wp-image-29603\" src=\"https:\/\/i0.wp.com\/liberationinfo.com\/wp-content\/uploads\/2026\/03\/IMG-20260315-WA0064.jpg?resize=300%2C199\" alt=\"\" width=\"300\" height=\"199\" srcset=\"https:\/\/i0.wp.com\/liberationinfo.com\/wp-content\/uploads\/2026\/03\/IMG-20260315-WA0064.jpg?resize=300%2C199&amp;ssl=1 300w, https:\/\/i0.wp.com\/liberationinfo.com\/wp-content\/uploads\/2026\/03\/IMG-20260315-WA0064.jpg?resize=1024%2C681&amp;ssl=1 1024w, https:\/\/i0.wp.com\/liberationinfo.com\/wp-content\/uploads\/2026\/03\/IMG-20260315-WA0064.jpg?resize=768%2C511&amp;ssl=1 768w, https:\/\/i0.wp.com\/liberationinfo.com\/wp-content\/uploads\/2026\/03\/IMG-20260315-WA0064.jpg?resize=696%2C463&amp;ssl=1 696w, https:\/\/i0.wp.com\/liberationinfo.com\/wp-content\/uploads\/2026\/03\/IMG-20260315-WA0064.jpg?resize=1068%2C710&amp;ssl=1 1068w, https:\/\/i0.wp.com\/liberationinfo.com\/wp-content\/uploads\/2026\/03\/IMG-20260315-WA0064.jpg?resize=632%2C420&amp;ssl=1 632w, https:\/\/i0.wp.com\/liberationinfo.com\/wp-content\/uploads\/2026\/03\/IMG-20260315-WA0064.jpg?resize=750%2C499&amp;ssl=1 750w, https:\/\/i0.wp.com\/liberationinfo.com\/wp-content\/uploads\/2026\/03\/IMG-20260315-WA0064.jpg?w=1080&amp;ssl=1 1080w\" sizes=\"auto, (max-width: 300px) 100vw, 300px\" \/><\/a><\/div>\n<div dir=\"auto\"><\/div>\n<div dir=\"auto\">Prenant la parole, la ministre Fatima Camara a rassur\u00e9 les populations quant \u00e0 la poursuite de cette campagne.Initialement pr\u00e9vue pour une dur\u00e9e de trois mois, l\u2019op\u00e9ration pourrait \u00eatre prolong\u00e9e et \u00e9largie \u00e0 d\u2019autres secteurs, notamment celui de la viande, en collaboration avec le minist\u00e8re de l\u2019\u00c9levage.<\/div>\n<div dir=\"auto\"><\/div>\n<div dir=\"auto\"><a href=\"https:\/\/i0.wp.com\/liberationinfo.com\/wp-content\/uploads\/2026\/03\/IMG-20260315-WA0203.jpg\"><img data-recalc-dims=\"1\" loading=\"lazy\" decoding=\"async\" class=\"alignnone size-medium wp-image-29604\" src=\"https:\/\/i0.wp.com\/liberationinfo.com\/wp-content\/uploads\/2026\/03\/IMG-20260315-WA0203.jpg?resize=300%2C200\" alt=\"\" width=\"300\" height=\"200\" srcset=\"https:\/\/i0.wp.com\/liberationinfo.com\/wp-content\/uploads\/2026\/03\/IMG-20260315-WA0203.jpg?resize=300%2C200&amp;ssl=1 300w, https:\/\/i0.wp.com\/liberationinfo.com\/wp-content\/uploads\/2026\/03\/IMG-20260315-WA0203.jpg?resize=1024%2C682&amp;ssl=1 1024w, https:\/\/i0.wp.com\/liberationinfo.com\/wp-content\/uploads\/2026\/03\/IMG-20260315-WA0203.jpg?resize=768%2C511&amp;ssl=1 768w, https:\/\/i0.wp.com\/liberationinfo.com\/wp-content\/uploads\/2026\/03\/IMG-20260315-WA0203.jpg?resize=1536%2C1022&amp;ssl=1 1536w, https:\/\/i0.wp.com\/liberationinfo.com\/wp-content\/uploads\/2026\/03\/IMG-20260315-WA0203.jpg?resize=2048%2C1363&amp;ssl=1 2048w, https:\/\/i0.wp.com\/liberationinfo.com\/wp-content\/uploads\/2026\/03\/IMG-20260315-WA0203.jpg?resize=696%2C463&amp;ssl=1 696w, https:\/\/i0.wp.com\/liberationinfo.com\/wp-content\/uploads\/2026\/03\/IMG-20260315-WA0203.jpg?resize=1068%2C711&amp;ssl=1 1068w, https:\/\/i0.wp.com\/liberationinfo.com\/wp-content\/uploads\/2026\/03\/IMG-20260315-WA0203.jpg?resize=631%2C420&amp;ssl=1 631w, https:\/\/i0.wp.com\/liberationinfo.com\/wp-content\/uploads\/2026\/03\/IMG-20260315-WA0203.jpg?resize=1920%2C1278&amp;ssl=1 1920w, https:\/\/i0.wp.com\/liberationinfo.com\/wp-content\/uploads\/2026\/03\/IMG-20260315-WA0203.jpg?resize=750%2C499&amp;ssl=1 750w, https:\/\/i0.wp.com\/liberationinfo.com\/wp-content\/uploads\/2026\/03\/IMG-20260315-WA0203.jpg?resize=1140%2C759&amp;ssl=1 1140w, https:\/\/i0.wp.com\/liberationinfo.com\/wp-content\/uploads\/2026\/03\/IMG-20260315-WA0203.jpg?w=1392 1392w\" sizes=\"auto, (max-width: 300px) 100vw, 300px\" \/><\/a><\/div>\n<div dir=\"auto\">\u00abLe gouvernement, \u00e0 travers le minist\u00e8re de l\u2019Industrie et du Commerce, restera mobilis\u00e9 pour soulager la population guin\u00e9enne et garantir des prix justes ainsi que des produits de qualit\u00e9\u00bb, a-t-elle d\u00e9clar\u00e9.La ministre a \u00e9galement soulign\u00e9 que la situation des prix \u00e0 Mamou diff\u00e8re de celle observ\u00e9e \u00e0 Kindia, notamment en raison de la forte concurrence li\u00e9e \u00e0 la pr\u00e9sence de plusieurs fronti\u00e8res commerciales dans la r\u00e9gion.Elle a toutefois appel\u00e9 les grossistes \u00e0 respecter strictement les marges fix\u00e9es et les prix plafonds, rappelant que les contr\u00f4les ne se limitent pas \u00e0 une simple observation visuelle, mais s\u2019appuient \u00e9galement sur la v\u00e9rification des carnets de vente et des prix unitaires.\u00c0 travers cette tourn\u00e9e nationale, le minist\u00e8re de l\u2019Industrie et du Commerce entend renforcer la r\u00e9gulation des march\u00e9s et garantir aux consommateurs guin\u00e9ens des denr\u00e9es de qualit\u00e9 \u00e0 des prix.<\/div>\n<div dir=\"auto\"><\/div>\n<div dir=\"auto\"><\/div>\n<div dir=\"auto\"><strong>Liberationinfo.com\u00a0<\/strong><\/div>\n<\/div>\n<\/div>\n","protected":false},"excerpt":{"rendered":"<p>&nbsp; Dans le cadre de la campagne nationale de contr\u00f4le des prix, de la qualit\u00e9, des poids et mesures des denr\u00e9es de premi\u00e8re n\u00e9cessit\u00e9. La ministre du Commerce et de l&rsquo;industrie, Fatima Camara accompagn\u00e9e d\u2019une forte d\u00e9l\u00e9gation continue sa prise de contact avec les commer\u00e7ants de l&rsquo;interieur. Ce samedi 14\u00a0 mars 2026, Madame la Ministre [&hellip;]<\/p>\n","protected":false},"author":2,"featured_media":29599,"comment_status":"closed","ping_status":"closed","sticky":false,"template":"","format":"standard","meta":{"_jetpack_memberships_contains_paid_content":false,"footnotes":""},"categories":[4,6],"tags":[],"class_list":["post-29597","post","type-post","status-publish","format-standard","has-post-thumbnail","hentry","category-actu","category-societe"],"jetpack_featured_media_url":"https:\/\/i0.wp.com\/liberationinfo.com\/wp-content\/uploads\/2026\/03\/IMG-20260315-WA0175.jpg?fit=2560%2C1704&ssl=1","jetpack-related-posts":[],"jetpack_sharing_enabled":true,"_links":{"self":[{"href":"https:\/\/liberationinfo.com\/index.php\/wp-json\/wp\/v2\/posts\/29597","targetHints":{"allow":["GET"]}}],"collection":[{"href":"https:\/\/liberationinfo.com\/index.php\/wp-json\/wp\/v2\/posts"}],"about":[{"href":"https:\/\/liberationinfo.com\/index.php\/wp-json\/wp\/v2\/types\/post"}],"author":[{"embeddable":true,"href":"https:\/\/liberationinfo.com\/index.php\/wp-json\/wp\/v2\/users\/2"}],"replies":[{"embeddable":true,"href":"https:\/\/liberationinfo.com\/index.php\/wp-json\/wp\/v2\/comments?post=29597"}],"version-history":[{"count":1,"href":"https:\/\/liberationinfo.com\/index.php\/wp-json\/wp\/v2\/posts\/29597\/revisions"}],"predecessor-version":[{"id":29606,"href":"https:\/\/liberationinfo.com\/index.php\/wp-json\/wp\/v2\/posts\/29597\/revisions\/29606"}],"wp:featuredmedia":[{"embeddable":true,"href":"https:\/\/liberationinfo.com\/index.php\/wp-json\/wp\/v2\/media\/29599"}],"wp:attachment":[{"href":"https:\/\/liberationinfo.com\/index.php\/wp-json\/wp\/v2\/media?parent=29597"}],"wp:term":[{"taxonomy":"category","embeddable":true,"href":"https:\/\/liberationinfo.com\/index.php\/wp-json\/wp\/v2\/categories?post=29597"},{"taxonomy":"post_tag","embeddable":true,"href":"https:\/\/liberationinfo.com\/index.php\/wp-json\/wp\/v2\/tags?post=29597"}],"curies":[{"name":"wp","href":"https:\/\/api.w.org\/{rel}","templated":true}]}}