{"id":29583,"date":"2026-03-14T13:13:45","date_gmt":"2026-03-14T13:13:45","guid":{"rendered":"https:\/\/liberationinfo.com\/?p=29583"},"modified":"2026-03-14T13:15:41","modified_gmt":"2026-03-14T13:15:41","slug":"mairie-de-lambanyi-mohamed-camara-annonce-officiellement-sa-candidature-devant-une-foule-massive","status":"publish","type":"post","link":"https:\/\/liberationinfo.com\/index.php\/mairie-de-lambanyi-mohamed-camara-annonce-officiellement-sa-candidature-devant-une-foule-massive\/","title":{"rendered":"Mairie de Lambanyi: Mohamed Camara, annonce officiellement sa candidature devant une foule massive\u00a0"},"content":{"rendered":"<div dir=\"auto\"><\/div>\n<div dir=\"auto\"><\/div>\n<div dir=\"auto\">Conakry, \u00e0 la maison des jeunes de Lambanyi, le candidat \u00e0 la mairie, Mohamed Camara accompagn\u00e9 d&rsquo;une forte d\u00e9l\u00e9gation, a rencontr\u00e9 les populations de la commune pour pr\u00e9senter son programme et \u00e9couter leurs pr\u00e9occupations. La rencontre a rassembl\u00e9 des repr\u00e9sentants de tous les quartiers de la commune, ainsi que des leaders communautaires et des associations.<\/div>\n<div dir=\"auto\"><\/div>\n<div dir=\"auto\">Mohamed Camara a commenc\u00e9 par pr\u00e9senter son programme, ax\u00e9 sur la promotion de la solidarit\u00e9, la cr\u00e9ation d&#8217;emplois pour les jeunes et l&rsquo;am\u00e9lioration des services publics. Il a \u00e9galement soulign\u00e9 l&rsquo;importance de la participation citoyenne et de la collaboration entre les habitants et les autorit\u00e9s communales pour le d\u00e9veloppement de la commune.<\/div>\n<div dir=\"auto\"><a href=\"https:\/\/i0.wp.com\/liberationinfo.com\/wp-content\/uploads\/2026\/03\/IMG-20260314-WA0020.jpg\"><img data-recalc-dims=\"1\" loading=\"lazy\" decoding=\"async\" class=\"alignnone size-medium wp-image-29584\" src=\"https:\/\/i0.wp.com\/liberationinfo.com\/wp-content\/uploads\/2026\/03\/IMG-20260314-WA0020.jpg?resize=300%2C169\" alt=\"\" width=\"300\" height=\"169\" srcset=\"https:\/\/i0.wp.com\/liberationinfo.com\/wp-content\/uploads\/2026\/03\/IMG-20260314-WA0020.jpg?resize=300%2C169&amp;ssl=1 300w, https:\/\/i0.wp.com\/liberationinfo.com\/wp-content\/uploads\/2026\/03\/IMG-20260314-WA0020.jpg?resize=1024%2C576&amp;ssl=1 1024w, https:\/\/i0.wp.com\/liberationinfo.com\/wp-content\/uploads\/2026\/03\/IMG-20260314-WA0020.jpg?resize=768%2C432&amp;ssl=1 768w, https:\/\/i0.wp.com\/liberationinfo.com\/wp-content\/uploads\/2026\/03\/IMG-20260314-WA0020.jpg?resize=696%2C392&amp;ssl=1 696w, https:\/\/i0.wp.com\/liberationinfo.com\/wp-content\/uploads\/2026\/03\/IMG-20260314-WA0020.jpg?resize=1068%2C601&amp;ssl=1 1068w, https:\/\/i0.wp.com\/liberationinfo.com\/wp-content\/uploads\/2026\/03\/IMG-20260314-WA0020.jpg?resize=747%2C420&amp;ssl=1 747w, https:\/\/i0.wp.com\/liberationinfo.com\/wp-content\/uploads\/2026\/03\/IMG-20260314-WA0020.jpg?resize=750%2C422&amp;ssl=1 750w, https:\/\/i0.wp.com\/liberationinfo.com\/wp-content\/uploads\/2026\/03\/IMG-20260314-WA0020.jpg?resize=1140%2C641&amp;ssl=1 1140w, https:\/\/i0.wp.com\/liberationinfo.com\/wp-content\/uploads\/2026\/03\/IMG-20260314-WA0020.jpg?w=1280&amp;ssl=1 1280w\" sizes=\"auto, (max-width: 300px) 100vw, 300px\" \/><\/a><\/div>\n<div dir=\"auto\"><\/div>\n<div dir=\"auto\"><i><b>\u00ab\u00a0C&rsquo;est avec beaucoup d&rsquo;\u00e9motion, d&rsquo;humilit\u00e9 et de responsabilit\u00e9 que je me tiens aujourd&rsquo;hui devant vous pour annoncer officiellement ma candidature \u00e0 l&rsquo;\u00e9lection communale de la Commune Urbaine de Lambanyi\u00a0\u00bb,\u00a0<\/b>a-t-il commenc\u00e9. Avant de dire Pourquoi il a d\u00e9cid\u00e9 de se porter candidat \u00e0 la mairie de Lambanyi.\u00a0<\/i><\/div>\n<div dir=\"auto\"><\/div>\n<div dir=\"auto\">\n<div dir=\"auto\"><i><b>Pourquoi ma candidature ?<\/b><\/i><\/div>\n<div dir=\"auto\"><\/div>\n<div dir=\"auto\"><i>\u00ab\u00a0<b>Si j&rsquo;ai d\u00e9cid\u00e9 de me pr\u00e9senter aujourd&rsquo;hui, ce n&rsquo;est pas par ambition personnelle, mais par engagement citoyen et par amour pour notre commune.<\/b><\/i><b><i>Lambanyi est une commune pleine de potentialit\u00e9s. Nous avons une jeunesse dynamique, des femmes courageuses, des leaders communautaires engag\u00e9s et une population qui aspire l\u00e9gitimement \u00e0 un meilleur cadre de vie. Mais malgr\u00e9 ces atouts, nous faisons face \u00e0 plusieurs insuffisances qui freinent notre d\u00e9veloppement local.<\/i><i>Dans plusieurs quartiers de notre commune, les infrastructures sanitaires restent insuffisantes. De nombreuses familles doivent parcourir de longues distances pour acc\u00e9der \u00e0 des soins de qualit\u00e9. La sant\u00e9 de nos enfants, de nos femmes et de nos personnes \u00e2g\u00e9es m\u00e9rite une attention particuli\u00e8re.<\/i><\/b><i><b>Nous constatons \u00e9galement des insuffisances d&rsquo;infrastructures scolaires publiques. Certaines \u00e9coles manquent de salles de classe adapt\u00e9es, d&rsquo;\u00e9quipements p\u00e9dagogiques et d&rsquo;un environnement propice \u00e0 l&rsquo;apprentissage. Pourtant, l&rsquo;\u00e9ducation est la base du d\u00e9veloppement de toute communaut\u00e9<\/b>\u00ab\u00a0, a-t-il fait savoir.\u00a0<\/i><\/div>\n<div dir=\"auto\"><a href=\"https:\/\/i0.wp.com\/liberationinfo.com\/wp-content\/uploads\/2026\/03\/IMG-20260314-WA0028.jpg\"><img data-recalc-dims=\"1\" loading=\"lazy\" decoding=\"async\" class=\"alignnone size-medium wp-image-29585\" src=\"https:\/\/i0.wp.com\/liberationinfo.com\/wp-content\/uploads\/2026\/03\/IMG-20260314-WA0028.jpg?resize=300%2C169\" alt=\"\" width=\"300\" height=\"169\" srcset=\"https:\/\/i0.wp.com\/liberationinfo.com\/wp-content\/uploads\/2026\/03\/IMG-20260314-WA0028.jpg?resize=300%2C169&amp;ssl=1 300w, https:\/\/i0.wp.com\/liberationinfo.com\/wp-content\/uploads\/2026\/03\/IMG-20260314-WA0028.jpg?resize=1024%2C576&amp;ssl=1 1024w, https:\/\/i0.wp.com\/liberationinfo.com\/wp-content\/uploads\/2026\/03\/IMG-20260314-WA0028.jpg?resize=768%2C432&amp;ssl=1 768w, https:\/\/i0.wp.com\/liberationinfo.com\/wp-content\/uploads\/2026\/03\/IMG-20260314-WA0028.jpg?resize=696%2C392&amp;ssl=1 696w, https:\/\/i0.wp.com\/liberationinfo.com\/wp-content\/uploads\/2026\/03\/IMG-20260314-WA0028.jpg?resize=1068%2C601&amp;ssl=1 1068w, https:\/\/i0.wp.com\/liberationinfo.com\/wp-content\/uploads\/2026\/03\/IMG-20260314-WA0028.jpg?resize=747%2C420&amp;ssl=1 747w, https:\/\/i0.wp.com\/liberationinfo.com\/wp-content\/uploads\/2026\/03\/IMG-20260314-WA0028.jpg?resize=750%2C422&amp;ssl=1 750w, https:\/\/i0.wp.com\/liberationinfo.com\/wp-content\/uploads\/2026\/03\/IMG-20260314-WA0028.jpg?resize=1140%2C641&amp;ssl=1 1140w, https:\/\/i0.wp.com\/liberationinfo.com\/wp-content\/uploads\/2026\/03\/IMG-20260314-WA0028.jpg?w=1280&amp;ssl=1 1280w\" sizes=\"auto, (max-width: 300px) 100vw, 300px\" \/><\/a><\/div>\n<div dir=\"auto\"><i>\u00a0<\/i><\/div>\n<div dir=\"auto\">Mohamed Camara devant une forte mobilisation des populations de Lambanyi a d\u00e9clar\u00e9 le choix de Lambanyi pour tenir son premier meeting<\/div>\n<\/div>\n<div dir=\"auto\"><i>\u00a0<\/i><\/div>\n<div dir=\"auto\">\n<div dir=\"auto\"><b><i>Pourquoi le premier meeting dans le quartier Lambanyi ?<\/i><\/b><\/div>\n<div dir=\"auto\"><i>\u00a0<\/i><\/div>\n<div dir=\"auto\"><i>\u00ab\u00a0<b>Le choix d&rsquo;organiser ce premier meeting ici, dans le quartier Lambanyi, n&rsquo;est pas un hasard.Ce quartier est un symbole de l&rsquo;histoire, de l&rsquo;identit\u00e9 et de la vitalit\u00e9 de notre commune. C&rsquo;est ici que bat le c\u0153ur de Lambanyi. C&rsquo;est un lieu o\u00f9 les g\u00e9n\u00e9rations se rencontrent, o\u00f9 les initiatives communautaires naissent et o\u00f9 l&rsquo;esprit de solidarit\u00e9 reste vivant. Commencer ici signifie que notre campagne sera proche du peuple, proche des r\u00e9alit\u00e9s quotidiennes et proche des pr\u00e9occupations des citoyens.<\/b><\/i><\/div>\n<div dir=\"auto\"><i><b>Je veux une campagne d&rsquo;\u00e9coute, de dialogue et de participation, o\u00f9 chaque habitant, chaque quartier et chaque communaut\u00e9 aura sa voix<\/b>\u00ab\u00a0.,\u00a0<\/i><b>a-t-il promis Mr Camara\u00a0<\/b><\/div>\n<div dir=\"auto\"><a href=\"https:\/\/i0.wp.com\/liberationinfo.com\/wp-content\/uploads\/2026\/03\/IMG-20260314-WA0032.jpg\"><img data-recalc-dims=\"1\" loading=\"lazy\" decoding=\"async\" class=\"alignnone size-medium wp-image-29586\" src=\"https:\/\/i0.wp.com\/liberationinfo.com\/wp-content\/uploads\/2026\/03\/IMG-20260314-WA0032.jpg?resize=300%2C169\" alt=\"\" width=\"300\" height=\"169\" srcset=\"https:\/\/i0.wp.com\/liberationinfo.com\/wp-content\/uploads\/2026\/03\/IMG-20260314-WA0032.jpg?resize=300%2C169&amp;ssl=1 300w, https:\/\/i0.wp.com\/liberationinfo.com\/wp-content\/uploads\/2026\/03\/IMG-20260314-WA0032.jpg?resize=1024%2C576&amp;ssl=1 1024w, https:\/\/i0.wp.com\/liberationinfo.com\/wp-content\/uploads\/2026\/03\/IMG-20260314-WA0032.jpg?resize=768%2C432&amp;ssl=1 768w, https:\/\/i0.wp.com\/liberationinfo.com\/wp-content\/uploads\/2026\/03\/IMG-20260314-WA0032.jpg?resize=696%2C392&amp;ssl=1 696w, https:\/\/i0.wp.com\/liberationinfo.com\/wp-content\/uploads\/2026\/03\/IMG-20260314-WA0032.jpg?resize=1068%2C601&amp;ssl=1 1068w, https:\/\/i0.wp.com\/liberationinfo.com\/wp-content\/uploads\/2026\/03\/IMG-20260314-WA0032.jpg?resize=747%2C420&amp;ssl=1 747w, https:\/\/i0.wp.com\/liberationinfo.com\/wp-content\/uploads\/2026\/03\/IMG-20260314-WA0032.jpg?resize=750%2C422&amp;ssl=1 750w, https:\/\/i0.wp.com\/liberationinfo.com\/wp-content\/uploads\/2026\/03\/IMG-20260314-WA0032.jpg?resize=1140%2C641&amp;ssl=1 1140w, https:\/\/i0.wp.com\/liberationinfo.com\/wp-content\/uploads\/2026\/03\/IMG-20260314-WA0032.jpg?w=1280&amp;ssl=1 1280w\" sizes=\"auto, (max-width: 300px) 100vw, 300px\" \/><\/a><\/div>\n<div dir=\"auto\"><\/div>\n<\/div>\n<div dir=\"auto\">Pour terminer, il est largement revenu sur sa vision pour la commune de Lambanyi pour les prochaines ann\u00e9es<\/div>\n<div dir=\"auto\"><i>\u00a0<\/i><\/div>\n<div dir=\"auto\">\n<div dir=\"auto\"><b>Ma vision pour Lambanyi<\/b><\/div>\n<div dir=\"auto\"><i>\u00a0<\/i><\/div>\n<div dir=\"auto\"><i>\u00ab\u00a0<b>Ma vision est claire et ambitieuse: Faire de la Commune de Lambanyi une commune o\u00f9 chaque quartier devient un mod\u00e8le de d\u00e9veloppement participatif, \u00e9quitable et durable.Une commune o\u00f9 les citoyens participent activement aux d\u00e9cisions locales; Une commune o\u00f9 les ressources sont r\u00e9parties de mani\u00e8re \u00e9quitable entre les quartiers; Une commune o\u00f9 le d\u00e9veloppement se construit avec la population et pour la population: Une commune qui investit dans l&rsquo;\u00e9ducation, la sant\u00e9, l&rsquo;assainissement, la jeunesse et l&#8217;emploi local. Je crois fermement qu&rsquo;avec la participation de tous, nous pouvons construire une commune plus organis\u00e9e, plus solidaire et plus prosp\u00e8re. Le d\u00e9veloppement de notre commune ne peut pas \u00eatre l&rsquo;\u0153uvre d&rsquo;une seule personne. Il doit \u00eatre un projet collectif, port\u00e9 par toutes les forces vives de la commune : les jeunes, les femmes, les leaders communautaires, les acteurs \u00e9conomiques et les associations. Je vous invite donc \u00e0 marcher avec moi dans cette dynamique de changement et de progr\u00e8s. Ensemble, faisons de Lambanyi une commune exemplaire, une commune de progr\u00e8s et une commune d&rsquo;avenir.\u00a0\u00bb,<\/b><\/i>\u00a0a-t-il dit<\/div>\n<\/div>\n<div dir=\"auto\"><i>\u00a0<\/i><\/div>\n<div dir=\"auto\">\n<div dir=\"auto\"><b>Les populations s\u2019engagent \u00e0 soutenir la candidature de Mohamed Camara.\u00a0<\/b><\/div>\n<div dir=\"auto\"><a href=\"https:\/\/i0.wp.com\/liberationinfo.com\/wp-content\/uploads\/2026\/03\/IMG-20260314-WA0026.jpg\"><img data-recalc-dims=\"1\" loading=\"lazy\" decoding=\"async\" class=\"alignnone size-medium wp-image-29587\" src=\"https:\/\/i0.wp.com\/liberationinfo.com\/wp-content\/uploads\/2026\/03\/IMG-20260314-WA0026.jpg?resize=300%2C169\" alt=\"\" width=\"300\" height=\"169\" srcset=\"https:\/\/i0.wp.com\/liberationinfo.com\/wp-content\/uploads\/2026\/03\/IMG-20260314-WA0026.jpg?resize=300%2C169&amp;ssl=1 300w, https:\/\/i0.wp.com\/liberationinfo.com\/wp-content\/uploads\/2026\/03\/IMG-20260314-WA0026.jpg?resize=1024%2C576&amp;ssl=1 1024w, https:\/\/i0.wp.com\/liberationinfo.com\/wp-content\/uploads\/2026\/03\/IMG-20260314-WA0026.jpg?resize=768%2C432&amp;ssl=1 768w, https:\/\/i0.wp.com\/liberationinfo.com\/wp-content\/uploads\/2026\/03\/IMG-20260314-WA0026.jpg?resize=696%2C392&amp;ssl=1 696w, https:\/\/i0.wp.com\/liberationinfo.com\/wp-content\/uploads\/2026\/03\/IMG-20260314-WA0026.jpg?resize=1068%2C601&amp;ssl=1 1068w, https:\/\/i0.wp.com\/liberationinfo.com\/wp-content\/uploads\/2026\/03\/IMG-20260314-WA0026.jpg?resize=747%2C420&amp;ssl=1 747w, https:\/\/i0.wp.com\/liberationinfo.com\/wp-content\/uploads\/2026\/03\/IMG-20260314-WA0026.jpg?resize=750%2C422&amp;ssl=1 750w, https:\/\/i0.wp.com\/liberationinfo.com\/wp-content\/uploads\/2026\/03\/IMG-20260314-WA0026.jpg?resize=1140%2C641&amp;ssl=1 1140w, https:\/\/i0.wp.com\/liberationinfo.com\/wp-content\/uploads\/2026\/03\/IMG-20260314-WA0026.jpg?w=1280&amp;ssl=1 1280w\" sizes=\"auto, (max-width: 300px) 100vw, 300px\" \/><\/a><\/div>\n<div dir=\"auto\"><b>\u00a0<\/b><\/div>\n<div dir=\"auto\">Les populations ont exprim\u00e9 leurs pr\u00e9occupations et leurs attentes, notamment en mati\u00e8re de s\u00e9curit\u00e9, d&rsquo;acc\u00e8s \u00e0 l&rsquo;eau potable, \u00e0 l&rsquo;\u00e9lectricit\u00e9, ainsi que de cr\u00e9ation d&rsquo;infrastructures scolaires et sanitaires. Mohamed Camara a \u00e9cout\u00e9 attentivement et a promis de prendre en compte leurs pr\u00e9occupations dans son programme.<\/div>\n<div dir=\"auto\"><a href=\"https:\/\/i0.wp.com\/liberationinfo.com\/wp-content\/uploads\/2026\/03\/IMG-20260314-WA0018.jpg\"><img data-recalc-dims=\"1\" loading=\"lazy\" decoding=\"async\" class=\"alignnone size-medium wp-image-29588\" src=\"https:\/\/i0.wp.com\/liberationinfo.com\/wp-content\/uploads\/2026\/03\/IMG-20260314-WA0018.jpg?resize=300%2C169\" alt=\"\" width=\"300\" height=\"169\" srcset=\"https:\/\/i0.wp.com\/liberationinfo.com\/wp-content\/uploads\/2026\/03\/IMG-20260314-WA0018.jpg?resize=300%2C169&amp;ssl=1 300w, https:\/\/i0.wp.com\/liberationinfo.com\/wp-content\/uploads\/2026\/03\/IMG-20260314-WA0018.jpg?resize=1024%2C576&amp;ssl=1 1024w, https:\/\/i0.wp.com\/liberationinfo.com\/wp-content\/uploads\/2026\/03\/IMG-20260314-WA0018.jpg?resize=768%2C432&amp;ssl=1 768w, https:\/\/i0.wp.com\/liberationinfo.com\/wp-content\/uploads\/2026\/03\/IMG-20260314-WA0018.jpg?resize=696%2C392&amp;ssl=1 696w, https:\/\/i0.wp.com\/liberationinfo.com\/wp-content\/uploads\/2026\/03\/IMG-20260314-WA0018.jpg?resize=1068%2C601&amp;ssl=1 1068w, https:\/\/i0.wp.com\/liberationinfo.com\/wp-content\/uploads\/2026\/03\/IMG-20260314-WA0018.jpg?resize=747%2C420&amp;ssl=1 747w, https:\/\/i0.wp.com\/liberationinfo.com\/wp-content\/uploads\/2026\/03\/IMG-20260314-WA0018.jpg?resize=750%2C422&amp;ssl=1 750w, https:\/\/i0.wp.com\/liberationinfo.com\/wp-content\/uploads\/2026\/03\/IMG-20260314-WA0018.jpg?resize=1140%2C641&amp;ssl=1 1140w, https:\/\/i0.wp.com\/liberationinfo.com\/wp-content\/uploads\/2026\/03\/IMG-20260314-WA0018.jpg?w=1280&amp;ssl=1 1280w\" sizes=\"auto, (max-width: 300px) 100vw, 300px\" \/><\/a><\/div>\n<div dir=\"auto\"><\/div>\n<div dir=\"auto\">Les populations ont exprim\u00e9 leur soutien \u00e0 Mohamed Camara et ont promis de voter pour lui aux prochaines \u00e9lections. \u00ab\u00a0<i><b>Nous sommes convaincus que Mohamed Camara est l&rsquo;homme qu&rsquo;il faut pour notre commune\u00a0\u00bb, a d\u00e9clar\u00e9 la repr\u00e9sentante des femmes de Lambanyi<\/b><\/i>. \u00ab\u00a0<b>Il a un programme solide et il est pr\u00eat \u00e0 \u00e9couter les pr\u00e9occupations des habitants<\/b><i>\u00ab\u00a0<\/i>, a rench\u00e9ri Mohamed Noba Sanoussi un jeune leader de la commune.<\/div>\n<div dir=\"auto\"><\/div>\n<div dir=\"auto\">La rencontre s&rsquo;est termin\u00e9e par une photo de famille et un discours de remerciement de Mohamed Camara, qui a promis de continuer \u00e0 travailler pour les populations de la commune.<\/div>\n<div dir=\"auto\"><\/div>\n<div dir=\"auto\"><a href=\"https:\/\/i0.wp.com\/liberationinfo.com\/wp-content\/uploads\/2026\/03\/IMG-20260314-WA0014.jpg\"><img data-recalc-dims=\"1\" loading=\"lazy\" decoding=\"async\" class=\"alignnone size-medium wp-image-29591\" src=\"https:\/\/i0.wp.com\/liberationinfo.com\/wp-content\/uploads\/2026\/03\/IMG-20260314-WA0014.jpg?resize=300%2C169\" alt=\"\" width=\"300\" height=\"169\" srcset=\"https:\/\/i0.wp.com\/liberationinfo.com\/wp-content\/uploads\/2026\/03\/IMG-20260314-WA0014.jpg?resize=300%2C169&amp;ssl=1 300w, https:\/\/i0.wp.com\/liberationinfo.com\/wp-content\/uploads\/2026\/03\/IMG-20260314-WA0014.jpg?resize=1024%2C576&amp;ssl=1 1024w, https:\/\/i0.wp.com\/liberationinfo.com\/wp-content\/uploads\/2026\/03\/IMG-20260314-WA0014.jpg?resize=768%2C432&amp;ssl=1 768w, https:\/\/i0.wp.com\/liberationinfo.com\/wp-content\/uploads\/2026\/03\/IMG-20260314-WA0014.jpg?resize=696%2C392&amp;ssl=1 696w, https:\/\/i0.wp.com\/liberationinfo.com\/wp-content\/uploads\/2026\/03\/IMG-20260314-WA0014.jpg?resize=1068%2C601&amp;ssl=1 1068w, https:\/\/i0.wp.com\/liberationinfo.com\/wp-content\/uploads\/2026\/03\/IMG-20260314-WA0014.jpg?resize=747%2C420&amp;ssl=1 747w, https:\/\/i0.wp.com\/liberationinfo.com\/wp-content\/uploads\/2026\/03\/IMG-20260314-WA0014.jpg?resize=750%2C422&amp;ssl=1 750w, https:\/\/i0.wp.com\/liberationinfo.com\/wp-content\/uploads\/2026\/03\/IMG-20260314-WA0014.jpg?resize=1140%2C641&amp;ssl=1 1140w, https:\/\/i0.wp.com\/liberationinfo.com\/wp-content\/uploads\/2026\/03\/IMG-20260314-WA0014.jpg?w=1280&amp;ssl=1 1280w\" sizes=\"auto, (max-width: 300px) 100vw, 300px\" \/><\/a><\/div>\n<div dir=\"auto\"><\/div>\n<div dir=\"auto\"><b>Mohamed Camara\u00a0<\/b><\/div>\n<div dir=\"auto\"><b>621 50 18 47\u00a0<\/b><\/div>\n<\/div>\n<div dir=\"auto\"><i>\u00a0<\/i><\/div>\n<div dir=\"auto\"><i>\u00a0<\/i><\/div>\n<div dir=\"auto\"><i>\u00a0<\/i><\/div>\n<div dir=\"auto\"><i>\u00a0<\/i><\/div>\n<div dir=\"auto\"><i>\u00a0<\/i><\/div>\n<div dir=\"auto\"><i>\u00a0<\/i><\/div>\n<div dir=\"auto\"><i>\u00a0<\/i><\/div>\n<div dir=\"auto\"><i>\u00a0<\/i><\/div>\n<div dir=\"auto\"><\/div>\n<div dir=\"auto\"><\/div>\n<div dir=\"auto\"><\/div>\n<div dir=\"auto\"><\/div>\n<div dir=\"auto\"><\/div>\n<div dir=\"auto\"><\/div>\n<div dir=\"auto\"><\/div>\n<div dir=\"auto\"><\/div>\n<div dir=\"auto\">\n<div dir=\"auto\"><\/div>\n<\/div>\n","protected":false},"excerpt":{"rendered":"<p>Conakry, \u00e0 la maison des jeunes de Lambanyi, le candidat \u00e0 la mairie, Mohamed Camara accompagn\u00e9 d&rsquo;une forte d\u00e9l\u00e9gation, a rencontr\u00e9 les populations de la commune pour pr\u00e9senter son programme et \u00e9couter leurs pr\u00e9occupations. La rencontre a rassembl\u00e9 des repr\u00e9sentants de tous les quartiers de la commune, ainsi que des leaders communautaires et des associations. [&hellip;]<\/p>\n","protected":false},"author":2,"featured_media":29589,"comment_status":"closed","ping_status":"closed","sticky":false,"template":"","format":"standard","meta":{"_jetpack_memberships_contains_paid_content":false,"footnotes":""},"categories":[4,5],"tags":[],"class_list":["post-29583","post","type-post","status-publish","format-standard","has-post-thumbnail","hentry","category-actu","category-politique"],"jetpack_featured_media_url":"https:\/\/i0.wp.com\/liberationinfo.com\/wp-content\/uploads\/2026\/03\/IMG-20260314-WA0012.jpg?fit=1280%2C720&ssl=1","jetpack-related-posts":[],"jetpack_sharing_enabled":true,"_links":{"self":[{"href":"https:\/\/liberationinfo.com\/index.php\/wp-json\/wp\/v2\/posts\/29583","targetHints":{"allow":["GET"]}}],"collection":[{"href":"https:\/\/liberationinfo.com\/index.php\/wp-json\/wp\/v2\/posts"}],"about":[{"href":"https:\/\/liberationinfo.com\/index.php\/wp-json\/wp\/v2\/types\/post"}],"author":[{"embeddable":true,"href":"https:\/\/liberationinfo.com\/index.php\/wp-json\/wp\/v2\/users\/2"}],"replies":[{"embeddable":true,"href":"https:\/\/liberationinfo.com\/index.php\/wp-json\/wp\/v2\/comments?post=29583"}],"version-history":[{"count":3,"href":"https:\/\/liberationinfo.com\/index.php\/wp-json\/wp\/v2\/posts\/29583\/revisions"}],"predecessor-version":[{"id":29593,"href":"https:\/\/liberationinfo.com\/index.php\/wp-json\/wp\/v2\/posts\/29583\/revisions\/29593"}],"wp:featuredmedia":[{"embeddable":true,"href":"https:\/\/liberationinfo.com\/index.php\/wp-json\/wp\/v2\/media\/29589"}],"wp:attachment":[{"href":"https:\/\/liberationinfo.com\/index.php\/wp-json\/wp\/v2\/media?parent=29583"}],"wp:term":[{"taxonomy":"category","embeddable":true,"href":"https:\/\/liberationinfo.com\/index.php\/wp-json\/wp\/v2\/categories?post=29583"},{"taxonomy":"post_tag","embeddable":true,"href":"https:\/\/liberationinfo.com\/index.php\/wp-json\/wp\/v2\/tags?post=29583"}],"curies":[{"name":"wp","href":"https:\/\/api.w.org\/{rel}","templated":true}]}}