{"id":29573,"date":"2026-03-12T21:09:52","date_gmt":"2026-03-12T21:09:52","guid":{"rendered":"https:\/\/liberationinfo.com\/?p=29573"},"modified":"2026-03-12T21:09:52","modified_gmt":"2026-03-12T21:09:52","slug":"capital-humain-des-cadres-de-la-cnss-de-retour-apres-une-annee-de-formation-a-letranger","status":"publish","type":"post","link":"https:\/\/liberationinfo.com\/index.php\/capital-humain-des-cadres-de-la-cnss-de-retour-apres-une-annee-de-formation-a-letranger\/","title":{"rendered":"Capital humain\u00a0: des cadres de la CNSS de retour apr\u00e8s une ann\u00e9e de formation \u00e0 l\u2019\u00e9tranger"},"content":{"rendered":"<div class=\"tdc-header-wrap \">\n<div class=\"td-header-wrap td-header-style-10 \">\n<div class=\"td-banner-wrap-full td-banner-bg td-container-wrap \">\n<div class=\"td-container-header td-header-row td-header-header\">\n<div class=\"td-header-sp-recs\">\n<div class=\"td-header-rec-wrap\">\n<div class=\"td-a-rec td-a-rec-id-header  tdi_1_695 td_block_template_1\"><\/div>\n<\/div>\n<\/div>\n<\/div>\n<\/div>\n<\/div>\n<\/div>\n<div class=\"td-main-content-wrap td-container-wrap\">\n<div class=\"td-container td-post-template-2\">\n<article id=\"post-39236\" class=\"post-39236 post type-post status-publish format-standard has-post-thumbnail category-societe\">\n<div class=\"td-pb-row\">\n<div class=\"td-pb-span8 td-main-content\" role=\"main\">\n<div class=\"td-ss-main-content\">\n<div class=\"td-post-content tagdiv-type\">\n<div class=\"elementor-element elementor-element-77521c64 elementor-widget elementor-widget-theme-post-content\" data-id=\"77521c64\" data-element_type=\"widget\" data-e-type=\"widget\" data-widget_type=\"theme-post-content.default\">\n<p><strong>La Direction G\u00e9n\u00e9rale de la Caisse Nationale de S\u00e9curit\u00e9 Sociale (CNSS) a tenu une rencontre d\u2019\u00e9changes avec les cadres r\u00e9cemment rentr\u00e9s d\u2019une formation d\u2019une ann\u00e9e au Centre Ivoirien de Formation des Cadres de S\u00e9curit\u00e9 Sociale (CIFOCSS).<\/strong><\/p>\n<p>\u00c0 cette occasion,\u00a0<strong>le Directeur G\u00e9n\u00e9ral, Bakary Sylla<\/strong>, accompagn\u00e9 de son Adjoint, du Directeur des Ressources Humaines et du Directeur de la Communication et des Relations Publiques,\u00a0<strong>a adress\u00e9 ses f\u00e9licitations aux b\u00e9n\u00e9ficiaires<\/strong>\u00a0pour le s\u00e9rieux dont ils ont fait preuve tout au long de cette formation exigeante. Il a soulign\u00e9\u00a0<strong>que les dipl\u00f4mes obtenus constituent un renforcement significatif du capital humain de la CNSS<\/strong>\u00a0et un atout majeur pour l\u2019am\u00e9lioration de la qualit\u00e9 des services rendus aux assur\u00e9s sociaux.<\/p>\n<p>Prenant la parole\u00a0<strong>au nom de la promotion<\/strong>, la porte-parole,\u00a0<strong>Madame Fatoumata Dian\u00e9<\/strong>, de la Direction des Ressources Humaines,\u00a0<strong>a remerci\u00e9 la Direction G\u00e9n\u00e9rale pour cette opportunit\u00e9<\/strong>\u00a0tout en r\u00e9affirmant la disponibilit\u00e9 des cadres form\u00e9s \u00e0 accompagner les r\u00e9formes engag\u00e9es au sein de l\u2019Institution. Elle a \u00e9galement exprim\u00e9 le souhait d\u2019\u00eatre associ\u00e9e aux projets en lien avec leurs comp\u00e9tences nouvellement acquises et a plaid\u00e9 pour la mise en place d\u2019un cadre d\u2019\u00e9changes et de partage afin de valoriser les connaissances issues de cette formation.<\/p>\n<figure id=\"attachment_11802\" class=\"wp-caption alignnone\" aria-describedby=\"caption-attachment-11802\"><img data-recalc-dims=\"1\" loading=\"lazy\" decoding=\"async\" class=\"size-medium wp-image-11802\" src=\"https:\/\/i0.wp.com\/cnss.gov.gn\/wp-content\/uploads\/2026\/03\/Photo-des-beneficiaires-500x333.jpeg?resize=500%2C333&#038;ssl=1\" alt=\"CNSS \/ Photo des b\u00e9n\u00e9ficiaires\" width=\"500\" height=\"333\" \/><figcaption id=\"caption-attachment-11802\" class=\"wp-caption-text\">CNSS \/ Photo des b\u00e9n\u00e9ficiaires<\/figcaption><\/figure>\n<p><strong>Le Directeur G\u00e9n\u00e9ral<\/strong>\u00a0a, pour sa part, rappel\u00e9 les principales r\u00e9formes engag\u00e9es au sein de la CNSS ces derniers mois, notamment en mati\u00e8re de digitalisation, d\u2019am\u00e9lioration des proc\u00e9dures et de renforcement de la gouvernance. Il\u00a0<strong>a \u00e9galement soulign\u00e9 l\u2019importance de l\u2019implication active des cadres form\u00e9s dans la conduite de ces transformations<\/strong>.<\/p>\n<figure id=\"attachment_11803\" class=\"wp-caption alignnone\" aria-describedby=\"caption-attachment-11803\"><img data-recalc-dims=\"1\" loading=\"lazy\" decoding=\"async\" class=\"size-medium wp-image-11803\" src=\"https:\/\/i0.wp.com\/cnss.gov.gn\/wp-content\/uploads\/2026\/03\/Bakary-SYLLA-DG-CNSS-500x333.jpeg?resize=500%2C333&#038;ssl=1\" alt=\"Bakary SYLLA DG CNSS\" width=\"500\" height=\"333\" \/><figcaption id=\"caption-attachment-11803\" class=\"wp-caption-text\">Bakary SYLLA DG CNSS<\/figcaption><\/figure>\n<p>La CNSS consacre chaque ann\u00e9e des ressources importantes \u00e0 la formation de ses cadres, tant au niveau national qu\u2019international, notamment \u00e0 travers des partenariats avec des institutions de r\u00e9f\u00e9rence telles que l\u2019\u00c9cole Nationale Sup\u00e9rieure de S\u00e9curit\u00e9 Sociale (EN3S) de France, le Centre R\u00e9gional Africain d\u2019Administration du Travail (CRADAT) du Cameroun et le CIFOCSS. Ces formations dipl\u00f4mantes s\u2019inscrivent dans la politique de renforcement des capacit\u00e9s et de modernisation de l\u2019institution de pr\u00e9voyance sociale.<\/p>\n<p><img data-recalc-dims=\"1\" loading=\"lazy\" decoding=\"async\" class=\"alignnone size-medium wp-image-11804\" src=\"https:\/\/i0.wp.com\/cnss.gov.gn\/wp-content\/uploads\/2026\/03\/CNSS-GUINEE-500x333.jpeg?resize=500%2C333&#038;ssl=1\" alt=\"\" width=\"500\" height=\"333\" \/><\/p>\n<p>Cette rencontre a ainsi permis de r\u00e9affirmer l\u2019engagement de la Direction G\u00e9n\u00e9rale \u00e0 valoriser les comp\u00e9tences de ses cadres et \u00e0 faire de la formation continue un levier strat\u00e9gique de transformation institutionnelle, au b\u00e9n\u00e9fice des usagers.<\/p>\n<p>&nbsp;<\/p>\n<p><strong>La CNSS, l\u2019assurance d\u2019une vie bien prot\u00e9g\u00e9e !<\/strong><\/p>\n<p><strong>Direction de la Communication et des Relations Publiques<\/strong><\/p>\n<p>&nbsp;<\/p>\n<p>&nbsp;<\/p>\n<\/div>\n<\/div>\n<\/div>\n<\/div>\n<div class=\"td-pb-span4 td-main-sidebar\" role=\"complementary\">\n<div class=\"td-ss-main-sidebar\">\n<aside id=\"calendar-2\" class=\"td_block_template_1 widget calendar-2 widget_calendar\">\n<div id=\"calendar_wrap\" class=\"calendar_wrap\"><\/div>\n<\/aside>\n<\/div>\n<\/div>\n<\/div>\n<\/article>\n<\/div>\n<\/div>\n","protected":false},"excerpt":{"rendered":"<p>La Direction G\u00e9n\u00e9rale de la Caisse Nationale de S\u00e9curit\u00e9 Sociale (CNSS) a tenu une rencontre d\u2019\u00e9changes avec les cadres r\u00e9cemment rentr\u00e9s d\u2019une formation d\u2019une ann\u00e9e au Centre Ivoirien de Formation des Cadres de S\u00e9curit\u00e9 Sociale (CIFOCSS). \u00c0 cette occasion,\u00a0le Directeur G\u00e9n\u00e9ral, Bakary Sylla, accompagn\u00e9 de son Adjoint, du Directeur des Ressources Humaines et du Directeur [&hellip;]<\/p>\n","protected":false},"author":2,"featured_media":29574,"comment_status":"closed","ping_status":"closed","sticky":false,"template":"","format":"standard","meta":{"_jetpack_memberships_contains_paid_content":false,"footnotes":""},"categories":[4,33,6],"tags":[],"class_list":["post-29573","post","type-post","status-publish","format-standard","has-post-thumbnail","hentry","category-actu","category-publi-reportage","category-societe"],"jetpack_featured_media_url":"https:\/\/i0.wp.com\/liberationinfo.com\/wp-content\/uploads\/2026\/03\/Bakary-SYLLA-et-des-boursiers-de-la-CNSS-1024x682-1.jpeg?fit=1024%2C682&ssl=1","jetpack-related-posts":[],"jetpack_sharing_enabled":true,"_links":{"self":[{"href":"https:\/\/liberationinfo.com\/index.php\/wp-json\/wp\/v2\/posts\/29573","targetHints":{"allow":["GET"]}}],"collection":[{"href":"https:\/\/liberationinfo.com\/index.php\/wp-json\/wp\/v2\/posts"}],"about":[{"href":"https:\/\/liberationinfo.com\/index.php\/wp-json\/wp\/v2\/types\/post"}],"author":[{"embeddable":true,"href":"https:\/\/liberationinfo.com\/index.php\/wp-json\/wp\/v2\/users\/2"}],"replies":[{"embeddable":true,"href":"https:\/\/liberationinfo.com\/index.php\/wp-json\/wp\/v2\/comments?post=29573"}],"version-history":[{"count":1,"href":"https:\/\/liberationinfo.com\/index.php\/wp-json\/wp\/v2\/posts\/29573\/revisions"}],"predecessor-version":[{"id":29575,"href":"https:\/\/liberationinfo.com\/index.php\/wp-json\/wp\/v2\/posts\/29573\/revisions\/29575"}],"wp:featuredmedia":[{"embeddable":true,"href":"https:\/\/liberationinfo.com\/index.php\/wp-json\/wp\/v2\/media\/29574"}],"wp:attachment":[{"href":"https:\/\/liberationinfo.com\/index.php\/wp-json\/wp\/v2\/media?parent=29573"}],"wp:term":[{"taxonomy":"category","embeddable":true,"href":"https:\/\/liberationinfo.com\/index.php\/wp-json\/wp\/v2\/categories?post=29573"},{"taxonomy":"post_tag","embeddable":true,"href":"https:\/\/liberationinfo.com\/index.php\/wp-json\/wp\/v2\/tags?post=29573"}],"curies":[{"name":"wp","href":"https:\/\/api.w.org\/{rel}","templated":true}]}}