{"id":29561,"date":"2026-03-09T14:19:03","date_gmt":"2026-03-09T14:19:03","guid":{"rendered":"https:\/\/liberationinfo.com\/?p=29561"},"modified":"2026-03-09T14:19:03","modified_gmt":"2026-03-09T14:19:03","slug":"ministere-des-affaires-etrangeres-voici-le-parcours-inspirant-de-mr-gaoussou-sidibe","status":"publish","type":"post","link":"https:\/\/liberationinfo.com\/index.php\/ministere-des-affaires-etrangeres-voici-le-parcours-inspirant-de-mr-gaoussou-sidibe\/","title":{"rendered":"Minist\u00e8re des Affaires Etrang\u00e8res: Voici le parcours inspirant de Mr Gaoussou SIDIB\u00c9"},"content":{"rendered":"<p>&nbsp;<\/p>\n<p>Notre redaction lib\u00e9rationinfos.com est all\u00e9 \u00e0 la rencontre d&rsquo;un cadre de l&rsquo;administration publique guin\u00e9enne avec un parcours exceptionnel, inspirant et captivant, il s&rsquo;agit de Mr Gaoussou SIDIB\u00c9<\/p>\n<p>Un cadre chevronn\u00e9 et exp\u00e9riment\u00e9 de l\u2019administration publique guin\u00e9enne, engag\u00e9 dans la fonction publique depuis 2008. Il occupe actuellement le poste de Directeur technique par int\u00e9rim charg\u00e9 des \u00c9tudes, Recherches et Statistiques \u00e0 l\u2019Observatoire Guin\u00e9en des Migrations, au sein du Minist\u00e8re des Affaires \u00e9trang\u00e8res, de l\u2019Int\u00e9gration africaine et des Guin\u00e9ens \u00e9tablis \u00e0 l\u2019\u00e9tranger.<\/p>\n<p>Professionnel et exp\u00e9riment\u00e9, il poss\u00e8de une solide expertise en gestion administrative, planification, statistiques et gouvernance publique, renforc\u00e9e par de nombreuses formations nationales et internationales. Polyglotte, il travaille en fran\u00e7ais, arabe et anglais. Il ma\u00eetrise \u00e9galement les outils informatiques bureautiques ainsi que les technologies de l\u2019information et de la communication.<\/p>\n<p>Parlant de ses exp\u00e9rience professionnelles, il assure depuis avril 2022, la coordination technique des activit\u00e9s d\u2019\u00e9tudes, de production statistique et d\u2019analyse des donn\u00e9es migratoires \u00e0 l\u2019Observatoire Guin\u00e9en des Migrations.<\/p>\n<p>Auparavant, il a occup\u00e9 plusieurs fonctions strat\u00e9giques avec des responsabilit\u00e9s importantes aux niveaux central et d\u00e9concentr\u00e9 de l\u2019administration. Il a notamment \u00e9t\u00e9 : Charg\u00e9 d\u2019\u00e9tudes \u00e0 la Division des Ressources humaines au Minist\u00e8re de la Coop\u00e9ration et de l\u2019Int\u00e9gration africaine (2018 \u2013 2022) ;<br \/>\nEnsuite, Attach\u00e9 de cabinet du Pr\u00e9fet de Faranah pendant quatre ans (2014 \u2013 2018) ; il a \u00e9galrment \u00e9t\u00e9 repr\u00e9sentant de l\u2019administration pr\u00e9fectorale \u00e0 la commission \u00e9lectorale lors des \u00e9lections communales de 2018 ;<br \/>\nAssistant du Chef de service r\u00e9gional des March\u00e9s publics au Gouvernorat de Faranah (2011 \u2013 2012) ; Directeur pr\u00e9fectoral de l\u2019H\u00f4tellerie, du Tourisme et de l\u2019Artisanat de Faranah (2012 \u2013 2014).<\/p>\n<p>Plus t\u00f4t dans sa carri\u00e8re, il a servi comme professeur d\u2019anglais au Lyc\u00e9e Dandayah de Faranah et comme superviseur du centre socio\u00e9ducatif Essafat pour l\u2019ONG internationale AMA-Guin\u00e9e (aujourd\u2019hui Aide Directe) \u00e0 Kankan. Il a \u00e9galement exerc\u00e9 des responsabilit\u00e9s associatives, notamment en tant que Pr\u00e9sident du Conseil des \u00e9tudiants guin\u00e9ens en R\u00e9publique du Niger, entre 2002 et 2004.<\/p>\n<p>Concernant son parcours acad\u00e9mique, il faut souligner que M. Sidib\u00e9 a un cursus universitaire pluridisciplinaire qui se pr\u00e9sente comme suit: une<br \/>\nLicence en Droit public ;<br \/>\nMa\u00eetrise en Gestion (ISFAD, 2011) ; Licence en \u00c9conomie et Gestion (ISFAD, 2009) ;<br \/>\nMa\u00eetrise en Langue et Lettres arabes, obtenue \u00e0 l\u2019Universit\u00e9 islamique de Say au Niger (2004).<\/p>\n<p>Ambitieux d&rsquo;\u00eatre un cadre plus performent au sein de l&rsquo;administration guin\u00e9enne, monsieur Gaoussou SIDIB\u00c9 s&rsquo;est toujours engag\u00e9 dans le renforcement de ses capacit\u00e9s, en suivant de nombreuses formations sp\u00e9cialis\u00e9es en Guin\u00e9e mais aussi \u00e0 l\u2019\u00e9tranger, notamment dans les domaines de la diplomatie, de la gouvernance des entreprises publiques, de l\u2019analyse de donn\u00e9es, des institutions europ\u00e9ennes, de la gestion de projets, de la paix et de la s\u00e9curit\u00e9 en Afrique francophone, ainsi que des Objectifs de d\u00e9veloppement durable.<\/p>\n<p>Il s\u2019est \u00e9galement form\u00e9 sur des questions strat\u00e9giques li\u00e9es \u00e0 la compr\u00e9hension et \u00e0 la prise de d\u00e9cision dans un monde en mutation. Parmi les formations les plus marquantes figure le Certificat de sp\u00e9cialit\u00e9 en management des administrations, obtenu \u00e0 Sciences Po Bordeaux en 2014.<\/p>\n<p>&nbsp;<\/p>\n<p><strong>Oumar Konat\u00e9\u00a0<\/strong><\/p>\n","protected":false},"excerpt":{"rendered":"<p>&nbsp; Notre redaction lib\u00e9rationinfos.com est all\u00e9 \u00e0 la rencontre d&rsquo;un cadre de l&rsquo;administration publique guin\u00e9enne avec un parcours exceptionnel, inspirant et captivant, il s&rsquo;agit de Mr Gaoussou SIDIB\u00c9 Un cadre chevronn\u00e9 et exp\u00e9riment\u00e9 de l\u2019administration publique guin\u00e9enne, engag\u00e9 dans la fonction publique depuis 2008. Il occupe actuellement le poste de Directeur technique par int\u00e9rim charg\u00e9 [&hellip;]<\/p>\n","protected":false},"author":2,"featured_media":29562,"comment_status":"closed","ping_status":"closed","sticky":false,"template":"","format":"standard","meta":{"_jetpack_memberships_contains_paid_content":false,"footnotes":""},"categories":[4,5,6],"tags":[],"class_list":["post-29561","post","type-post","status-publish","format-standard","has-post-thumbnail","hentry","category-actu","category-politique","category-societe"],"jetpack_featured_media_url":"https:\/\/i0.wp.com\/liberationinfo.com\/wp-content\/uploads\/2026\/03\/IMG-20260309-WA0000.jpg?fit=1080%2C1007&ssl=1","jetpack-related-posts":[],"jetpack_sharing_enabled":true,"_links":{"self":[{"href":"https:\/\/liberationinfo.com\/index.php\/wp-json\/wp\/v2\/posts\/29561","targetHints":{"allow":["GET"]}}],"collection":[{"href":"https:\/\/liberationinfo.com\/index.php\/wp-json\/wp\/v2\/posts"}],"about":[{"href":"https:\/\/liberationinfo.com\/index.php\/wp-json\/wp\/v2\/types\/post"}],"author":[{"embeddable":true,"href":"https:\/\/liberationinfo.com\/index.php\/wp-json\/wp\/v2\/users\/2"}],"replies":[{"embeddable":true,"href":"https:\/\/liberationinfo.com\/index.php\/wp-json\/wp\/v2\/comments?post=29561"}],"version-history":[{"count":1,"href":"https:\/\/liberationinfo.com\/index.php\/wp-json\/wp\/v2\/posts\/29561\/revisions"}],"predecessor-version":[{"id":29563,"href":"https:\/\/liberationinfo.com\/index.php\/wp-json\/wp\/v2\/posts\/29561\/revisions\/29563"}],"wp:featuredmedia":[{"embeddable":true,"href":"https:\/\/liberationinfo.com\/index.php\/wp-json\/wp\/v2\/media\/29562"}],"wp:attachment":[{"href":"https:\/\/liberationinfo.com\/index.php\/wp-json\/wp\/v2\/media?parent=29561"}],"wp:term":[{"taxonomy":"category","embeddable":true,"href":"https:\/\/liberationinfo.com\/index.php\/wp-json\/wp\/v2\/categories?post=29561"},{"taxonomy":"post_tag","embeddable":true,"href":"https:\/\/liberationinfo.com\/index.php\/wp-json\/wp\/v2\/tags?post=29561"}],"curies":[{"name":"wp","href":"https:\/\/api.w.org\/{rel}","templated":true}]}}