{"id":29551,"date":"2026-03-08T14:24:12","date_gmt":"2026-03-08T14:24:12","guid":{"rendered":"https:\/\/liberationinfo.com\/?p=29551"},"modified":"2026-03-08T14:24:12","modified_gmt":"2026-03-08T14:24:12","slug":"elections-communales-mohamed-camara-plebiscite-par-des-populations-de-lambanyi-pour-la-mairie","status":"publish","type":"post","link":"https:\/\/liberationinfo.com\/index.php\/elections-communales-mohamed-camara-plebiscite-par-des-populations-de-lambanyi-pour-la-mairie\/","title":{"rendered":"\u00c9lections Communales: Mohamed Camara pl\u00e9biscit\u00e9 par des populations de Lambanyi pour la mairie\u00a0"},"content":{"rendered":"<div dir=\"auto\"><\/div>\n<div dir=\"auto\">\n<div dir=\"auto\"><\/div>\n<div dir=\"auto\">Le candidat potentiel \u00e0 l&rsquo;\u00e9lection communale prochaine, dans la commune urbaine de Lambanyi, Mohamed Camara a tenu une r\u00e9union de prise de contact avec les repr\u00e9sentants des 14 quartiers de la commune. La r\u00e9union avait pour objectif de pr\u00e9senter le candidat et son programme, ainsi que de recueillir les pr\u00e9occupations et les attentes des habitants de la commune.<\/div>\n<div dir=\"auto\"><a href=\"https:\/\/i0.wp.com\/liberationinfo.com\/wp-content\/uploads\/2026\/03\/IMG-20260308-WA0068.jpg\"><img data-recalc-dims=\"1\" loading=\"lazy\" decoding=\"async\" class=\"alignnone size-medium wp-image-29552\" src=\"https:\/\/i0.wp.com\/liberationinfo.com\/wp-content\/uploads\/2026\/03\/IMG-20260308-WA0068.jpg?resize=300%2C169\" alt=\"\" width=\"300\" height=\"169\" srcset=\"https:\/\/i0.wp.com\/liberationinfo.com\/wp-content\/uploads\/2026\/03\/IMG-20260308-WA0068.jpg?resize=300%2C169&amp;ssl=1 300w, https:\/\/i0.wp.com\/liberationinfo.com\/wp-content\/uploads\/2026\/03\/IMG-20260308-WA0068.jpg?resize=1024%2C576&amp;ssl=1 1024w, https:\/\/i0.wp.com\/liberationinfo.com\/wp-content\/uploads\/2026\/03\/IMG-20260308-WA0068.jpg?resize=768%2C432&amp;ssl=1 768w, https:\/\/i0.wp.com\/liberationinfo.com\/wp-content\/uploads\/2026\/03\/IMG-20260308-WA0068.jpg?resize=696%2C392&amp;ssl=1 696w, https:\/\/i0.wp.com\/liberationinfo.com\/wp-content\/uploads\/2026\/03\/IMG-20260308-WA0068.jpg?resize=1068%2C601&amp;ssl=1 1068w, https:\/\/i0.wp.com\/liberationinfo.com\/wp-content\/uploads\/2026\/03\/IMG-20260308-WA0068.jpg?resize=747%2C420&amp;ssl=1 747w, https:\/\/i0.wp.com\/liberationinfo.com\/wp-content\/uploads\/2026\/03\/IMG-20260308-WA0068.jpg?resize=750%2C422&amp;ssl=1 750w, https:\/\/i0.wp.com\/liberationinfo.com\/wp-content\/uploads\/2026\/03\/IMG-20260308-WA0068.jpg?resize=1140%2C641&amp;ssl=1 1140w, https:\/\/i0.wp.com\/liberationinfo.com\/wp-content\/uploads\/2026\/03\/IMG-20260308-WA0068.jpg?w=1280&amp;ssl=1 1280w\" sizes=\"auto, (max-width: 300px) 100vw, 300px\" \/><\/a><\/div>\n<div dir=\"auto\"><\/div>\n<div dir=\"auto\">La r\u00e9union a rassembl\u00e9 les repr\u00e9sentants des 14 quartiers de la commune, ainsi que certains membres de l&rsquo;\u00e9quipe de campagne\u00a0 du directoire r\u00e9gional de Conakry. Mohamed Camara a pr\u00e9sent\u00e9 son programme, sa vision et ses priorit\u00e9s pour la commune de Lambanyi.<\/div>\n<div dir=\"auto\"><\/div>\n<div dir=\"auto\"><a href=\"https:\/\/i0.wp.com\/liberationinfo.com\/wp-content\/uploads\/2026\/03\/IMG-20260308-WA0041.jpg\"><img data-recalc-dims=\"1\" loading=\"lazy\" decoding=\"async\" class=\"alignnone size-medium wp-image-29553\" src=\"https:\/\/i0.wp.com\/liberationinfo.com\/wp-content\/uploads\/2026\/03\/IMG-20260308-WA0041.jpg?resize=300%2C161\" alt=\"\" width=\"300\" height=\"161\" srcset=\"https:\/\/i0.wp.com\/liberationinfo.com\/wp-content\/uploads\/2026\/03\/IMG-20260308-WA0041.jpg?resize=300%2C161&amp;ssl=1 300w, https:\/\/i0.wp.com\/liberationinfo.com\/wp-content\/uploads\/2026\/03\/IMG-20260308-WA0041.jpg?resize=1024%2C549&amp;ssl=1 1024w, https:\/\/i0.wp.com\/liberationinfo.com\/wp-content\/uploads\/2026\/03\/IMG-20260308-WA0041.jpg?resize=768%2C412&amp;ssl=1 768w, https:\/\/i0.wp.com\/liberationinfo.com\/wp-content\/uploads\/2026\/03\/IMG-20260308-WA0041.jpg?resize=696%2C373&amp;ssl=1 696w, https:\/\/i0.wp.com\/liberationinfo.com\/wp-content\/uploads\/2026\/03\/IMG-20260308-WA0041.jpg?resize=1068%2C573&amp;ssl=1 1068w, https:\/\/i0.wp.com\/liberationinfo.com\/wp-content\/uploads\/2026\/03\/IMG-20260308-WA0041.jpg?resize=783%2C420&amp;ssl=1 783w, https:\/\/i0.wp.com\/liberationinfo.com\/wp-content\/uploads\/2026\/03\/IMG-20260308-WA0041.jpg?resize=750%2C402&amp;ssl=1 750w, https:\/\/i0.wp.com\/liberationinfo.com\/wp-content\/uploads\/2026\/03\/IMG-20260308-WA0041.jpg?resize=1140%2C611&amp;ssl=1 1140w, https:\/\/i0.wp.com\/liberationinfo.com\/wp-content\/uploads\/2026\/03\/IMG-20260308-WA0041.jpg?w=1246&amp;ssl=1 1246w\" sizes=\"auto, (max-width: 300px) 100vw, 300px\" \/><\/a><\/div>\n<div dir=\"auto\">\n<div dir=\"auto\"><em><strong>\u00ab\u00a0Je vous salue tous et je suis tr\u00e8s content. Notre nouveau soul\u00e9gant d\u00e9sormais est: (Ensemble nous pouvons). Pourquoi je suis candidat \u00e0 la commune de Lambanyi? Je connais tr\u00e8s bien la commune de Lambanyi. Les 14 quartiers de Lambanyi plus de la moiti\u00e9 des quartiers sont issus de Lambanyi. Il y a des secteurs de Lambanyi sont divis\u00e9s \u00e0 plusieurs secteurs ( Wanidara, Y\u00e9mbeya, wariya&#8230;) Pourquoi je veux candidater? Lambanyi est une nouvelle commune, il y a plusieurs quartiers qui n\u2019ont pas d&rsquo;\u00e9coles, pas de centre de sant\u00e9, pas de maisons des jeunes, pas de march\u00e9s&#8230;Si je gagne la mairie nous allons proposer notre aux partenaires pour la r\u00e9alisation de tous les projets de la commune de Lambanyi. Aujourd\u2019hui nous allons mettre une commission pour 14 quartiers de Lambanyi pour demander les besoins des citoyens. Nous voulons que ce travail soit fait pendant cette p\u00e9riode du mois saint de Ramadan. La mise en place du parti GMD, tous ceux qui veulent adh\u00e9rer \u00e0 la GMD sont pri\u00e9s de s\u2019inscrire en lieu et place des mouvements de soutien. Dans cette commune, c\u2019est nous qui sommes les repr\u00e9sentants l\u00e9gaux dans la commune de Lambanyi. Je suis tr\u00e8s content pour votre mobilisation massive \u00e0 cette rencontre.\u00a0<\/strong><\/em><\/div>\n<div dir=\"auto\"><em><strong>Campagne.<\/strong><\/em>\u00ab\u00a0, a-t-il promis Mr Camara devant une foule fortement mobilis\u00e9e \u00e0 sa cause.<\/div>\n<div dir=\"auto\"><a href=\"https:\/\/i0.wp.com\/liberationinfo.com\/wp-content\/uploads\/2026\/03\/IMG-20260308-WA0058.jpg\"><img data-recalc-dims=\"1\" loading=\"lazy\" decoding=\"async\" class=\"alignnone size-medium wp-image-29554\" src=\"https:\/\/i0.wp.com\/liberationinfo.com\/wp-content\/uploads\/2026\/03\/IMG-20260308-WA0058.jpg?resize=300%2C169\" alt=\"\" width=\"300\" height=\"169\" srcset=\"https:\/\/i0.wp.com\/liberationinfo.com\/wp-content\/uploads\/2026\/03\/IMG-20260308-WA0058.jpg?resize=300%2C169&amp;ssl=1 300w, https:\/\/i0.wp.com\/liberationinfo.com\/wp-content\/uploads\/2026\/03\/IMG-20260308-WA0058.jpg?resize=1024%2C576&amp;ssl=1 1024w, https:\/\/i0.wp.com\/liberationinfo.com\/wp-content\/uploads\/2026\/03\/IMG-20260308-WA0058.jpg?resize=768%2C432&amp;ssl=1 768w, https:\/\/i0.wp.com\/liberationinfo.com\/wp-content\/uploads\/2026\/03\/IMG-20260308-WA0058.jpg?resize=696%2C392&amp;ssl=1 696w, https:\/\/i0.wp.com\/liberationinfo.com\/wp-content\/uploads\/2026\/03\/IMG-20260308-WA0058.jpg?resize=1068%2C601&amp;ssl=1 1068w, https:\/\/i0.wp.com\/liberationinfo.com\/wp-content\/uploads\/2026\/03\/IMG-20260308-WA0058.jpg?resize=747%2C420&amp;ssl=1 747w, https:\/\/i0.wp.com\/liberationinfo.com\/wp-content\/uploads\/2026\/03\/IMG-20260308-WA0058.jpg?resize=750%2C422&amp;ssl=1 750w, https:\/\/i0.wp.com\/liberationinfo.com\/wp-content\/uploads\/2026\/03\/IMG-20260308-WA0058.jpg?resize=1140%2C641&amp;ssl=1 1140w, https:\/\/i0.wp.com\/liberationinfo.com\/wp-content\/uploads\/2026\/03\/IMG-20260308-WA0058.jpg?w=1280&amp;ssl=1 1280w\" sizes=\"auto, (max-width: 300px) 100vw, 300px\" \/><\/a><\/div>\n<\/div>\n<div dir=\"auto\"><\/div>\n<div dir=\"auto\">Les repr\u00e9sentants des quartiers ont exprim\u00e9 leur soutien \u00e0 monsieur Mohamed Camara qui est un fils originaire de Lambanyi et qui a pos\u00e9 plusieurs actes en faveur du developpement de la commune de Lambanyi. Mr Kouroussa Mandjou, membre du directoire r\u00e9gional de la ville de Conakry, a rassur\u00e9 les populations de la commune urbaine de Lambanyi sur une \u00e9ventuelle candidature de monsieur Camara.<\/div>\n<div dir=\"auto\">\n<div dir=\"auto\"><\/div>\n<div dir=\"auto\"><em><strong>\u00a0\u00bb Pendant plusieurs ann\u00e9es il s\u2019est batti pour le d\u00e9veloppement de commune. La candidature de monsieur Camara a \u00e9t\u00e9 valid\u00e9e. Il y a pas un candidat \u00e0 Conakry qui mobilise comme Mr Camara ( Maire). Dieu a d\u00e9ja donn\u00e9 la mairie \u00e0 monsieur Camara, gr\u00e2ce \u00e0 son dynamisme pendant plusieurs ann\u00e9es. Son nom est d\u00e9ja \u00e0 la presidence, il y a commenc\u00e9 \u00e0 se battre pour le president Mamadi Doumbouya depuis plusieurs mois. Il faut que tout le monde se batte pour \u00e9lire monsieur Camara \u00e0 la t\u00eate de la commune de Lambanyi. Je vous rassure que votre futur maire est d\u00e9ja connu \u00e0 la pr\u00e9sidence pour tous ses efforts consentis pour l&rsquo;\u00e9lection du chef de l\u2019\u00c9tat et\u00a0<\/strong><\/em><\/div>\n<div dir=\"auto\"><em><strong>pour les citoyens de Lambanyi. Parmi tous les candidats c&rsquo;est le meilleur profil, il est la seule candidature valid\u00e9e pour la ville de Conakry<\/strong><\/em>.\u00a0\u00bb, a-t-il fait savoir Mr Kourouma.<\/div>\n<div dir=\"auto\"><a href=\"https:\/\/i0.wp.com\/liberationinfo.com\/wp-content\/uploads\/2026\/03\/IMG-20260308-WA0059.jpg\"><img data-recalc-dims=\"1\" loading=\"lazy\" decoding=\"async\" class=\"alignnone size-medium wp-image-29555\" src=\"https:\/\/i0.wp.com\/liberationinfo.com\/wp-content\/uploads\/2026\/03\/IMG-20260308-WA0059.jpg?resize=300%2C169\" alt=\"\" width=\"300\" height=\"169\" srcset=\"https:\/\/i0.wp.com\/liberationinfo.com\/wp-content\/uploads\/2026\/03\/IMG-20260308-WA0059.jpg?resize=300%2C169&amp;ssl=1 300w, https:\/\/i0.wp.com\/liberationinfo.com\/wp-content\/uploads\/2026\/03\/IMG-20260308-WA0059.jpg?resize=1024%2C576&amp;ssl=1 1024w, https:\/\/i0.wp.com\/liberationinfo.com\/wp-content\/uploads\/2026\/03\/IMG-20260308-WA0059.jpg?resize=768%2C432&amp;ssl=1 768w, https:\/\/i0.wp.com\/liberationinfo.com\/wp-content\/uploads\/2026\/03\/IMG-20260308-WA0059.jpg?resize=696%2C392&amp;ssl=1 696w, https:\/\/i0.wp.com\/liberationinfo.com\/wp-content\/uploads\/2026\/03\/IMG-20260308-WA0059.jpg?resize=1068%2C601&amp;ssl=1 1068w, https:\/\/i0.wp.com\/liberationinfo.com\/wp-content\/uploads\/2026\/03\/IMG-20260308-WA0059.jpg?resize=747%2C420&amp;ssl=1 747w, https:\/\/i0.wp.com\/liberationinfo.com\/wp-content\/uploads\/2026\/03\/IMG-20260308-WA0059.jpg?resize=750%2C422&amp;ssl=1 750w, https:\/\/i0.wp.com\/liberationinfo.com\/wp-content\/uploads\/2026\/03\/IMG-20260308-WA0059.jpg?resize=1140%2C641&amp;ssl=1 1140w, https:\/\/i0.wp.com\/liberationinfo.com\/wp-content\/uploads\/2026\/03\/IMG-20260308-WA0059.jpg?w=1280&amp;ssl=1 1280w\" sizes=\"auto, (max-width: 300px) 100vw, 300px\" \/><\/a><\/div>\n<div dir=\"auto\"><\/div>\n<div dir=\"auto\">Pour cette premi\u00e8re prise de contact avec les repr\u00e9sentants des 14 quartiers de la commune de Lambanyi, Mohamed Camara a remis aux participants les fiches pour la mise en place des antennes de la G\u00e9n\u00e9ration pour la Modernisation et le D\u00e9veloppement (GMD), dans tous les quartiers et secteurs de Lambanyi.<\/div>\n<div dir=\"auto\"><\/div>\n<div dir=\"auto\"><\/div>\n<div dir=\"auto\"><strong>Mohamed Camara\u00a0<\/strong><\/div>\n<\/div>\n<div dir=\"auto\"><strong>621 50 18 47\u00a0<\/strong><\/div>\n<div dir=\"auto\"><\/div>\n<\/div>\n","protected":false},"excerpt":{"rendered":"<p>Le candidat potentiel \u00e0 l&rsquo;\u00e9lection communale prochaine, dans la commune urbaine de Lambanyi, Mohamed Camara a tenu une r\u00e9union de prise de contact avec les repr\u00e9sentants des 14 quartiers de la commune. La r\u00e9union avait pour objectif de pr\u00e9senter le candidat et son programme, ainsi que de recueillir les pr\u00e9occupations et les attentes des habitants [&hellip;]<\/p>\n","protected":false},"author":2,"featured_media":29556,"comment_status":"closed","ping_status":"closed","sticky":false,"template":"","format":"standard","meta":{"_jetpack_memberships_contains_paid_content":false,"footnotes":""},"categories":[4,5,6],"tags":[],"class_list":["post-29551","post","type-post","status-publish","format-standard","has-post-thumbnail","hentry","category-actu","category-politique","category-societe"],"jetpack_featured_media_url":"https:\/\/i0.wp.com\/liberationinfo.com\/wp-content\/uploads\/2026\/03\/IMG-20260308-WA0045.jpg?fit=829%2C683&ssl=1","jetpack-related-posts":[],"jetpack_sharing_enabled":true,"_links":{"self":[{"href":"https:\/\/liberationinfo.com\/index.php\/wp-json\/wp\/v2\/posts\/29551","targetHints":{"allow":["GET"]}}],"collection":[{"href":"https:\/\/liberationinfo.com\/index.php\/wp-json\/wp\/v2\/posts"}],"about":[{"href":"https:\/\/liberationinfo.com\/index.php\/wp-json\/wp\/v2\/types\/post"}],"author":[{"embeddable":true,"href":"https:\/\/liberationinfo.com\/index.php\/wp-json\/wp\/v2\/users\/2"}],"replies":[{"embeddable":true,"href":"https:\/\/liberationinfo.com\/index.php\/wp-json\/wp\/v2\/comments?post=29551"}],"version-history":[{"count":1,"href":"https:\/\/liberationinfo.com\/index.php\/wp-json\/wp\/v2\/posts\/29551\/revisions"}],"predecessor-version":[{"id":29557,"href":"https:\/\/liberationinfo.com\/index.php\/wp-json\/wp\/v2\/posts\/29551\/revisions\/29557"}],"wp:featuredmedia":[{"embeddable":true,"href":"https:\/\/liberationinfo.com\/index.php\/wp-json\/wp\/v2\/media\/29556"}],"wp:attachment":[{"href":"https:\/\/liberationinfo.com\/index.php\/wp-json\/wp\/v2\/media?parent=29551"}],"wp:term":[{"taxonomy":"category","embeddable":true,"href":"https:\/\/liberationinfo.com\/index.php\/wp-json\/wp\/v2\/categories?post=29551"},{"taxonomy":"post_tag","embeddable":true,"href":"https:\/\/liberationinfo.com\/index.php\/wp-json\/wp\/v2\/tags?post=29551"}],"curies":[{"name":"wp","href":"https:\/\/api.w.org\/{rel}","templated":true}]}}