{"id":29545,"date":"2026-03-06T22:12:31","date_gmt":"2026-03-06T22:12:31","guid":{"rendered":"https:\/\/liberationinfo.com\/?p=29545"},"modified":"2026-03-06T22:12:31","modified_gmt":"2026-03-06T22:12:31","slug":"port-autonome-de-conakry-ali-koita-nomme-au-poste-de-directeur-general","status":"publish","type":"post","link":"https:\/\/liberationinfo.com\/index.php\/port-autonome-de-conakry-ali-koita-nomme-au-poste-de-directeur-general\/","title":{"rendered":"Port autonome de Conakry : Ali Ko\u00efta nomm\u00e9 au poste de Directeur G\u00e9n\u00e9ral\u2026"},"content":{"rendered":"<div dir=\"auto\"><\/div>\n<div dir=\"auto\"><\/div>\n<div dir=\"auto\">\u00c0 peine rentr\u00e9 au bercail, apr\u00e8s quelques jours sabatique, le pr\u00e9sident de la R\u00e9publique, Mamadi Doumbouya a proc\u00e9d\u00e9 aux changements \u00e0 la t\u00eate du Port autonome de Conakry.<\/div>\n<div dir=\"auto\"><\/div>\n<div dir=\"auto\">Dans un d\u00e9cret publi\u00e9 sur la t\u00e9l\u00e9vision nationale, le chef de l\u2019\u00c9tat Mamadi Doumbouya a nomm\u00e9 Aly Ko\u00efta comme nouveau directeur g\u00e9n\u00e9ral du Port autonome de Conakry. Il remplace Monsieur Mamadou Biro Diallo, appel\u00e9 \u00e0 d\u2019autres fonctions. Ali Ko\u00efta est un cr\u00e9dit\u00e9 d&rsquo;une forte popularit\u00e9 au sein de la famille portuaire \u00e0 cause de sa longue exp\u00e9rience acquise au port autonome de Conakry depuis plusieurs ann\u00e9es.<\/div>\n<div dir=\"auto\"><\/div>\n<div dir=\"auto\"><\/div>\n<div dir=\"auto\">Dans le m\u00eame d\u00e9cret au poste de directrice adjointe, Mme Sia Kagno Tolno a \u00e9t\u00e9 nomm\u00e9e comme directrice g\u00e9n\u00e9rale adjointe du port autonome de Conakry.<\/div>\n<div dir=\"auto\"><\/div>\n<div dir=\"auto\">D\u00e9sormais c&rsquo;est une nouvelle \u00e8re qui s&rsquo;ouvre pour le port autonome de Conakry avec la nomination d\u2019un fin connaisseur des dossiers strat\u00e9giques et sensibles.<\/div>\n<div dir=\"auto\"><\/div>\n<div dir=\"auto\"><strong>Mohamed Camara\u00a0<\/strong><\/div>\n<div dir=\"auto\"><\/div>\n<div dir=\"auto\"><strong>621 50 18 47\u00a0<\/strong><\/div>\n","protected":false},"excerpt":{"rendered":"<p>\u00c0 peine rentr\u00e9 au bercail, apr\u00e8s quelques jours sabatique, le pr\u00e9sident de la R\u00e9publique, Mamadi Doumbouya a proc\u00e9d\u00e9 aux changements \u00e0 la t\u00eate du Port autonome de Conakry. Dans un d\u00e9cret publi\u00e9 sur la t\u00e9l\u00e9vision nationale, le chef de l\u2019\u00c9tat Mamadi Doumbouya a nomm\u00e9 Aly Ko\u00efta comme nouveau directeur g\u00e9n\u00e9ral du Port autonome de Conakry. [&hellip;]<\/p>\n","protected":false},"author":2,"featured_media":29546,"comment_status":"closed","ping_status":"closed","sticky":false,"template":"","format":"standard","meta":{"_jetpack_memberships_contains_paid_content":false,"footnotes":""},"categories":[4,5,6],"tags":[],"class_list":["post-29545","post","type-post","status-publish","format-standard","has-post-thumbnail","hentry","category-actu","category-politique","category-societe"],"jetpack_featured_media_url":"https:\/\/i0.wp.com\/liberationinfo.com\/wp-content\/uploads\/2026\/03\/cwcvnb.png?fit=1545%2C804&ssl=1","jetpack-related-posts":[],"jetpack_sharing_enabled":true,"_links":{"self":[{"href":"https:\/\/liberationinfo.com\/index.php\/wp-json\/wp\/v2\/posts\/29545","targetHints":{"allow":["GET"]}}],"collection":[{"href":"https:\/\/liberationinfo.com\/index.php\/wp-json\/wp\/v2\/posts"}],"about":[{"href":"https:\/\/liberationinfo.com\/index.php\/wp-json\/wp\/v2\/types\/post"}],"author":[{"embeddable":true,"href":"https:\/\/liberationinfo.com\/index.php\/wp-json\/wp\/v2\/users\/2"}],"replies":[{"embeddable":true,"href":"https:\/\/liberationinfo.com\/index.php\/wp-json\/wp\/v2\/comments?post=29545"}],"version-history":[{"count":1,"href":"https:\/\/liberationinfo.com\/index.php\/wp-json\/wp\/v2\/posts\/29545\/revisions"}],"predecessor-version":[{"id":29547,"href":"https:\/\/liberationinfo.com\/index.php\/wp-json\/wp\/v2\/posts\/29545\/revisions\/29547"}],"wp:featuredmedia":[{"embeddable":true,"href":"https:\/\/liberationinfo.com\/index.php\/wp-json\/wp\/v2\/media\/29546"}],"wp:attachment":[{"href":"https:\/\/liberationinfo.com\/index.php\/wp-json\/wp\/v2\/media?parent=29545"}],"wp:term":[{"taxonomy":"category","embeddable":true,"href":"https:\/\/liberationinfo.com\/index.php\/wp-json\/wp\/v2\/categories?post=29545"},{"taxonomy":"post_tag","embeddable":true,"href":"https:\/\/liberationinfo.com\/index.php\/wp-json\/wp\/v2\/tags?post=29545"}],"curies":[{"name":"wp","href":"https:\/\/api.w.org\/{rel}","templated":true}]}}