{"id":2909,"date":"2020-12-01T20:58:08","date_gmt":"2020-12-01T19:58:08","guid":{"rendered":"https:\/\/liberationinfo.com\/?p=2909"},"modified":"2020-12-01T20:58:08","modified_gmt":"2020-12-01T19:58:08","slug":"apres-la-mort-dun-policier-baffoe-durcit-le-ton-les-gens-la-pensent-quils-peuvent-decourager-la-police-nationale","status":"publish","type":"post","link":"https:\/\/liberationinfo.com\/index.php\/apres-la-mort-dun-policier-baffoe-durcit-le-ton-les-gens-la-pensent-quils-peuvent-decourager-la-police-nationale\/","title":{"rendered":"Apr\u00e8s la mort d&rsquo;un policier, Baffo\u00e9 durcit le ton: \u00ab\u00a0les  gens l\u00e0 pensent qu\u2019ils peuvent d\u00e9courager la police nationale\u00a0\u00bb&#8230;"},"content":{"rendered":"<div class=\"wrapper-outer\">\n<div id=\"wrapper\" class=\"wide-layout\">\n<div class=\"inner-wrapper\">\n<div id=\"main-content\" class=\"container\">\n<div class=\"content\">\n<article id=\"the-post\" class=\"post-listing post-14181 post type-post status-publish format-standard has-post-thumbnail  category-societe\">\n<div class=\"post-inner\">\n<h1 class=\"name post-title entry-title\"><\/h1>\n<div class=\"clear\"><\/div>\n<div class=\"entry\">\n<p>Install\u00e9e pour s\u00e9curiser la population et leur bien, une \u00e9quipe de la police a \u00e9t\u00e9 victime d\u2019une attaque arm\u00e9e dans la nuit du lundi au mardi 1er d\u00e9cembre 2020, par un groupe d\u2019assaillants au niveau de Wanidara, dans la commune de Ratoma.<\/p>\n<p>&nbsp;<\/p>\n<p>Lors des attaques par deux (2) groupes d\u2019assaillants, un policier a trouv\u00e9 la mort et d\u2019autres ont \u00e9t\u00e9 bless\u00e9s par balles.<\/p>\n<p>&nbsp;<\/p>\n<p>Au lendemain de cette attaque le Directeur G\u00e9n\u00e9ral de la police nationale G\u00e9n\u00e9ral Anssoumane Baffo\u00e9 Camara \u00e0 travers une intervention dans les medias a promis de d\u00e9ployer un dispositif costaud pour que les auteurs soient\u00a0 retrouv\u00e9s.<\/p>\n<p>&nbsp;<\/p>\n<p>&nbsp;<\/p>\n<p>\u00ab\u00a0Hier nuit, un groupe de jeunes qui roulaient sur une moto ont tir\u00e9 avec des armes de calibre 12 \u00a0dans un premier temps sur notre dispositif qui est\u00a0 \u00e0 Wanidara assis paisiblement en train d\u2019assurer la s\u00e9curit\u00e9 des citoyens et leurs biens. Sur le cout, 3 agents ont \u00e9t\u00e9 bless\u00e9s.\u00a0<em>\u00a0<\/em>Il\u00a0y\u2019a un qui a le pied fractur\u00e9,\u00a0 l\u2019autre a sa cheville couper l\u2019autre a pris des chevrotins\u00a0sur la t\u00eate. Et le 4eme assaillant\u00a0 est venu avec cette fois ci un PMAK qui a abattus un brigadier mort sur place\u00a0\u00bb<em>.<\/em><\/p>\n<p><em>\u00a0<\/em><\/p>\n<p><em>\u00ab\u00a0\u00a0<\/em>Vous m\u00eame vous savez vue assez d\u2019impacts sur le v\u00e9hicule,\u00a0 c\u2019est \u00e0 dire celui qui a tir\u00e9 n\u2019est pas un professionnel il a tir\u00e9 au hasard jusqu\u2019\u00e0 tuer un policier. Nous la police on nous interdit\u00a0 l\u2019arme \u00e0 feu, on ne vient seulement que dans le dispositif de maintien d\u2019ordre avec des mat\u00e9riels conventionnels. Ce qui nous m\u00e8ne \u00e0 dire que nous prenons l\u2019opinion nationale et internationale que le mode de travail que les gens sont en train de faire actuellement parce que j\u2019ai remarqu\u00e9 que c\u2019est la police qui est victime\u00a0\u00bb.<\/p>\n<p>&nbsp;<\/p>\n<p>\u00ab\u00a0Les gens l\u00e0 pensent qu\u2019ils peuvent d\u00e9courager la police nationale. C\u2019est pour dire \u00e0 ces bandits l\u00e0 que les gens qui\u00a0 sont derri\u00e8re \u00e7a en pensant qu\u2019ils peuvent permettre \u00e0 la police de reculer, au contraire ils verront ces jours y un dispositif costaud. Et \u00a0ceux qui ont fait cette attaque seront retrouv\u00e9s. Ils\u00a0 roulent sur la moto. Donc je profite pour dire au maire de la commune de Ratoma, aux chefs de quartier de diff\u00e9rents commune de Ratoma que ces jours-ci, \u00a0nous ferons des ratissages pour que ceux qui sont en train de tirer sur nous pour qu\u2019on puisse savoir ils viennent d\u2019o\u00f9, ils sont \u00e0 la solde de qui?\u00a0\u00bb S\u2019interroge G\u00e9n\u00e9ral Baffo\u00e9.<\/p>\n<p>&nbsp;<\/p>\n<p>Par ailleurs, le Directeur G\u00e9n\u00e9ral du service de sant\u00e9 des arm\u00e9es au camp Samory\u00a0\u00a0Tour\u00e9 ou les bless\u00e9s suivent leurs soins, Colonel\u00a0Ibrahima Kalil Tour\u00e9 a expliqu\u00e9 dans quel \u00e9tat les bless\u00e9s ont \u00e9t\u00e9 admis pour des soins.<\/p>\n<p>&nbsp;<\/p>\n<p>\u00bb\u00a0Nous avons re\u00e7u cinq (5) policiers dont un \u00e9tait d\u00e9j\u00e0 mort son corps se trouve actuellement \u00e0 l\u2019h\u00f4pital\u00a0 Ignace Deen et 4 autres \u00e9taient bless\u00e9s par balles \u00e0 Wanidara \u00a0dans la nuit d\u2019hier\u00a0aux environs de 20h. Maintenant l\u2019\u00e9tat de sant\u00e9 de ces 4 policiers est tr\u00e8s bien et nous ferons tout pour qu\u2019ils puissent recouvrer leur sant\u00e9. Ils\u00a0 sont d\u00e9j\u00e0 re\u00e7u les 1ers\u00a0 soins et nous allons continuer a donn\u00e9 les autres soins. Donc leurs vie ne sont\u00a0 pas en danger ils se portent tr\u00e8s bien,\u00a0\u00bb rassure.<\/p>\n<p>&nbsp;<\/p>\n<p><strong>Ibrahima Sory Camara<\/strong><\/p>\n<\/div>\n<div class=\"share-post\">\n<p>&nbsp;<\/p>\n<\/div>\n<\/div>\n<\/article>\n<section id=\"author-box\">\n<div class=\"post-listing\">\n<div class=\"author-bio\">\n<div class=\"author-description\"><\/div>\n<div class=\"author-social flat-social\"><\/div>\n<div class=\"clear\"><\/div>\n<\/div>\n<\/div>\n<\/section>\n<div class=\"post-navigation\">\n<div class=\"post-previous\"><a style=\"font-family: Roboto, sans-serif;font-size: 22px\" href=\"https:\/\/www.guineequotidien.com\/2020\/12\/01\/resistance-aux-antimicrobiens-ram-la-guinee-valide-son-plan-national-de-lutte-suite-a-laccompagnement-de-lexpertise-france\/\">\u00a0<\/a><\/div>\n<\/div>\n<section id=\"related_posts\">\n<div class=\"post-listing\">\n<div class=\"related-item\">\n<h3><\/h3>\n<\/div>\n<\/div>\n<\/section>\n<\/div>\n<\/div>\n<\/div>\n<\/div>\n<\/div>\n","protected":false},"excerpt":{"rendered":"<p>Install\u00e9e pour s\u00e9curiser la population et leur bien, une \u00e9quipe de la police a \u00e9t\u00e9 victime d\u2019une attaque arm\u00e9e dans la nuit du lundi au mardi 1er d\u00e9cembre 2020, par un groupe d\u2019assaillants au niveau de Wanidara, dans la commune de Ratoma. &nbsp; Lors des attaques par deux (2) groupes d\u2019assaillants, un policier a trouv\u00e9 [&hellip;]<\/p>\n","protected":false},"author":2,"featured_media":844,"comment_status":"open","ping_status":"open","sticky":false,"template":"","format":"standard","meta":{"_jetpack_memberships_contains_paid_content":false,"footnotes":""},"categories":[4,5],"tags":[],"class_list":["post-2909","post","type-post","status-publish","format-standard","has-post-thumbnail","hentry","category-actu","category-politique"],"jetpack_featured_media_url":"https:\/\/i0.wp.com\/liberationinfo.com\/wp-content\/uploads\/2020\/08\/images-8.jpg?fit=640%2C362&ssl=1","jetpack-related-posts":[],"jetpack_sharing_enabled":true,"_links":{"self":[{"href":"https:\/\/liberationinfo.com\/index.php\/wp-json\/wp\/v2\/posts\/2909","targetHints":{"allow":["GET"]}}],"collection":[{"href":"https:\/\/liberationinfo.com\/index.php\/wp-json\/wp\/v2\/posts"}],"about":[{"href":"https:\/\/liberationinfo.com\/index.php\/wp-json\/wp\/v2\/types\/post"}],"author":[{"embeddable":true,"href":"https:\/\/liberationinfo.com\/index.php\/wp-json\/wp\/v2\/users\/2"}],"replies":[{"embeddable":true,"href":"https:\/\/liberationinfo.com\/index.php\/wp-json\/wp\/v2\/comments?post=2909"}],"version-history":[{"count":0,"href":"https:\/\/liberationinfo.com\/index.php\/wp-json\/wp\/v2\/posts\/2909\/revisions"}],"wp:featuredmedia":[{"embeddable":true,"href":"https:\/\/liberationinfo.com\/index.php\/wp-json\/wp\/v2\/media\/844"}],"wp:attachment":[{"href":"https:\/\/liberationinfo.com\/index.php\/wp-json\/wp\/v2\/media?parent=2909"}],"wp:term":[{"taxonomy":"category","embeddable":true,"href":"https:\/\/liberationinfo.com\/index.php\/wp-json\/wp\/v2\/categories?post=2909"},{"taxonomy":"post_tag","embeddable":true,"href":"https:\/\/liberationinfo.com\/index.php\/wp-json\/wp\/v2\/tags?post=2909"}],"curies":[{"name":"wp","href":"https:\/\/api.w.org\/{rel}","templated":true}]}}