{"id":28869,"date":"2025-11-28T11:41:12","date_gmt":"2025-11-28T11:41:12","guid":{"rendered":"https:\/\/liberationinfo.com\/?p=28869"},"modified":"2025-11-28T11:41:12","modified_gmt":"2025-11-28T11:41:12","slug":"guinee-les-victimes-de-kaporo-rails-kipe-2-dimess-recoivent-les-titres-fonciers-donnes-par-letat","status":"publish","type":"post","link":"https:\/\/liberationinfo.com\/index.php\/guinee-les-victimes-de-kaporo-rails-kipe-2-dimess-recoivent-les-titres-fonciers-donnes-par-letat\/","title":{"rendered":"Guin\u00e9e: Les victimes de Kaporo-Rails, Kip\u00e9 2, Dimess re\u00e7oivent les titres fonciers donn\u00e9s par l&rsquo;\u00e9tat\u00a0"},"content":{"rendered":"<div id=\"td-mobile-nav\">\n<div class=\"td-mobile-container\">\n<div class=\"td-menu-socials-wrap\">\n<div class=\"td-menu-socials\"><span style=\"color: #111111; font-family: Roboto, sans-serif; font-size: 32px;\">Le gouvernement guin\u00e9en, \u00e0 travers le minist\u00e8re de l\u2019Urbanisme, de l\u2019Habitat et charg\u00e9 de la r\u00e9cup\u00e9ration des domaines spoli\u00e9s de l\u2019\u00c9tat, a proc\u00e9d\u00e9 ce jeudi 27 novembre 2025 \u00e0 la remise officielle des premiers titres fonciers aux victimes des d\u00e9guerpissements de Kaporo-Rails, Kip\u00e9 2 et Dimess. La c\u00e9r\u00e9monie s\u2019est tenue \u00e0 Kip\u00e9, dans la commune de Ratoma, en pr\u00e9sence de plusieurs membres du gouvernement et des b\u00e9n\u00e9ficiaires.<\/span><\/div>\n<\/div>\n<\/div>\n<\/div>\n<div id=\"td-outer-wrap\" class=\"td-theme-wrap\">\n<div class=\"td-main-content-wrap td-container-wrap\">\n<div class=\"td-container td-post-template-2\">\n<article id=\"post-6213\" class=\"post-6213 post type-post status-publish format-standard has-post-thumbnail category-faits-divers category-news tag-titres-fonciers\">\n<div class=\"td-pb-row\">\n<div class=\"td-pb-span8 td-main-content\" role=\"main\">\n<div class=\"td-ss-main-content\">\n<div class=\"td-post-content tagdiv-type\">\n<p><img data-recalc-dims=\"1\" loading=\"lazy\" decoding=\"async\" class=\"alignnone size-full wp-image-6214 td-animation-stack-type0-2\" src=\"https:\/\/i0.wp.com\/ledenonciateur224.com\/wp-content\/uploads\/2025\/11\/whatsapp-image-2025-11-27-at-191628-768x375-1.jpeg?resize=696%2C340&#038;ssl=1\" sizes=\"auto, (max-width: 768px) 100vw, 768px\" srcset=\"https:\/\/ledenonciateur224.com\/wp-content\/uploads\/2025\/11\/whatsapp-image-2025-11-27-at-191628-768x375-1.jpeg 768w, https:\/\/ledenonciateur224.com\/wp-content\/uploads\/2025\/11\/whatsapp-image-2025-11-27-at-191628-768x375-1-300x146.jpeg 300w, https:\/\/ledenonciateur224.com\/wp-content\/uploads\/2025\/11\/whatsapp-image-2025-11-27-at-191628-768x375-1-150x73.jpeg 150w, https:\/\/ledenonciateur224.com\/wp-content\/uploads\/2025\/11\/whatsapp-image-2025-11-27-at-191628-768x375-1-696x340.jpeg 696w, https:\/\/ledenonciateur224.com\/wp-content\/uploads\/2025\/11\/whatsapp-image-2025-11-27-at-191628-768x375-1-533x261.jpeg 533w\" alt=\"\" width=\"696\" height=\"340\" \/><\/p>\n<p>Dans la salle, les larmes ont laiss\u00e9 place \u00e0 l\u2019espoir. Ce jeudi, 600 personnes \u2014 parmi les 20 600 d\u00e9guerpis \u2014 ont re\u00e7u leurs titres fonciers individuels. Un geste symbolique, mais immens\u00e9ment charg\u00e9 de sens pour ces familles qui ont v\u00e9cu cinq ann\u00e9es d\u2019injustice, d\u2019incertitude et de survie quotidienne.<br \/>\nLes visages sont fatigu\u00e9s, mais soulag\u00e9s. Dans leurs mains tremblantes, un document qui change tout : le titre foncier. Ce jour-l\u00e0, les victimes ne r\u00e9clamaient pas la charit\u00e9, mais la reconnaissance de leur dignit\u00e9 et de leurs droits.<\/p>\n<p><img data-recalc-dims=\"1\" loading=\"lazy\" decoding=\"async\" class=\"alignnone size-full wp-image-6218 td-animation-stack-type0-2\" src=\"https:\/\/i0.wp.com\/ledenonciateur224.com\/wp-content\/uploads\/2025\/11\/fb-img-1764283409555.jpg?resize=696%2C523&#038;ssl=1\" sizes=\"auto, (max-width: 2048px) 100vw, 2048px\" srcset=\"https:\/\/ledenonciateur224.com\/wp-content\/uploads\/2025\/11\/fb-img-1764283409555.jpg 2048w, https:\/\/ledenonciateur224.com\/wp-content\/uploads\/2025\/11\/fb-img-1764283409555-300x225.jpg 300w, https:\/\/ledenonciateur224.com\/wp-content\/uploads\/2025\/11\/fb-img-1764283409555-1024x769.jpg 1024w, https:\/\/ledenonciateur224.com\/wp-content\/uploads\/2025\/11\/fb-img-1764283409555-768x577.jpg 768w, https:\/\/ledenonciateur224.com\/wp-content\/uploads\/2025\/11\/fb-img-1764283409555-1536x1154.jpg 1536w, https:\/\/ledenonciateur224.com\/wp-content\/uploads\/2025\/11\/fb-img-1764283409555-150x113.jpg 150w, https:\/\/ledenonciateur224.com\/wp-content\/uploads\/2025\/11\/fb-img-1764283409555-696x523.jpg 696w, https:\/\/ledenonciateur224.com\/wp-content\/uploads\/2025\/11\/fb-img-1764283409555-1068x802.jpg 1068w, https:\/\/ledenonciateur224.com\/wp-content\/uploads\/2025\/11\/fb-img-1764283409555-1920x1442.jpg 1920w, https:\/\/ledenonciateur224.com\/wp-content\/uploads\/2025\/11\/fb-img-1764283409555-559x420.jpg 559w, https:\/\/ledenonciateur224.com\/wp-content\/uploads\/2025\/11\/fb-img-1764283409555-80x60.jpg 80w, https:\/\/ledenonciateur224.com\/wp-content\/uploads\/2025\/11\/fb-img-1764283409555-265x198.jpg 265w\" alt=\"\" width=\"696\" height=\"523\" \/><\/p>\n<p>&nbsp;<\/p>\n<p>Derri\u00e8re chaque titre remis se cache une histoire : des nuits pass\u00e9es \u00e0 se demander\u00a0<em>\u00ab o\u00f9 allons-nous vivre demain ? \u00bb<\/em>, des ann\u00e9es de patience et de r\u00e9silience, et un combat silencieux men\u00e9 par des milliers de familles.<\/p>\n<h3><strong>\u201cLe pr\u00e9sident a essuy\u00e9 nos larmes\u201d \u2014 Mamadou Samba Sow<\/strong><\/h3>\n<p>Mamadou Samba Sow, porte-parole des victimes, a rappel\u00e9 que cette journ\u00e9e resterait grav\u00e9e dans la m\u00e9moire collective :<br \/>\n<em>\u201cAujourd\u2019hui est une autre date historique apr\u00e8s le 14 septembre 2024\u2026 C\u2019est la toute premi\u00e8re fois que 600 titres fonciers individuels sont remis officiellement \u00e0 nos familles. C\u2019est une \u00e9tape importante, mais beaucoup reste encore \u00e0 faire.\u201d<\/em><\/p>\n<p>Il souligne que plus de 2 000 familles attendent encore la r\u00e9gularisation. Selon lui, le ministre de l\u2019Habitat, Mory Cond\u00e9, a d\u00e9j\u00e0 instruit ses services \u00e0 reprendre les appels d\u00e8s ce vendredi pour finaliser tous les dossiers avant le 2 janvier 2026.<br \/>\nIl a \u00e9galement salu\u00e9 l\u2019\u00e9coute du pr\u00e9sident Mamadi Doumbouya :<br \/>\n<em>\u201cL\u00e0 o\u00f9 les autres nous ont fait pleurer, lui a choisi d\u2019essuyer nos larmes. Entre les victimes et le pr\u00e9sident, il y a d\u00e9sormais un pacte moral. Il peut compter sur nous.\u201d<\/em><\/p>\n<p>Le porte-parole du gouvernement, Ousmane Gaoual Diallo, a livr\u00e9 un t\u00e9moignage poignant. Il se souvient d\u2019une vieille dame de plus de 80 ans venue lui demander, d\u2019une voix tremblante, si elle reverrait un jour sa terre.<br \/>\n<em>\u201cElle m\u2019a dit : \u2018j\u2019esp\u00e8re \u00eatre encore vivante ce jour-l\u00e0\u2019.\u201d<\/em><\/p>\n<p>Il admet ne pas savoir si cette femme est encore en vie aujourd\u2019hui, mais affirme que c\u2019est pour elle \u2014 et pour toutes les familles bris\u00e9es par ce drame \u2014 que cette c\u00e9r\u00e9monie a eu lieu.<br \/>\nL\u2019\u00e9motion gagne la salle ; des larmes discr\u00e8tes coulent. Les blessures ne sont pas effac\u00e9es, mais elles commencent \u00e0 cicatriser.<\/p>\n<p>Le ministre de l\u2019Habitat, Mory Cond\u00e9, a rappel\u00e9 que cette op\u00e9ration s\u2019inscrit dans la vision du chef de l\u2019\u00c9tat :<br \/>\n<em>\u201cLe 5 septembre, il a annonc\u00e9 que la justice serait la boussole de sa gouvernance. C\u2019est ce que nous concr\u00e9tisons aujourd\u2019hui. Les victimes des trois quartiers seront r\u00e9tablies int\u00e9gralement dans leurs droits.\u201d<\/em><\/p>\n<p>Il assure que les 2 600 familles recens\u00e9es seront toutes prises en compte. L\u2019\u00c9tat poursuivra \u00e9galement l\u2019am\u00e9nagement du site de Wonkingfon et la compensation financi\u00e8re des personnes affect\u00e9es.<\/p>\n<p>Le Premier ministre, Amadou Oury Bah, a tenu \u00e0 porter un message d\u2019apaisement :<br \/>\n<em>\u201cOn ne pourra pas r\u00e9parer totalement ce que vous avez subi. Mais ce geste est un symbole. Un signe de reconstruction\u2026 un appel \u00e0 regarder vers le futur.\u201d<\/em><\/p>\n<p>Il rappelle avoir dit aux d\u00e9guerpis de conserver leurs documents, car un jour, ils seraient r\u00e9tablis dans leurs droits. Ce jour est arriv\u00e9.<\/p>\n<p>Cette c\u00e9r\u00e9monie n\u2019efface ni les blessures, ni les ann\u00e9es perdues, ni les familles d\u00e9chir\u00e9es. Mais elle redonne un souffle, une dignit\u00e9, une place dans la soci\u00e9t\u00e9.<br \/>\nLes victimes, longtemps marginalis\u00e9es, veulent d\u00e9sormais \u00eatre actrices de leur avenir.<\/p>\n<p>Ce 27 novembre marque le d\u00e9but d\u2019une r\u00e9paration, et peut-\u00eatre, d\u2019une r\u00e9conciliation durable entre l\u2019\u00c9tat et ses citoyens.<\/p>\n<p>Aboubacar Moussa Camara<\/p>\n<div class=\"sharedaddy sd-sharing-enabled\">\n<div class=\"robots-nocontent sd-block sd-social sd-social-icon-text sd-sharing\">\n<h3 class=\"sd-title\"><\/h3>\n<\/div>\n<\/div>\n<\/div>\n<footer>\n<div class=\"td-post-sharing-bottom\">\n<div id=\"td_social_sharing_article_bottom\" class=\"td-post-sharing td-ps-bg td-ps-notext td-post-sharing-style1 \">\n<div class=\"td-post-sharing-visible\">\n<div class=\"td-social-but-icon\"><\/div>\n<div class=\"td-social-but-icon\"><\/div>\n<div class=\"td-social-but-icon\"><\/div>\n<div class=\"td-social-but-icon\"><\/div>\n<\/div>\n<\/div>\n<\/div>\n<div class=\"td-block-row td-post-next-prev\">\n<div class=\"td-block-span6 td-post-prev-post\">\n<div class=\"td-post-next-prev-content\"><\/div>\n<\/div>\n<\/div>\n<\/footer>\n<\/div>\n<\/div>\n<div class=\"td-pb-span4 td-main-sidebar\" role=\"complementary\">\n<div class=\"td-ss-main-sidebar\">\n<aside id=\"calendar-2\" class=\"td_block_template_1 widget calendar-2 widget_calendar\">\n<div id=\"calendar_wrap\" class=\"calendar_wrap\"><\/div>\n<\/aside>\n<\/div>\n<\/div>\n<\/div>\n<\/article>\n<\/div>\n<\/div>\n<\/div>\n","protected":false},"excerpt":{"rendered":"<p>Le gouvernement guin\u00e9en, \u00e0 travers le minist\u00e8re de l\u2019Urbanisme, de l\u2019Habitat et charg\u00e9 de la r\u00e9cup\u00e9ration des domaines spoli\u00e9s de l\u2019\u00c9tat, a proc\u00e9d\u00e9 ce jeudi 27 novembre 2025 \u00e0 la remise officielle des premiers titres fonciers aux victimes des d\u00e9guerpissements de Kaporo-Rails, Kip\u00e9 2 et Dimess. La c\u00e9r\u00e9monie s\u2019est tenue \u00e0 Kip\u00e9, dans la commune [&hellip;]<\/p>\n","protected":false},"author":2,"featured_media":28870,"comment_status":"closed","ping_status":"closed","sticky":false,"template":"","format":"standard","meta":{"_jetpack_memberships_contains_paid_content":false,"footnotes":""},"categories":[4,6],"tags":[],"class_list":["post-28869","post","type-post","status-publish","format-standard","has-post-thumbnail","hentry","category-actu","category-societe"],"jetpack_featured_media_url":"https:\/\/i0.wp.com\/liberationinfo.com\/wp-content\/uploads\/2025\/11\/fb-img-1764283376285-1536x1154-1.jpg?fit=1536%2C1154&ssl=1","jetpack-related-posts":[],"jetpack_sharing_enabled":true,"_links":{"self":[{"href":"https:\/\/liberationinfo.com\/index.php\/wp-json\/wp\/v2\/posts\/28869","targetHints":{"allow":["GET"]}}],"collection":[{"href":"https:\/\/liberationinfo.com\/index.php\/wp-json\/wp\/v2\/posts"}],"about":[{"href":"https:\/\/liberationinfo.com\/index.php\/wp-json\/wp\/v2\/types\/post"}],"author":[{"embeddable":true,"href":"https:\/\/liberationinfo.com\/index.php\/wp-json\/wp\/v2\/users\/2"}],"replies":[{"embeddable":true,"href":"https:\/\/liberationinfo.com\/index.php\/wp-json\/wp\/v2\/comments?post=28869"}],"version-history":[{"count":1,"href":"https:\/\/liberationinfo.com\/index.php\/wp-json\/wp\/v2\/posts\/28869\/revisions"}],"predecessor-version":[{"id":28871,"href":"https:\/\/liberationinfo.com\/index.php\/wp-json\/wp\/v2\/posts\/28869\/revisions\/28871"}],"wp:featuredmedia":[{"embeddable":true,"href":"https:\/\/liberationinfo.com\/index.php\/wp-json\/wp\/v2\/media\/28870"}],"wp:attachment":[{"href":"https:\/\/liberationinfo.com\/index.php\/wp-json\/wp\/v2\/media?parent=28869"}],"wp:term":[{"taxonomy":"category","embeddable":true,"href":"https:\/\/liberationinfo.com\/index.php\/wp-json\/wp\/v2\/categories?post=28869"},{"taxonomy":"post_tag","embeddable":true,"href":"https:\/\/liberationinfo.com\/index.php\/wp-json\/wp\/v2\/tags?post=28869"}],"curies":[{"name":"wp","href":"https:\/\/api.w.org\/{rel}","templated":true}]}}