{"id":28859,"date":"2025-11-26T22:43:58","date_gmt":"2025-11-26T22:43:58","guid":{"rendered":"https:\/\/liberationinfo.com\/?p=28859"},"modified":"2025-11-26T22:43:58","modified_gmt":"2025-11-26T22:43:58","slug":"matoto-le-ministre-de-lelevage-lance-la-campagne-de-vaccination-contre-la-rage","status":"publish","type":"post","link":"https:\/\/liberationinfo.com\/index.php\/matoto-le-ministre-de-lelevage-lance-la-campagne-de-vaccination-contre-la-rage\/","title":{"rendered":"Matoto : le ministre de l\u2019\u00c9levage lance la campagne de vaccination contre la rage"},"content":{"rendered":"<p>&nbsp;<\/p>\n<p>La mairie de Matoto a abrit\u00e9 le lancement officiel de la campagne de vaccination contre la rage, une initiative organis\u00e9e chaque ann\u00e9e \u00e0 la date du 28 septembre pour sensibiliser le public \u00e0 cette maladie et \u00e0 sa pr\u00e9vention.<\/p>\n<p>La c\u00e9r\u00e9monie, pr\u00e9sid\u00e9e par le ministre de l\u2019\u00c9levage, a r\u00e9uni d\u2019\u00e9minentes personnalit\u00e9s, notamment des cadres et Directeurs communaux de l\u2019\u00c9levage, les pr\u00e9sidents des d\u00e9l\u00e9gations sp\u00e9ciales des treize communes de Conakry, des repr\u00e9sentants des institutions internationales telles que l\u2019OMS et la FAO, ainsi que des responsables de quartiers.<\/p>\n<p><a href=\"https:\/\/i0.wp.com\/liberationinfo.com\/wp-content\/uploads\/2025\/11\/IMG-20251126-WA0012.jpg\"><img data-recalc-dims=\"1\" loading=\"lazy\" decoding=\"async\" class=\"alignnone size-medium wp-image-28860\" src=\"https:\/\/i0.wp.com\/liberationinfo.com\/wp-content\/uploads\/2025\/11\/IMG-20251126-WA0012.jpg?resize=300%2C200\" alt=\"\" width=\"300\" height=\"200\" srcset=\"https:\/\/i0.wp.com\/liberationinfo.com\/wp-content\/uploads\/2025\/11\/IMG-20251126-WA0012.jpg?resize=300%2C200&amp;ssl=1 300w, https:\/\/i0.wp.com\/liberationinfo.com\/wp-content\/uploads\/2025\/11\/IMG-20251126-WA0012.jpg?resize=1024%2C683&amp;ssl=1 1024w, https:\/\/i0.wp.com\/liberationinfo.com\/wp-content\/uploads\/2025\/11\/IMG-20251126-WA0012.jpg?resize=768%2C512&amp;ssl=1 768w, https:\/\/i0.wp.com\/liberationinfo.com\/wp-content\/uploads\/2025\/11\/IMG-20251126-WA0012.jpg?resize=696%2C464&amp;ssl=1 696w, https:\/\/i0.wp.com\/liberationinfo.com\/wp-content\/uploads\/2025\/11\/IMG-20251126-WA0012.jpg?resize=1068%2C712&amp;ssl=1 1068w, https:\/\/i0.wp.com\/liberationinfo.com\/wp-content\/uploads\/2025\/11\/IMG-20251126-WA0012.jpg?resize=630%2C420&amp;ssl=1 630w, https:\/\/i0.wp.com\/liberationinfo.com\/wp-content\/uploads\/2025\/11\/IMG-20251126-WA0012.jpg?resize=750%2C500&amp;ssl=1 750w, https:\/\/i0.wp.com\/liberationinfo.com\/wp-content\/uploads\/2025\/11\/IMG-20251126-WA0012.jpg?w=1080&amp;ssl=1 1080w\" sizes=\"auto, (max-width: 300px) 100vw, 300px\" \/><\/a><\/p>\n<p>Dans son allocution, le pr\u00e9sident de la d\u00e9l\u00e9gation sp\u00e9ciale de Matoto, M. Moussa Diallo, a souhait\u00e9 la bienvenue \u00e0 l\u2019assistance avant d\u2019exprimer sa gratitude aux organisateurs pour avoir choisi la commune de Matoto comme cadre du lancement officiel de cette campagne, qui vise \u00e0 promouvoir la sant\u00e9 humaine et animale, notamment celle des animaux de compagnie.<\/p>\n<p>De son c\u00f4t\u00e9, le ministre de l\u2019\u00c9levage, F\u00e9lix Lamah, a rappel\u00e9 que la vaccination canine contre la rage demeure un outil essentiel pour rompre le cycle de transmission. \u00ab La campagne de vaccination de cette ann\u00e9e s\u2019inscrit dans une dynamique nouvelle marqu\u00e9e par le renforcement du dispositif de vaccination, une meilleure coordination nationale, une mobilisation accrue des collectivit\u00e9s locales et une collaboration renforc\u00e9e entre les secteurs de la sant\u00e9 humaine, animale et environnementale \u00bb, a-t-il d\u00e9clar\u00e9.<\/p>\n<p><a href=\"https:\/\/i0.wp.com\/liberationinfo.com\/wp-content\/uploads\/2025\/11\/IMG-20251126-WA0013.jpg\"><img data-recalc-dims=\"1\" loading=\"lazy\" decoding=\"async\" class=\"alignnone size-medium wp-image-28861\" src=\"https:\/\/i0.wp.com\/liberationinfo.com\/wp-content\/uploads\/2025\/11\/IMG-20251126-WA0013.jpg?resize=200%2C300\" alt=\"\" width=\"200\" height=\"300\" srcset=\"https:\/\/i0.wp.com\/liberationinfo.com\/wp-content\/uploads\/2025\/11\/IMG-20251126-WA0013.jpg?resize=200%2C300&amp;ssl=1 200w, https:\/\/i0.wp.com\/liberationinfo.com\/wp-content\/uploads\/2025\/11\/IMG-20251126-WA0013.jpg?resize=683%2C1024&amp;ssl=1 683w, https:\/\/i0.wp.com\/liberationinfo.com\/wp-content\/uploads\/2025\/11\/IMG-20251126-WA0013.jpg?resize=696%2C1044&amp;ssl=1 696w, https:\/\/i0.wp.com\/liberationinfo.com\/wp-content\/uploads\/2025\/11\/IMG-20251126-WA0013.jpg?resize=280%2C420&amp;ssl=1 280w, https:\/\/i0.wp.com\/liberationinfo.com\/wp-content\/uploads\/2025\/11\/IMG-20251126-WA0013.jpg?w=720&amp;ssl=1 720w\" sizes=\"auto, (max-width: 200px) 100vw, 200px\" \/><\/a><\/p>\n<p>Il a \u00e9galement soulign\u00e9 que la r\u00e9ussite de cette campagne ne d\u00e9pend pas uniquement des services v\u00e9t\u00e9rinaires, mais de l\u2019implication de tous. Il a ainsi invit\u00e9 les propri\u00e9taires d\u2019animaux \u00e0 se rendre dans les postes de vaccination afin de prot\u00e9ger leurs animaux, mais aussi leurs familles, en particulier les enfants.<\/p>\n<p>&nbsp;<\/p>\n<p><strong>Oumar Konat\u00e9\u00a0<\/strong><\/p>\n","protected":false},"excerpt":{"rendered":"<p>&nbsp; La mairie de Matoto a abrit\u00e9 le lancement officiel de la campagne de vaccination contre la rage, une initiative organis\u00e9e chaque ann\u00e9e \u00e0 la date du 28 septembre pour sensibiliser le public \u00e0 cette maladie et \u00e0 sa pr\u00e9vention. La c\u00e9r\u00e9monie, pr\u00e9sid\u00e9e par le ministre de l\u2019\u00c9levage, a r\u00e9uni d\u2019\u00e9minentes personnalit\u00e9s, notamment des cadres [&hellip;]<\/p>\n","protected":false},"author":2,"featured_media":28862,"comment_status":"closed","ping_status":"closed","sticky":false,"template":"","format":"standard","meta":{"_jetpack_memberships_contains_paid_content":false,"footnotes":""},"categories":[9,6],"tags":[],"class_list":["post-28859","post","type-post","status-publish","format-standard","has-post-thumbnail","hentry","category-environnement","category-societe"],"jetpack_featured_media_url":"https:\/\/i0.wp.com\/liberationinfo.com\/wp-content\/uploads\/2025\/11\/IMG-20251126-WA0011.jpg?fit=1080%2C720&ssl=1","jetpack-related-posts":[],"jetpack_sharing_enabled":true,"_links":{"self":[{"href":"https:\/\/liberationinfo.com\/index.php\/wp-json\/wp\/v2\/posts\/28859","targetHints":{"allow":["GET"]}}],"collection":[{"href":"https:\/\/liberationinfo.com\/index.php\/wp-json\/wp\/v2\/posts"}],"about":[{"href":"https:\/\/liberationinfo.com\/index.php\/wp-json\/wp\/v2\/types\/post"}],"author":[{"embeddable":true,"href":"https:\/\/liberationinfo.com\/index.php\/wp-json\/wp\/v2\/users\/2"}],"replies":[{"embeddable":true,"href":"https:\/\/liberationinfo.com\/index.php\/wp-json\/wp\/v2\/comments?post=28859"}],"version-history":[{"count":1,"href":"https:\/\/liberationinfo.com\/index.php\/wp-json\/wp\/v2\/posts\/28859\/revisions"}],"predecessor-version":[{"id":28863,"href":"https:\/\/liberationinfo.com\/index.php\/wp-json\/wp\/v2\/posts\/28859\/revisions\/28863"}],"wp:featuredmedia":[{"embeddable":true,"href":"https:\/\/liberationinfo.com\/index.php\/wp-json\/wp\/v2\/media\/28862"}],"wp:attachment":[{"href":"https:\/\/liberationinfo.com\/index.php\/wp-json\/wp\/v2\/media?parent=28859"}],"wp:term":[{"taxonomy":"category","embeddable":true,"href":"https:\/\/liberationinfo.com\/index.php\/wp-json\/wp\/v2\/categories?post=28859"},{"taxonomy":"post_tag","embeddable":true,"href":"https:\/\/liberationinfo.com\/index.php\/wp-json\/wp\/v2\/tags?post=28859"}],"curies":[{"name":"wp","href":"https:\/\/api.w.org\/{rel}","templated":true}]}}