{"id":28791,"date":"2025-11-13T18:19:23","date_gmt":"2025-11-13T18:19:23","guid":{"rendered":"https:\/\/liberationinfo.com\/?p=28791"},"modified":"2025-11-13T18:19:23","modified_gmt":"2025-11-13T18:19:23","slug":"presidentielle-2025-dr-ousmane-kaba-fustige-la-decision-du-rejet-de-sa-candidature-par-la-cour-supreme","status":"publish","type":"post","link":"https:\/\/liberationinfo.com\/index.php\/presidentielle-2025-dr-ousmane-kaba-fustige-la-decision-du-rejet-de-sa-candidature-par-la-cour-supreme\/","title":{"rendered":"Pr\u00e9sidentielle 2025: Dr Ousmane Kaba fustige la d\u00e9cision du rejet de sa candidature par la Cour Supr\u00eame\u00a0"},"content":{"rendered":"<p>&nbsp;<\/p>\n<p>Quelques heures apr\u00e8s le rejet de sa candidature \u00e0 l&rsquo;\u00e9lection pr\u00e9sidentielle du 28 d\u00e9cembre prochain par la Cour Supr\u00eame, Dr Ousmane Kaba sort de son silence pour fustiger cette d\u00e9cision de la plus haute juridiction du pays. Dans une d\u00e9claration publi\u00e9e sur sa page Facebook, le pr\u00e9sident du PADES qualifie le rejet de sa candidature de gravissime.<\/p>\n<p>Nous vous proposons la d\u00e9claration du fondateur de l&rsquo;universit\u00e9 Koffi Annan.<\/p>\n<p><em><strong>\u00c0 la suite de la d\u00e9cision de la Cour supr\u00eame \u00e9cartant ma candidature de l\u2019\u00e9lection pr\u00e9sidentielle du 28 d\u00e9cembre 2025, et du communiqu\u00e9 officiel de mon parti, le PADES, je tiens \u00e0 m\u2019adresser \u00e0 vous avec s\u00e9r\u00e9nit\u00e9 et responsabilit\u00e9.<\/strong><\/em><\/p>\n<p><em><strong>Cette d\u00e9cision, que nous accueillons avec gravit\u00e9, prive le peuple de Guin\u00e9e d\u2019un choix d\u00e9mocratique essentiel. Elle n\u2019entame cependant ni ma conviction, ni ma foi en l\u2019avenir de notre pays. Car au-del\u00e0 d\u2019un nom ou d\u2019une candidature, c\u2019est un projet de soci\u00e9t\u00e9 fond\u00e9 sur la justice, la comp\u00e9tence et l\u2019esp\u00e9rance que nous portons ensemble depuis des ann\u00e9es.<\/strong><\/em><\/p>\n<p><em><strong>Je remercie du fond du c\u0153ur toutes celles et ceux militants, sympathisants, jeunes, femmes et patriotes qui n\u2019ont cess\u00e9 de croire en ce combat pour une Guin\u00e9e plus juste et prosp\u00e8re. Votre engagement me touche profond\u00e9ment.<\/strong><\/em><\/p>\n<p><em><strong>Le PADES demeure debout, fid\u00e8le \u00e0 ses valeurs et \u00e0 sa mission historique : b\u00e2tir un \u00c9tat de droit et offrir \u00e0 chaque Guin\u00e9en la dignit\u00e9 qu\u2019il m\u00e9rite.<\/strong><\/em><br \/>\n<em><strong>Notre lutte continue, avec d\u00e9termination et dans le respect de nos principes.<\/strong><\/em><\/p>\n<p><em><strong>Que nul ne doute : nous ne renon\u00e7ons pas \u00e0 l\u2019esp\u00e9rance.<\/strong><\/em><\/p>\n<p><em><strong>Dr Ousmane Kaba<\/strong><\/em><br \/>\n<em><strong>Pr\u00e9sident du PADES<\/strong><\/em><\/p>\n","protected":false},"excerpt":{"rendered":"<p>&nbsp; Quelques heures apr\u00e8s le rejet de sa candidature \u00e0 l&rsquo;\u00e9lection pr\u00e9sidentielle du 28 d\u00e9cembre prochain par la Cour Supr\u00eame, Dr Ousmane Kaba sort de son silence pour fustiger cette d\u00e9cision de la plus haute juridiction du pays. Dans une d\u00e9claration publi\u00e9e sur sa page Facebook, le pr\u00e9sident du PADES qualifie le rejet de sa [&hellip;]<\/p>\n","protected":false},"author":2,"featured_media":28792,"comment_status":"closed","ping_status":"closed","sticky":false,"template":"","format":"standard","meta":{"_jetpack_memberships_contains_paid_content":false,"footnotes":""},"categories":[4,5],"tags":[],"class_list":["post-28791","post","type-post","status-publish","format-standard","has-post-thumbnail","hentry","category-actu","category-politique"],"jetpack_featured_media_url":"https:\/\/i0.wp.com\/liberationinfo.com\/wp-content\/uploads\/2025\/11\/1763057220419.jpg?fit=867%2C453&ssl=1","jetpack-related-posts":[],"jetpack_sharing_enabled":true,"_links":{"self":[{"href":"https:\/\/liberationinfo.com\/index.php\/wp-json\/wp\/v2\/posts\/28791","targetHints":{"allow":["GET"]}}],"collection":[{"href":"https:\/\/liberationinfo.com\/index.php\/wp-json\/wp\/v2\/posts"}],"about":[{"href":"https:\/\/liberationinfo.com\/index.php\/wp-json\/wp\/v2\/types\/post"}],"author":[{"embeddable":true,"href":"https:\/\/liberationinfo.com\/index.php\/wp-json\/wp\/v2\/users\/2"}],"replies":[{"embeddable":true,"href":"https:\/\/liberationinfo.com\/index.php\/wp-json\/wp\/v2\/comments?post=28791"}],"version-history":[{"count":1,"href":"https:\/\/liberationinfo.com\/index.php\/wp-json\/wp\/v2\/posts\/28791\/revisions"}],"predecessor-version":[{"id":28793,"href":"https:\/\/liberationinfo.com\/index.php\/wp-json\/wp\/v2\/posts\/28791\/revisions\/28793"}],"wp:featuredmedia":[{"embeddable":true,"href":"https:\/\/liberationinfo.com\/index.php\/wp-json\/wp\/v2\/media\/28792"}],"wp:attachment":[{"href":"https:\/\/liberationinfo.com\/index.php\/wp-json\/wp\/v2\/media?parent=28791"}],"wp:term":[{"taxonomy":"category","embeddable":true,"href":"https:\/\/liberationinfo.com\/index.php\/wp-json\/wp\/v2\/categories?post=28791"},{"taxonomy":"post_tag","embeddable":true,"href":"https:\/\/liberationinfo.com\/index.php\/wp-json\/wp\/v2\/tags?post=28791"}],"curies":[{"name":"wp","href":"https:\/\/api.w.org\/{rel}","templated":true}]}}