{"id":27654,"date":"2025-06-15T13:48:59","date_gmt":"2025-06-15T13:48:59","guid":{"rendered":"https:\/\/liberationinfo.com\/?p=27654"},"modified":"2025-06-15T13:48:59","modified_gmt":"2025-06-15T13:48:59","slug":"mohamed-traore-a-cette-allure-il-vaudrait-mieux-faire-comme-le-mali-et-le-niger-en-se-passant-delections","status":"publish","type":"post","link":"https:\/\/liberationinfo.com\/index.php\/mohamed-traore-a-cette-allure-il-vaudrait-mieux-faire-comme-le-mali-et-le-niger-en-se-passant-delections\/","title":{"rendered":"Mohamed Traor\u00e9 : \u201cA cette allure, il vaudrait mieux faire comme le Mali et le Niger, en se passant d\u2019\u00e9lections\u201d"},"content":{"rendered":"<nav class=\"bf-breadcrumb clearfix bc-top-style\" role=\"navigation\" aria-label=\"Breadcrumbs\">\n<div class=\"container bf-breadcrumb-container\">\n<p>&nbsp;<\/p>\n<\/div>\n<\/nav>\n<div class=\"content-wrap\"><main id=\"content\" class=\"content-container\"><\/p>\n<div class=\"container layout-2-col layout-2-col-1 layout-right-sidebar layout-bc-before post-template-1\">\n<div class=\"row main-section\">\n<div class=\"col-sm-8 content-column\">\n<div class=\"single-container\">\n<article id=\"post-212953\" class=\"post-212953 post type-post status-publish format-standard has-post-thumbnail  category-politique single-post-content has-thumbnail\">\n<div class=\"entry-content clearfix single-post-content\">\n<p><strong>Alors que le pr\u00e9sident Mamadi Doumbouya vient de cr\u00e9er, ce samedi\u00a0 14 juin, une direction g\u00e9n\u00e9rale des \u00e9lections rattach\u00e9e au minist\u00e8re de l\u2019administration du territoire et de la d\u00e9centralisation, les doutes sur l\u2019ind\u00e9pendance et la cr\u00e9dibilit\u00e9 du processus \u00e9lectoral en Guin\u00e9e s\u2019intensifient. Dans une tribune, Ma\u00eetre Mohamed Traor\u00e9 s\u2019est prononc\u00e9 sur le sujet. Lisez\u2026<\/strong><\/p>\n<p>De la base au sommet, une administration publique totalement politis\u00e9e et partisane, des administrateurs qui organisent ou participent aux manifestations de soutien \u00e0 la candidature du Pr\u00e9sident de la Transition et se comportent comme des militants d\u2019un parti politique, cela pose d\u00e9j\u00e0 un v\u00e9ritable probl\u00e8me en terme de sinc\u00e9rit\u00e9 et de cr\u00e9dibilit\u00e9 des prochaines \u00e9lections.<\/p>\n<p>Si, en plus de cela, c\u2019est une direction plac\u00e9e sous l\u2019autorit\u00e9 du ministre en charge de l\u2019Administration du Territoire, qui aura pour mission d\u2019organiser ces \u00e9lections, on peut dire que la boucle est en passe d\u2019\u00eatre totalement et d\u00e9finitivement boucl\u00e9e. Ce serait simplement la cons\u00e9cration de la r\u00e8gle \u201cjuge et partie\u201d.<\/p>\n<p>Pour \u00e9viter cette situation, l\u2019avant-projet de constitution pr\u00e9voyait, parmi les institutions dappui \u00e0 la gouvernance d\u00e9mocratique, \u201cun organe technique ind\u00e9pendant en charge de la gestion des \u00e9lections\u201d. On ne sait pas ce qu\u2019il en est aujourd\u2019hui dans le projet de constitution qui sera soumis au r\u00e9f\u00e9rendum.<\/p>\n<p>Le parlement de transition pensait pouvoir apporter ainsi une r\u00e9ponse \u00e0 cette question cruciale de l\u2019organisation des \u00e9lections en Guin\u00e9e.<\/p>\n<p>En effet, la Guin\u00e9e n\u2019est pas le S\u00e9n\u00e9gal o\u00f9 les \u00e9lections sont organis\u00e9es par le ministre en charge de l\u2019Int\u00e9rieur sans qu\u2019il n\u2019y ait le moindre doute au sujet de leur sinc\u00e9rit\u00e9.<\/p>\n<p>\u00c0 cette allure, il vaudrait mieux faire comme le Mali et le Niger en se passant d\u2019\u00e9lections qui vont co\u00fbter de l\u2019argent pour des r\u00e9sultats connus \u00e0 l\u2019avance. Il suffirait, pour cela, de r\u00e9unir des \u201cforces vives de la Nation\u201d qui vont, au terme de \u201cleurs assises\u201d, recommander un mandat de 5 \u00e0 7 ans renouvelable pour le Pr\u00e9sident de la Transition. On aurait ainsi fait l\u2019\u00e9conomie d\u2019\u00e9lections qui, dans tous les cas, aboutiraient immanquablement \u00e0 un sc\u00e9nario qui se met en place depuis un certain temps d\u00e9j\u00e0.<\/p>\n<p>Par ailleurs, dans le contexte et les conditions actuels, on peut bien se demander quel est le parti politique qui prendrait part \u00e0 une \u00e9lection si ce n\u2019est pas dans le but de valider et surtout de l\u00e9gitimer un processus qui a toujours manqu\u00e9 d\u2019inclusion.<\/p>\n<p>Dans tous les cas, ces rappels et observations ne servent plus \u00e0 grand-chose apparemment. Le train est lanc\u00e9 et rien ne semble pouvoir l\u2019arr\u00eater.<\/p>\n<div id=\"ezoic-pub-ad-placeholder-114\" data-inserter-version=\"2\"><\/div>\n<p><strong>Mohamed Traor\u00e9<\/strong><\/p>\n<\/div>\n<\/article>\n<\/div>\n<\/div>\n<\/div>\n<\/div>\n<p><\/main><\/div>\n","protected":false},"excerpt":{"rendered":"<p>&nbsp; Alors que le pr\u00e9sident Mamadi Doumbouya vient de cr\u00e9er, ce samedi\u00a0 14 juin, une direction g\u00e9n\u00e9rale des \u00e9lections rattach\u00e9e au minist\u00e8re de l\u2019administration du territoire et de la d\u00e9centralisation, les doutes sur l\u2019ind\u00e9pendance et la cr\u00e9dibilit\u00e9 du processus \u00e9lectoral en Guin\u00e9e s\u2019intensifient. Dans une tribune, Ma\u00eetre Mohamed Traor\u00e9 s\u2019est prononc\u00e9 sur le sujet. Lisez\u2026 [&hellip;]<\/p>\n","protected":false},"author":2,"featured_media":27655,"comment_status":"closed","ping_status":"closed","sticky":false,"template":"","format":"standard","meta":{"_jetpack_memberships_contains_paid_content":false,"footnotes":""},"categories":[6],"tags":[],"class_list":["post-27654","post","type-post","status-publish","format-standard","has-post-thumbnail","hentry","category-societe"],"jetpack_featured_media_url":"https:\/\/i0.wp.com\/liberationinfo.com\/wp-content\/uploads\/2025\/06\/Me-Traore.jpg?fit=1848%2C1224&ssl=1","jetpack-related-posts":[],"jetpack_sharing_enabled":true,"_links":{"self":[{"href":"https:\/\/liberationinfo.com\/index.php\/wp-json\/wp\/v2\/posts\/27654","targetHints":{"allow":["GET"]}}],"collection":[{"href":"https:\/\/liberationinfo.com\/index.php\/wp-json\/wp\/v2\/posts"}],"about":[{"href":"https:\/\/liberationinfo.com\/index.php\/wp-json\/wp\/v2\/types\/post"}],"author":[{"embeddable":true,"href":"https:\/\/liberationinfo.com\/index.php\/wp-json\/wp\/v2\/users\/2"}],"replies":[{"embeddable":true,"href":"https:\/\/liberationinfo.com\/index.php\/wp-json\/wp\/v2\/comments?post=27654"}],"version-history":[{"count":1,"href":"https:\/\/liberationinfo.com\/index.php\/wp-json\/wp\/v2\/posts\/27654\/revisions"}],"predecessor-version":[{"id":27656,"href":"https:\/\/liberationinfo.com\/index.php\/wp-json\/wp\/v2\/posts\/27654\/revisions\/27656"}],"wp:featuredmedia":[{"embeddable":true,"href":"https:\/\/liberationinfo.com\/index.php\/wp-json\/wp\/v2\/media\/27655"}],"wp:attachment":[{"href":"https:\/\/liberationinfo.com\/index.php\/wp-json\/wp\/v2\/media?parent=27654"}],"wp:term":[{"taxonomy":"category","embeddable":true,"href":"https:\/\/liberationinfo.com\/index.php\/wp-json\/wp\/v2\/categories?post=27654"},{"taxonomy":"post_tag","embeddable":true,"href":"https:\/\/liberationinfo.com\/index.php\/wp-json\/wp\/v2\/tags?post=27654"}],"curies":[{"name":"wp","href":"https:\/\/api.w.org\/{rel}","templated":true}]}}