{"id":2756,"date":"2020-11-21T20:54:17","date_gmt":"2020-11-21T19:54:17","guid":{"rendered":"https:\/\/liberationinfo.com\/?p=2756"},"modified":"2020-11-21T20:54:17","modified_gmt":"2020-11-21T19:54:17","slug":"troisieme-mandat-la-diplomatie-de-cameleon-de-la-france","status":"publish","type":"post","link":"https:\/\/liberationinfo.com\/index.php\/troisieme-mandat-la-diplomatie-de-cameleon-de-la-france\/","title":{"rendered":"TROISIEME MANDAT : la diplomatie de cam\u00e9l\u00e9on de la France"},"content":{"rendered":"<header class=\"entry-header penci-entry-header penci-title-\">\n<div class=\"entry-meta penci-entry-meta\"><\/div>\n<\/header>\n<div class=\"penci-entry-content entry-content\">\n<p><strong>Le pr\u00e9sident fran\u00e7ais Emmanuel Macron a, dans une interview accord\u00e9e hier \u00e0 l\u2019hebdomadaire Jeune Afrique, affirm\u00e9 que : \u00ab\u00a0<em>Le pr\u00e9sident Cond\u00e9 a une carri\u00e8re d\u2019opposant qui aurait justifi\u00e9 qu\u2019il organise de lui-m\u00eame une bonne alternance. Et d\u2019\u00e9vidence, il a organis\u00e9 un r\u00e9f\u00e9rendum et un changement de la Constitution uniquement pour pouvoir garder le pouvoir. C\u2019est pour \u00e7a que je ne lui ai pas encore adress\u00e9 de lettre de f\u00e9licitations. Je pense que la situation est grave en Guin\u00e9e, pour sa jeunesse, pour sa vitalit\u00e9 d\u00e9mocratique et pour son avanc\u00e9e<\/em>\u00a0\u00bb.<\/strong><\/p>\n<div class=\"code-block code-block-4\"><\/div>\n<p>Dans la m\u00eame veine,\u00a0 il estime que le pr\u00e9sident guin\u00e9en ne m\u00e9rite pas ses f\u00e9licitations parce qu\u2019il a chang\u00e9 la constitution de son pays \u00ab\u00a0uniquement pour garder le pouvoir\u00a0\u00bb et ainsi s\u2019offrir lui aussi un 3\u00e8me mandat. Mais paradoxalement, et dans le m\u00eame temps, le m\u00eame personnage f\u00e9licite chaleureusement Ouattara pour son 3\u00e8me mandat, et critique subrepticement le m\u00eame processus ayant abouti \u00e0 un 3\u00e8me mandat en Guin\u00e9e.<\/p>\n<p>Le pr\u00e9sident fran\u00e7ais cherche \u00e0 viser, en r\u00e9alit\u00e9, le r\u00e9gime du Pr\u00e9sident Guin\u00e9en Alpha Cond\u00e9 qui, depuis son accession \u00e0 la magistrature supr\u00eame a rompu avec ce que l\u2019on appelait arrogamment le \u00ab\u00a0Pr\u00e9-carr\u00e9 fran\u00e7ais\u00a0\u00bb en impulsant une politique \u00e9trang\u00e8re fond\u00e9e sur le multilat\u00e9ralisme et du partenariat win-win dans l\u2019exploitation des ressources mini\u00e8res en ouvrant\u00a0 son pays et en accordant la part belle \u00e0 des pays comme la Chine, la Turquie, la Russie et dans une moindre mesure les \u00c9tats-Unis. Cette ind\u00e9pendance pr\u00f4n\u00e9e par la Guin\u00e9e ne passe visiblement pas aupr\u00e8s de la France qui consid\u00e9rait d\u00e9tenir un droit de pr\u00e9f\u00e9rence.<\/p>\n<p>Cette attitude contradictoire ou la diplomatie de cam\u00e9l\u00e9on, qui consiste \u00e0 avoir des lectures diff\u00e9rentes sur les m\u00eames situations, de la France vis-\u00e0-vis des \u00c9tats africains est aujourd\u2019hui d\u00e9masqu\u00e9e par l\u2019opinion publique africaine de plus en plus abreuv\u00e9e aux dessous des relations internationales. La France joue bien l\u00e0 le jeu du deux poids et de deux mesures.<\/p>\n<p>Si la France a bien approuv\u00e9 le Pr\u00e9sident de C\u00f4te d\u2019Ivoire dans sa d\u00e9marche de changement de Constitution, c\u2019est bien parce que celui-ci est un bon \u00e9l\u00e8ve de la France. Il a donn\u00e9 tout \u00e0 la France. Et il continue de donner tout \u00e0 la France. Il donne les plus importantes richesses de la C\u00f4te d\u2019Ivoire \u00e0 la France. Les int\u00e9r\u00eats \u00e9conomiques fran\u00e7ais sont\u00a0 s\u00e9curis\u00e9s, pr\u00e9serv\u00e9s et les int\u00e9r\u00eats g\u00e9ostrat\u00e9giques prot\u00e9g\u00e9s dans la r\u00e9gion.<\/p>\n<p>Par contre, le Pr\u00e9sident guin\u00e9en Alpha Cond\u00e9 d\u00e9nonce de mani\u00e8re v\u00e9h\u00e9mente l\u2019attitude arrogante de la France en Afrique, \u00e0 chaque fois que l\u2019occasion lui est donn\u00e9e.<\/p>\n<p>En affirmant que le pr\u00e9sident Ouattara voulait absolument transmettre le pouvoir \u00e0 une nouvelle g\u00e9n\u00e9ration, par le truchement de son dauphin d\u00e9sign\u00e9, mais que le d\u00e9c\u00e8s de ce dernier constituait une situation exceptionnelle qui a justifi\u00e9 son 3\u00e8me mandat. C\u2019est avoir une conception monarchique de la d\u00e9volution du pouvoir\u00a0 dans un pays pourtant r\u00e9publicain. Emmanuel Macron \u00e9tale non seulement toute son incoh\u00e9rence, guid\u00e9e certes par des int\u00e9r\u00eats, mais par ce biais il affirme \u00e0 ceux qui en doutaient encore, que les peuples dans les pays contr\u00f4l\u00e9s par la France ne sont que des pions dans le choix de leurs dirigeants politiques, un pion qu\u2019on utilise \u00e0 la derni\u00e8re \u00e9tape de la cha\u00eene.<\/p>\n<p>\u00ab\u00a0<em>La France n\u2019a pas \u00e0 donner de le\u00e7ons. Notre r\u00f4le, c\u2019est d\u2019en appeler \u00e0 l\u2019int\u00e9r\u00eat et \u00e0 la force qu\u2019a le mod\u00e8le d\u00e9mocratique dans un continent de plus en plus jeune. L\u2019Afrique a int\u00e9r\u00eat \u00e0 construire les r\u00e8gles, les voies et les moyens pour avoir des rendez-vous d\u00e9mocratiques r\u00e9guliers et transparents.<\/em><\/p>\n<p><em>L\u2019alternance permet la respiration. Elle est aussi le meilleur moyen de permettre l\u2019inclusion dans la vie politique et de lutter contre la corruption, qui est le pendant d\u2019une conservation trop longue du pouvoir. Ce ne sont pas des le\u00e7ons, c\u2019est du bon sens. Apr\u00e8s, ce n\u2019est pas \u00e0 moi de dire : \u00ab La Constitution doit pr\u00e9voir x ou y mandat<\/em>\u00a0\u00bb.<\/p>\n<p>En analysant cet autre pan du propos du pr\u00e9sident Macron, la conservation longue du pouvoir dans certains pays est vertueuse et rel\u00e8verait du bon sens \u00e0 ses yeux. Par contre, dans d\u2019autres pays, elle serait synonyme de recul d\u00e9mocratique et d\u2019atteinte \u00e0 l\u2019alternance. L\u2019ambivalence \u00e0 son niveau le plus extr\u00eame.<\/p>\n<p>Dans sa tentative p\u00e9rilleuse de justifier la passe de 3 de son soldat Ouattara, Macron cr\u00e9e un concept qui pourrait profiter dans les prochains mois \u00e0 bien des pr\u00e9sidents africains qui ont d\u00e9j\u00e0 effectu\u00e9 plus de 4 mandats cons\u00e9cutifs \u00e0 la t\u00eate de leur pays et qui caressent encore le r\u00eave de rempiler : \u00ab\u00a0<em>je pense vraiment qu\u2019il s\u2019est pr\u00e9sent\u00e9\u00a0<strong>par devoir<\/strong>. Dans l\u2019absolu, j\u2019aurais pr\u00e9f\u00e9r\u00e9 qu\u2019il y ait une autre solution, mais il n\u2019y en avait pas.<\/em>\u00a0\u00bb<\/p>\n<p>Ce nouveau concept de candidature\u00a0 \u00ab\u00a0<strong>par devoir\u00a0<\/strong>\u00bb selon lequel un chef d\u2019Etat peut invoquer une circonstance exceptionnelle pour justifier une candidature m\u00eame anticonstitutionelle. Et pourquoi la pand\u00e9mie de coronavirus actuellement en cours ou le terrorisme ne constitueraient-ils pas demain des raisons pour justifier son maintien \u00e0 la t\u00eate de son pays ?<\/p>\n<p>C\u2019est le open-bar pour les pr\u00e9sidents comme Idris DEBY du Tchad, Sassou Nguesso du Congo et Paul Bya du Cameroun o\u00f9 chacun de ces pr\u00e9sidents a d\u00e9j\u00e0 fait plus de 3 mandants et dans lesquels \u00c9tats des \u00e9lections pr\u00e9sidentielles doivent avoir lieu tr\u00e8s prochainement. Le moment venu, la \u00ab\u00a0candidature par devoir\u00a0\u00bb sera au rendez-vous de la diplomatie chancelante fran\u00e7aise pour justifier l\u2019injustifiable ou pour mieux d\u00e9fendre les int\u00e9r\u00eats fran\u00e7ais sur le continent.<\/p>\n<p>En r\u00e9alit\u00e9, Emmanuel Macron dans sa sortie, cache mal les lacunes de sa diplomatie du t\u00e2tonnement vis-\u00e0-vis de l\u2019Afrique francophone, une diplomatie pleine d\u2019hypocrisie et d\u2019arrogance.<\/p>\n<p><strong>Par Alexandre Na\u00efny BERETE<\/strong><\/p>\n<\/div>\n","protected":false},"excerpt":{"rendered":"<p>Le pr\u00e9sident fran\u00e7ais Emmanuel Macron a, dans une interview accord\u00e9e hier \u00e0 l\u2019hebdomadaire Jeune Afrique, affirm\u00e9 que : \u00ab\u00a0Le pr\u00e9sident Cond\u00e9 a une carri\u00e8re d\u2019opposant qui aurait justifi\u00e9 qu\u2019il organise de lui-m\u00eame une bonne alternance. Et d\u2019\u00e9vidence, il a organis\u00e9 un r\u00e9f\u00e9rendum et un changement de la Constitution uniquement pour pouvoir garder le pouvoir. C\u2019est [&hellip;]<\/p>\n","protected":false},"author":2,"featured_media":2757,"comment_status":"open","ping_status":"open","sticky":false,"template":"","format":"standard","meta":{"_jetpack_memberships_contains_paid_content":false,"footnotes":""},"categories":[5],"tags":[],"class_list":["post-2756","post","type-post","status-publish","format-standard","has-post-thumbnail","hentry","category-politique"],"jetpack_featured_media_url":"https:\/\/i0.wp.com\/liberationinfo.com\/wp-content\/uploads\/2020\/11\/Nainy-Berete-1.jpg?fit=700%2C375&ssl=1","jetpack-related-posts":[],"jetpack_sharing_enabled":true,"_links":{"self":[{"href":"https:\/\/liberationinfo.com\/index.php\/wp-json\/wp\/v2\/posts\/2756","targetHints":{"allow":["GET"]}}],"collection":[{"href":"https:\/\/liberationinfo.com\/index.php\/wp-json\/wp\/v2\/posts"}],"about":[{"href":"https:\/\/liberationinfo.com\/index.php\/wp-json\/wp\/v2\/types\/post"}],"author":[{"embeddable":true,"href":"https:\/\/liberationinfo.com\/index.php\/wp-json\/wp\/v2\/users\/2"}],"replies":[{"embeddable":true,"href":"https:\/\/liberationinfo.com\/index.php\/wp-json\/wp\/v2\/comments?post=2756"}],"version-history":[{"count":0,"href":"https:\/\/liberationinfo.com\/index.php\/wp-json\/wp\/v2\/posts\/2756\/revisions"}],"wp:featuredmedia":[{"embeddable":true,"href":"https:\/\/liberationinfo.com\/index.php\/wp-json\/wp\/v2\/media\/2757"}],"wp:attachment":[{"href":"https:\/\/liberationinfo.com\/index.php\/wp-json\/wp\/v2\/media?parent=2756"}],"wp:term":[{"taxonomy":"category","embeddable":true,"href":"https:\/\/liberationinfo.com\/index.php\/wp-json\/wp\/v2\/categories?post=2756"},{"taxonomy":"post_tag","embeddable":true,"href":"https:\/\/liberationinfo.com\/index.php\/wp-json\/wp\/v2\/tags?post=2756"}],"curies":[{"name":"wp","href":"https:\/\/api.w.org\/{rel}","templated":true}]}}