{"id":26979,"date":"2025-02-17T13:51:39","date_gmt":"2025-02-17T13:51:39","guid":{"rendered":"https:\/\/liberationinfo.com\/?p=26979"},"modified":"2025-02-17T13:51:39","modified_gmt":"2025-02-17T13:51:39","slug":"proliferation-des-mouvements-de-soutien-ismael-conde-denonce-trop-daffiches-trop-de-mouvements-trop-de-slogans","status":"publish","type":"post","link":"https:\/\/liberationinfo.com\/index.php\/proliferation-des-mouvements-de-soutien-ismael-conde-denonce-trop-daffiches-trop-de-mouvements-trop-de-slogans\/","title":{"rendered":"Prolif\u00e9ration des mouvements de soutien : Isma\u00ebl Cond\u00e9, d\u00e9nonce \u00ab\u00a0 Trop d\u2019affiches, trop de mouvements, trop de slogans&#8230;\u00bb"},"content":{"rendered":"<p>&nbsp;<\/p>\n<p>C&rsquo;est une triste r\u00e9alit\u00e9 pour notre pays, depuis un bon moment la flairon des mouvements de soutien aux actions du G\u00e9n\u00e9ral Mamadi Doumbouya se multiplie dans tout le pays, au grand dame des citoyens. L&rsquo;ancien pr\u00e9sident de la d\u00e9l\u00e9gation sp\u00e9ciale de la commune de Matam, Isma\u00ebl Cond\u00e9 fustige la prolif\u00e9ration des nouveaux monuments de soutien.<\/p>\n<p>Le cr\u00e9ateur du fameux mouvement, \u00ab Merci mon G\u00e9n\u00e9ral.\u00bb, sort de son silence pour demander aux autorit\u00e9s de mettre de l\u2019ordre dans la cr\u00e9ation de mouvement.<\/p>\n<p><em><strong>\u00abTrop d\u2019affiches, trop de mouvements, trop de slogans\u2026 Il est temps de mettre de l\u2019ordre dans ce d\u00e9sordre. Une communication politique doit \u00eatre coh\u00e9rente et coordonn\u00e9e pour que le message soit clair et percutant. \u00c0 vouloir en faire trop, on risque de saturer le public et de cr\u00e9er un sentiment de lassitude, alors m\u00eame que la v\u00e9ritable campagne n\u2019a pas encore commenc\u00e9. Mieux vaut une strat\u00e9gie r\u00e9fl\u00e9chie et efficace qu\u2019un exc\u00e8s de bruit sans impact. Mon G\u00e9n\u00e9ral, nous te croyons, nous te suivons. \u00bb, <\/strong><\/em>d\u00e9plore l&rsquo;ancien pr\u00e9sident de la d\u00e9l\u00e9gation sp\u00e9ciale de Matam.<\/p>\n<p>Ensemble, nous avan\u00e7ons !<\/p>\n<p>Merci mon G\u00e9n\u00e9ral<\/p>\n<p>Mouvement Merci Mon G\u00e9n\u00e9ral<\/p>\n","protected":false},"excerpt":{"rendered":"<p>&nbsp; C&rsquo;est une triste r\u00e9alit\u00e9 pour notre pays, depuis un bon moment la flairon des mouvements de soutien aux actions du G\u00e9n\u00e9ral Mamadi Doumbouya se multiplie dans tout le pays, au grand dame des citoyens. L&rsquo;ancien pr\u00e9sident de la d\u00e9l\u00e9gation sp\u00e9ciale de la commune de Matam, Isma\u00ebl Cond\u00e9 fustige la prolif\u00e9ration des nouveaux monuments de [&hellip;]<\/p>\n","protected":false},"author":2,"featured_media":26980,"comment_status":"closed","ping_status":"closed","sticky":false,"template":"","format":"standard","meta":{"_jetpack_memberships_contains_paid_content":false,"footnotes":""},"categories":[4,5],"tags":[],"class_list":["post-26979","post","type-post","status-publish","format-standard","has-post-thumbnail","hentry","category-actu","category-politique"],"jetpack_featured_media_url":"https:\/\/i0.wp.com\/liberationinfo.com\/wp-content\/uploads\/2025\/02\/1739799035924.jpg?fit=1070%2C945&ssl=1","jetpack-related-posts":[],"jetpack_sharing_enabled":true,"_links":{"self":[{"href":"https:\/\/liberationinfo.com\/index.php\/wp-json\/wp\/v2\/posts\/26979","targetHints":{"allow":["GET"]}}],"collection":[{"href":"https:\/\/liberationinfo.com\/index.php\/wp-json\/wp\/v2\/posts"}],"about":[{"href":"https:\/\/liberationinfo.com\/index.php\/wp-json\/wp\/v2\/types\/post"}],"author":[{"embeddable":true,"href":"https:\/\/liberationinfo.com\/index.php\/wp-json\/wp\/v2\/users\/2"}],"replies":[{"embeddable":true,"href":"https:\/\/liberationinfo.com\/index.php\/wp-json\/wp\/v2\/comments?post=26979"}],"version-history":[{"count":1,"href":"https:\/\/liberationinfo.com\/index.php\/wp-json\/wp\/v2\/posts\/26979\/revisions"}],"predecessor-version":[{"id":26981,"href":"https:\/\/liberationinfo.com\/index.php\/wp-json\/wp\/v2\/posts\/26979\/revisions\/26981"}],"wp:featuredmedia":[{"embeddable":true,"href":"https:\/\/liberationinfo.com\/index.php\/wp-json\/wp\/v2\/media\/26980"}],"wp:attachment":[{"href":"https:\/\/liberationinfo.com\/index.php\/wp-json\/wp\/v2\/media?parent=26979"}],"wp:term":[{"taxonomy":"category","embeddable":true,"href":"https:\/\/liberationinfo.com\/index.php\/wp-json\/wp\/v2\/categories?post=26979"},{"taxonomy":"post_tag","embeddable":true,"href":"https:\/\/liberationinfo.com\/index.php\/wp-json\/wp\/v2\/tags?post=26979"}],"curies":[{"name":"wp","href":"https:\/\/api.w.org\/{rel}","templated":true}]}}