{"id":26916,"date":"2025-02-09T13:19:54","date_gmt":"2025-02-09T13:19:54","guid":{"rendered":"https:\/\/liberationinfo.com\/?p=26916"},"modified":"2025-02-09T13:19:54","modified_gmt":"2025-02-09T13:19:54","slug":"dr-faya-millimono-en-colere-cest-une-honte-que-nous-ressentons-aujourdhui-en-guinee","status":"publish","type":"post","link":"https:\/\/liberationinfo.com\/index.php\/dr-faya-millimono-en-colere-cest-une-honte-que-nous-ressentons-aujourdhui-en-guinee\/","title":{"rendered":"Dr Faya Millimono, en col\u00e8re \u00ab C\u2019est une honte que nous ressentons aujourd\u2019hui en Guin\u00e9e.\u00bb\u00a0"},"content":{"rendered":"<div class=\"entry-header\">\n<h1 class=\"jeg_post_title\"><\/h1>\n<\/div>\n<div class=\"jeg_ad jeg_article jnews_content_top_ads \">\n<div class=\"ads-wrapper  \"><\/div>\n<\/div>\n<div class=\"entry-content no-share\">\n<div class=\"jeg_share_button share-float jeg_sticky_share clearfix share-monocrhome\">\n<div class=\"jeg_share_float_container\">En marge de la manifestation organis\u00e9e par le parti d\u2019Aliou Bah \u00e0 son si\u00e8ge pour exiger sa lib\u00e9ration. Pr\u00e8s d&rsquo;un mois apr\u00e8s sa condamnation par le tribunal de premi\u00e8re instance de Kaloum, les militants, sympathisants et d\u00e9fenseurs de la libert\u00e9 d&rsquo;expression n&rsquo;en demordent pas. Hier Samedi, \u00e0 l&rsquo;occasion d&rsquo;une ultime protestation contre son incarc\u00e9ration ill\u00e9gale \u00e0 en croire les organisateurs.<\/div>\n<div><\/div>\n<div><\/div>\n<div class=\"jeg_share_float_container\">Dr Faya Millimono, le pr\u00e9sident du Bloc Lib\u00e9ral a d\u00e9plor\u00e9 la gestion solitaire de la transition par les autorit\u00e9s actuelles. Il fustige le sort r\u00e9serv\u00e9 aux activistes disparus depuis plusieurs mois, il qualifie d&rsquo;un v\u00e9ritable recul \u00e0 la d\u00e9mocratie. Selon lui, c&rsquo;est une honte pour les membres du CNRD qui continuent \u00e0 fouler au sol les libert\u00e9s fondamentales.<\/div>\n<div><\/div>\n<div class=\"jeg_share_float_container\"><\/div>\n<\/div>\n<div class=\"content-inner \">\n<p><em><strong>\u00ab C\u2019est une honte que nous ressentons aujourd\u2019hui en R\u00e9publique de Guin\u00e9e parce que la Guin\u00e9e devait se d\u00e9finir par la libert\u00e9. C\u2019est la libert\u00e9 qui devait d\u00e9finir la Guin\u00e9e. La libert\u00e9 dans toutes ses dimensions : la libert\u00e9 de parole, la libert\u00e9 d\u2019entreprendre, la libert\u00e9 d\u2019expression et la libert\u00e9 de mouvement. Mais ce que nous sommes en train de vivre ces derniers temps est une honte. Parce que la premi\u00e8re violation qu\u2019on a faite, c\u2019est d\u2019abord la libert\u00e9 de mouvement d\u2019Aliou Bah. Tout le monde se rappelle qu\u2019on avait m\u00eame honte de le convoquer. Il a fallu qu\u2019il tente de se d\u00e9placer pour qu\u2019\u00e0 la fronti\u00e8re, on l\u2019arr\u00eate. C\u2019est une honte. C\u2019est une honte qu\u2019on \u00e9voque une loi qui n\u2019a \u00e9t\u00e9 que du copier-coller dans la litt\u00e9rature l\u00e9gale de notre pays. Quand on dit\u00a0\u2018\u2019offense \u00e0 Chef de l\u2019\u00c9tat\u2019\u2019, ce n\u2019est pas nous qui l\u2019avons cr\u00e9\u00e9, nous l\u2019avons copi\u00e9 dans la litt\u00e9rature l\u00e9gale fran\u00e7aise. Mais m\u00eame les fran\u00e7ais se sont rendus compte que c\u2019\u00e9tait une limitation \u00e0 la libert\u00e9 d\u2019expression et ils l\u2019ont supprim\u00e9e. O\u00f9 est-ce que la Guin\u00e9e va ? Nous nous demandons <\/strong>\u00bb, a-t-il entam\u00e9 sa communication.\u00a0<\/em><\/p>\n<p>Poursuivant, le patron du Bloc Lib\u00e9ral regrette le chemin empreint\u00e9 par le CNRD.<em>\u00a0<strong>\u00ab <\/strong><\/em><strong><em>\u00c0 chaque fois que la Guin\u00e9e ouvre une page, \u00e0 chaque fois que nous commen\u00e7ons \u00e0 esp\u00e9rer, nous faisons des pas en arri\u00e8re. C\u2019est grave ce qui est en train d\u2019\u00eatre v\u00e9cu ici aujourd\u2019hui dans notre vie. Aucun Guin\u00e9en ne devrait mourir dans l\u2019exercice de la libert\u00e9 parce que la libert\u00e9 le d\u00e9finit. Aucun Guin\u00e9en ne devait \u00eatre emprisonn\u00e9 dans l\u2019exercice de sa libert\u00e9. La libert\u00e9 nous d\u00e9finit. Aujourd\u2019hui, nous faisons exactement le contraire de tout ce que nous devrions faire. Ce que nous devrions faire aujourd\u2019hui est \u00e0 l\u2019origine du respect de la Guin\u00e9e \u00e0 travers le monde. En 1958, lorsque nos a\u00een\u00e9s devant une proposition de De Gaulle de choisir la libert\u00e9, l\u2019ind\u00e9pendance ou l\u2019int\u00e9gration \u00e0 une communaut\u00e9 fran\u00e7aise, nous avons choisi la libert\u00e9. C\u2019est l\u2019un des actes que nous sommes tr\u00e8s fiers, mais c\u2019est l\u2019un des actes dont l\u2019exercice est en train d\u2019endeuiller tant de guin\u00e9ens. Combien de jeunes guin\u00e9ens avons-nous perdu simplement dans l\u2019exercice de la libert\u00e9 ?<\/em><\/strong> \u00bb,a-t-il d\u00e9plor\u00e9 Dr Faya Millimono.<\/p>\n<p>Avant de prodiguer les sages conseils aux militants et sympathisants du Model :\u00a0\u00ab <strong><em>Au nom de tous les militants, de toutes les militant<\/em><em>e<\/em><em>s et de tous les sympathisants du Bloc lib\u00e9ral pour t\u00e9moigner notre solidarit\u00e9 \u00e0 notre parti fr\u00e8re le MoDeL, sachez que ce que vous vivez, c\u2019est comme si aujourd\u2019hui tous les guin\u00e9ens sont en sursis. Il suffit que vous ouvr<\/em><em>i<\/em><em>ez la bouche aujourd\u2019hui et vous recevez des tonnes d\u2019appels pour vous dire arr\u00eatez parce qu\u2019on peut vous tuer. C\u2019est \u00e0 cela que la Guin\u00e9e ressemble aujourd\u2019hui. C\u2019est une honte. Mais nous allons promettre au peuple de Guin\u00e9e que nous ne reculerons pas. Nous ne reculerons pas tant que ceux qui sont disparus, dont nous nous inqui\u00e9tons pour leur vie, parce qu\u2019apr\u00e8s tout, on ne sait pas dans quelles conditions se trouvent Fonik\u00e9 Mengu\u00e9, Billo Bah, Sadou Nimaga et Habib Marouane Camara. Nous allons continuer ce combat et nous combattrons jusqu\u2019\u00e0 ce que Aliou Bah soit libre. Il ne devait pas \u00eatre en prison. Sa place n\u2019est pas en prison. Et ce qu\u2019il a dit et c\u2019est le moment de le dire en Guin\u00e9e. En fait, quand on dit la v\u00e9rit\u00e9 en Guin\u00e9e, on dit qu\u2019on a insult\u00e9. On a confondu la v\u00e9rit\u00e9 \u00e0 une insulte<\/em> \u00bb,<\/strong> aa-t-illanc\u00e9 DrFayaMillimono.<\/p>\n<p>&nbsp;<\/p>\n<p><strong>Oumar Konat\u00e9\u00a0<\/strong><\/p>\n<\/div>\n<\/div>\n","protected":false},"excerpt":{"rendered":"<p>En marge de la manifestation organis\u00e9e par le parti d\u2019Aliou Bah \u00e0 son si\u00e8ge pour exiger sa lib\u00e9ration. Pr\u00e8s d&rsquo;un mois apr\u00e8s sa condamnation par le tribunal de premi\u00e8re instance de Kaloum, les militants, sympathisants et d\u00e9fenseurs de la libert\u00e9 d&rsquo;expression n&rsquo;en demordent pas. Hier Samedi, \u00e0 l&rsquo;occasion d&rsquo;une ultime protestation contre son incarc\u00e9ration ill\u00e9gale [&hellip;]<\/p>\n","protected":false},"author":2,"featured_media":26917,"comment_status":"closed","ping_status":"closed","sticky":false,"template":"","format":"standard","meta":{"_jetpack_memberships_contains_paid_content":false,"footnotes":""},"categories":[4,5],"tags":[],"class_list":["post-26916","post","type-post","status-publish","format-standard","has-post-thumbnail","hentry","category-actu","category-politique"],"jetpack_featured_media_url":"https:\/\/i0.wp.com\/liberationinfo.com\/wp-content\/uploads\/2025\/02\/MODEL-FAYA-436x375-1.jpg?fit=436%2C359&ssl=1","jetpack-related-posts":[],"jetpack_sharing_enabled":true,"_links":{"self":[{"href":"https:\/\/liberationinfo.com\/index.php\/wp-json\/wp\/v2\/posts\/26916","targetHints":{"allow":["GET"]}}],"collection":[{"href":"https:\/\/liberationinfo.com\/index.php\/wp-json\/wp\/v2\/posts"}],"about":[{"href":"https:\/\/liberationinfo.com\/index.php\/wp-json\/wp\/v2\/types\/post"}],"author":[{"embeddable":true,"href":"https:\/\/liberationinfo.com\/index.php\/wp-json\/wp\/v2\/users\/2"}],"replies":[{"embeddable":true,"href":"https:\/\/liberationinfo.com\/index.php\/wp-json\/wp\/v2\/comments?post=26916"}],"version-history":[{"count":1,"href":"https:\/\/liberationinfo.com\/index.php\/wp-json\/wp\/v2\/posts\/26916\/revisions"}],"predecessor-version":[{"id":26918,"href":"https:\/\/liberationinfo.com\/index.php\/wp-json\/wp\/v2\/posts\/26916\/revisions\/26918"}],"wp:featuredmedia":[{"embeddable":true,"href":"https:\/\/liberationinfo.com\/index.php\/wp-json\/wp\/v2\/media\/26917"}],"wp:attachment":[{"href":"https:\/\/liberationinfo.com\/index.php\/wp-json\/wp\/v2\/media?parent=26916"}],"wp:term":[{"taxonomy":"category","embeddable":true,"href":"https:\/\/liberationinfo.com\/index.php\/wp-json\/wp\/v2\/categories?post=26916"},{"taxonomy":"post_tag","embeddable":true,"href":"https:\/\/liberationinfo.com\/index.php\/wp-json\/wp\/v2\/tags?post=26916"}],"curies":[{"name":"wp","href":"https:\/\/api.w.org\/{rel}","templated":true}]}}