{"id":26437,"date":"2024-12-07T15:08:30","date_gmt":"2024-12-07T15:08:30","guid":{"rendered":"https:\/\/liberationinfo.com\/?p=26437"},"modified":"2024-12-07T15:08:30","modified_gmt":"2024-12-07T15:08:30","slug":"senegal-barthelemy-dias-dechu-de-son-poste-de-depute","status":"publish","type":"post","link":"https:\/\/liberationinfo.com\/index.php\/senegal-barthelemy-dias-dechu-de-son-poste-de-depute\/","title":{"rendered":"S\u00e9n\u00e9gal : Barth\u00e9l\u00e9my Dias d\u00e9chu de son poste de d\u00e9put\u00e9\u2026"},"content":{"rendered":"<p>&nbsp;<\/p>\n<div id=\"aswift_1_host\"><\/div>\n<article class=\"article-details mt-3\">\n<div>\n<div class=\"article-content\">\n<p>Le maire de Dakar, personnalit\u00e9 politique nationale, a \u00e9t\u00e9 d\u00e9chu de son poste de d\u00e9put\u00e9 en raison d\u2019une condamnation pour un homicide remontant \u00e0 2011, a annonc\u00e9 vendredi la nouvelle Assembl\u00e9e nationale s\u00e9n\u00e9galaise.<\/p>\n<p>Barth\u00e9l\u00e9my Dias, ancien alli\u00e9 du parti Pastef et de son chef Ousmane Sonko, mais devenu depuis son adversaire, a \u00e9t\u00e9 condamn\u00e9 en 2017 \u00e0 deux ans de prison, dont six mois ferme, pour la mort d\u2019une personne par balle en 2011 dans un contexte de violences politiques. Cette condamnation a \u00e9t\u00e9 confirm\u00e9e en appel en 2022 et valid\u00e9e par la Cour supr\u00eame en 2023.<\/p>\n<p>El Malick Ndiaye, nouveau pr\u00e9sident du Parlement install\u00e9 lundi, a annonc\u00e9 vendredi devant les d\u00e9put\u00e9s la radiation de M. Dias, d\u00e9cid\u00e9e la veille, en invoquant la Constitution et le r\u00e8glement int\u00e9rieur de l\u2019Assembl\u00e9e. Un d\u00e9put\u00e9 qui fait l\u2019objet d\u2019une condamnation p\u00e9nale d\u00e9finitive est radi\u00e9 de la liste des d\u00e9put\u00e9s sur demande du ministre de la Justice, selon la Constitution.<\/p>\n<p>M. Dias, \u00e9lu d\u00e9put\u00e9 en 2022, avait conserv\u00e9 son si\u00e8ge dans l\u2019ancienne Assembl\u00e9e sous une autre majorit\u00e9. Le Conseil constitutionnel avait valid\u00e9 en octobre sa candidature aux l\u00e9gislatives de novembre. M. Dias, absent dans l\u2019h\u00e9micycle vendredi, devrait \u00eatre remplac\u00e9 par son suivant sur sa liste.<\/p>\n<p>Sa radiation confirme la transformation du paysage politique depuis la pr\u00e9sidentielle, o\u00f9 le chef du Pastef Ousmane Sonko a fait \u00e9lire son bras droit Bassirou Diomaye Faye qui l\u2019a ensuite nomm\u00e9 Premier ministre. Le Pastef s\u2019est arrog\u00e9 130 des 165 si\u00e8ges aux l\u00e9gislatives.<\/p>\n<p>L\u2019opposition en est r\u00e9duite aux miettes. Les analystes jugent M. Dias politiquement tr\u00e8s affaibli et envisagent qu\u2019il puisse \u00e9galement \u00eatre r\u00e9voqu\u00e9 de son poste de maire via une autre proc\u00e9dure. Son mentor Khalifa Sall avait \u00e9t\u00e9 d\u00e9chu de son poste de maire par d\u00e9cret pr\u00e9sidentiel en 2018 \u00e0 la suite d\u2019une condamnation pour des malversations.<\/p>\n<p>Le Pastef a remport\u00e9 la pr\u00e9sidentielle en mars 2024 et, en novembre, les l\u00e9gislatives o\u00f9 la liste de M. Dias n\u2019a obtenu que trois mandats. M. Dias avait \u00e9t\u00e9 \u00e9lu maire de Dakar en 2022 dans une coalition l\u2019alliant au Pastef de M. Sonko, opposant du pr\u00e9sident de l\u2019\u00e9poque Macky Sall.<\/p>\n<p>Les deux hommes se sont brouill\u00e9s en 2023 avec la pr\u00e9sidentielle \u00e0 l\u2019horizon, et s\u2019accusent mutuellement de trahison. MM. Dias et Sonko ont tenu des propos virulents l\u2019un envers l\u2019autre lors de la campagne l\u00e9gislative. M. Dias n\u2019est pas all\u00e9 en prison apr\u00e8s sa condamnation, sa peine ferme \u00e9tant couverte par la d\u00e9tention provisoire qu\u2019il a effectu\u00e9e.<\/p>\n<p><strong>AFP<\/strong><\/p>\n<\/div>\n<\/div>\n<\/article>\n","protected":false},"excerpt":{"rendered":"<p>&nbsp; Le maire de Dakar, personnalit\u00e9 politique nationale, a \u00e9t\u00e9 d\u00e9chu de son poste de d\u00e9put\u00e9 en raison d\u2019une condamnation pour un homicide remontant \u00e0 2011, a annonc\u00e9 vendredi la nouvelle Assembl\u00e9e nationale s\u00e9n\u00e9galaise. Barth\u00e9l\u00e9my Dias, ancien alli\u00e9 du parti Pastef et de son chef Ousmane Sonko, mais devenu depuis son adversaire, a \u00e9t\u00e9 condamn\u00e9 [&hellip;]<\/p>\n","protected":false},"author":2,"featured_media":26438,"comment_status":"closed","ping_status":"closed","sticky":false,"template":"","format":"standard","meta":{"_jetpack_memberships_contains_paid_content":false,"footnotes":""},"categories":[32],"tags":[],"class_list":["post-26437","post","type-post","status-publish","format-standard","has-post-thumbnail","hentry","category-monde"],"jetpack_featured_media_url":"https:\/\/i0.wp.com\/liberationinfo.com\/wp-content\/uploads\/2024\/12\/Senegal-Barthelemy-Dias-maire-de-Dakar-dechu-de-son-poste-de-depute.jpg?fit=626%2C485&ssl=1","jetpack-related-posts":[],"jetpack_sharing_enabled":true,"_links":{"self":[{"href":"https:\/\/liberationinfo.com\/index.php\/wp-json\/wp\/v2\/posts\/26437","targetHints":{"allow":["GET"]}}],"collection":[{"href":"https:\/\/liberationinfo.com\/index.php\/wp-json\/wp\/v2\/posts"}],"about":[{"href":"https:\/\/liberationinfo.com\/index.php\/wp-json\/wp\/v2\/types\/post"}],"author":[{"embeddable":true,"href":"https:\/\/liberationinfo.com\/index.php\/wp-json\/wp\/v2\/users\/2"}],"replies":[{"embeddable":true,"href":"https:\/\/liberationinfo.com\/index.php\/wp-json\/wp\/v2\/comments?post=26437"}],"version-history":[{"count":1,"href":"https:\/\/liberationinfo.com\/index.php\/wp-json\/wp\/v2\/posts\/26437\/revisions"}],"predecessor-version":[{"id":26439,"href":"https:\/\/liberationinfo.com\/index.php\/wp-json\/wp\/v2\/posts\/26437\/revisions\/26439"}],"wp:featuredmedia":[{"embeddable":true,"href":"https:\/\/liberationinfo.com\/index.php\/wp-json\/wp\/v2\/media\/26438"}],"wp:attachment":[{"href":"https:\/\/liberationinfo.com\/index.php\/wp-json\/wp\/v2\/media?parent=26437"}],"wp:term":[{"taxonomy":"category","embeddable":true,"href":"https:\/\/liberationinfo.com\/index.php\/wp-json\/wp\/v2\/categories?post=26437"},{"taxonomy":"post_tag","embeddable":true,"href":"https:\/\/liberationinfo.com\/index.php\/wp-json\/wp\/v2\/tags?post=26437"}],"curies":[{"name":"wp","href":"https:\/\/api.w.org\/{rel}","templated":true}]}}