{"id":26322,"date":"2024-11-20T22:17:10","date_gmt":"2024-11-20T22:17:10","guid":{"rendered":"https:\/\/liberationinfo.com\/?p=26322"},"modified":"2024-11-20T22:17:10","modified_gmt":"2024-11-20T22:17:10","slug":"mali-le-premier-ministre-choguel-maiga-demis-de-ses-fonctions-apres-avoir-critique-les-militaires-au-pouvoir","status":"publish","type":"post","link":"https:\/\/liberationinfo.com\/index.php\/mali-le-premier-ministre-choguel-maiga-demis-de-ses-fonctions-apres-avoir-critique-les-militaires-au-pouvoir\/","title":{"rendered":"Mali: le Premier ministre Choguel Ma\u00efga d\u00e9mis de ses fonctions apr\u00e8s avoir critiqu\u00e9 les militaires au pouvoir"},"content":{"rendered":"<nav class=\"bf-breadcrumb clearfix bc-top-style\" role=\"navigation\" aria-label=\"Breadcrumbs\">\n<div class=\"container bf-breadcrumb-container\">\n<p>&nbsp;<\/p>\n<\/div>\n<\/nav>\n<div class=\"content-wrap\"><main id=\"content\" class=\"content-container\"><\/p>\n<div class=\"container layout-2-col layout-2-col-1 layout-right-sidebar layout-bc-before post-template-1\">\n<div class=\"row main-section\">\n<div class=\"col-sm-8 content-column\">\n<div class=\"single-container\">\n<article id=\"post-28408\" class=\"post-28408 post type-post status-publish format-standard has-post-thumbnail  category-a-la-une single-post-content has-thumbnail\">\n<div class=\"entry-content clearfix single-post-content\">\n<p><strong>Choguel Ma\u00efga n\u2019est plus le Premier ministre du Mali. Un d\u00e9cret pr\u00e9sidentiel lu mercredi 20 novembre soir \u00e0 la t\u00e9l\u00e9vision d\u2019\u00c9tat ORTM, par le secr\u00e9taire g\u00e9n\u00e9ral de la pr\u00e9sidence, met un terme aux fonctions du Premier ministre et \u00e0 celles de tous les membres du gouvernement. Ce limogeage semblait in\u00e9luctable apr\u00e8s les propos virulents tenus samedi 16 novembre par le d\u00e9sormais ex-Premier ministre. Il avait notamment reproch\u00e9 aux militaires au pouvoir de ne pas l\u2019impliquer dans les d\u00e9cisions et d\u2019avoir report\u00e9 unilat\u00e9ralement les \u00e9lections devant marquer le retour \u00e0 l\u2019ordre constitutionnel.<\/strong><\/p>\n<p>Choguel Ma\u00efga avait \u00e9t\u00e9 nomm\u00e9 en juin 2021, apr\u00e8s le second coup d\u2019\u00c9tat militaire. La pr\u00e9c\u00e9dente \u00e9quipe \u2013 le pr\u00e9sident Bah N\u2019Daw et le Premier ministre Moctar Ouane \u2013 avait tent\u00e9 d\u2019\u00e9carter certains colonels putschistes du gouvernement, ce qui avait provoqu\u00e9 cette \u00ab rectification de la Transition \u00bb, selon l\u2019euph\u00e9misme officiel.<\/p>\n<p>Choguel Ma\u00efga, qui d\u00e9non\u00e7ait jusqu\u2019alors \u00ab un r\u00e9gime militaire d\u00e9guis\u00e9 \u00bb, choisit de prendre sa part du pouvoir et acc\u00e8de \u00e0 la Primature. Mais en d\u00e9pit de certaines d\u00e9clarations fracassantes, comme le fameux \u00ab abandon en plein vol \u00bb qui visait la France \u00e0 la tribune des Nations unies \u2013 \u00e0 peine trois mois apr\u00e8s sa nomination -, Choguel Ma\u00efga n\u2019exerce pas r\u00e9ellement le pouvoir.<\/p>\n<p>Ses relations avec les colonels, r\u00e9cemment promus g\u00e9n\u00e9raux, se d\u00e9gradent progressivement. Depuis un an, la tension \u00e9tait mont\u00e9e d\u2019un cran et en mai, l\u2019un de ses proches collaborateurs avait m\u00eame d\u00e9nonc\u00e9 cette \u00e9viction du pouvoir. Ce qui lui avait valu d\u2019\u00eatre emprisonn\u00e9 et condamn\u00e9 pour \u00ab atteinte au cr\u00e9dit de l\u2019\u00c9tat \u00bb.<\/p>\n<p>Choguel Ma\u00efga pourrait \u00eatre vis\u00e9 par des poursuites judiciaires<\/p>\n<p>Choguel Ma\u00efga, limog\u00e9, devrait poursuivre sa strat\u00e9gie et tenter de se repositionner en opposant, dans la perspective d\u2019\u00e9ventuelles futures \u00e9lections. Mais il lui sera difficile de convaincre, apr\u00e8s trois ans et demi au service du r\u00e9gime.<\/p>\n<p>&nbsp;<\/p>\n<p>Choguel Ma\u00efga peut aussi d\u00e9sormais redouter la \u00ab Justice \u00bb de la Transition : ces derniers jours, les organisations pro-junte l\u2019ont accus\u00e9 de \u00ab haute trahison \u00bb et de \u00ab d\u00e9stabilisation \u00bb. Choguel Ma\u00efga pourrait \u00e0 son tour \u00eatre vis\u00e9 par des poursuites judiciaires, voire m\u00eame mis en d\u00e9tention de mani\u00e8re pr\u00e9ventive, ce qui l\u2019emp\u00eacherait de s\u2019exprimer et de mener ses activit\u00e9s politiques. Comme avant lui de nombreuses figures de la politique malienne, toujours d\u00e9tenus, et pour lesquels Choguel Ma\u00efga ne s\u2019est jamais battu.<\/p>\n<p>&nbsp;<\/p>\n<p><strong>Avec RFI\u00a0<\/strong><\/p>\n<\/div>\n<\/article>\n<\/div>\n<\/div>\n<\/div>\n<\/div>\n<p><\/main><\/div>\n","protected":false},"excerpt":{"rendered":"<p>&nbsp; Choguel Ma\u00efga n\u2019est plus le Premier ministre du Mali. Un d\u00e9cret pr\u00e9sidentiel lu mercredi 20 novembre soir \u00e0 la t\u00e9l\u00e9vision d\u2019\u00c9tat ORTM, par le secr\u00e9taire g\u00e9n\u00e9ral de la pr\u00e9sidence, met un terme aux fonctions du Premier ministre et \u00e0 celles de tous les membres du gouvernement. Ce limogeage semblait in\u00e9luctable apr\u00e8s les propos virulents [&hellip;]<\/p>\n","protected":false},"author":2,"featured_media":26323,"comment_status":"closed","ping_status":"closed","sticky":false,"template":"","format":"standard","meta":{"_jetpack_memberships_contains_paid_content":false,"footnotes":""},"categories":[32],"tags":[],"class_list":["post-26322","post","type-post","status-publish","format-standard","has-post-thumbnail","hentry","category-monde"],"jetpack_featured_media_url":"https:\/\/i0.wp.com\/liberationinfo.com\/wp-content\/uploads\/2024\/11\/InCollage_20241120_215620363-scaled-1.jpg?fit=2560%2C1439&ssl=1","jetpack-related-posts":[],"jetpack_sharing_enabled":true,"_links":{"self":[{"href":"https:\/\/liberationinfo.com\/index.php\/wp-json\/wp\/v2\/posts\/26322","targetHints":{"allow":["GET"]}}],"collection":[{"href":"https:\/\/liberationinfo.com\/index.php\/wp-json\/wp\/v2\/posts"}],"about":[{"href":"https:\/\/liberationinfo.com\/index.php\/wp-json\/wp\/v2\/types\/post"}],"author":[{"embeddable":true,"href":"https:\/\/liberationinfo.com\/index.php\/wp-json\/wp\/v2\/users\/2"}],"replies":[{"embeddable":true,"href":"https:\/\/liberationinfo.com\/index.php\/wp-json\/wp\/v2\/comments?post=26322"}],"version-history":[{"count":1,"href":"https:\/\/liberationinfo.com\/index.php\/wp-json\/wp\/v2\/posts\/26322\/revisions"}],"predecessor-version":[{"id":26324,"href":"https:\/\/liberationinfo.com\/index.php\/wp-json\/wp\/v2\/posts\/26322\/revisions\/26324"}],"wp:featuredmedia":[{"embeddable":true,"href":"https:\/\/liberationinfo.com\/index.php\/wp-json\/wp\/v2\/media\/26323"}],"wp:attachment":[{"href":"https:\/\/liberationinfo.com\/index.php\/wp-json\/wp\/v2\/media?parent=26322"}],"wp:term":[{"taxonomy":"category","embeddable":true,"href":"https:\/\/liberationinfo.com\/index.php\/wp-json\/wp\/v2\/categories?post=26322"},{"taxonomy":"post_tag","embeddable":true,"href":"https:\/\/liberationinfo.com\/index.php\/wp-json\/wp\/v2\/tags?post=26322"}],"curies":[{"name":"wp","href":"https:\/\/api.w.org\/{rel}","templated":true}]}}