{"id":25437,"date":"2024-08-16T15:27:33","date_gmt":"2024-08-16T15:27:33","guid":{"rendered":"https:\/\/liberationinfo.com\/?p=25437"},"modified":"2024-08-16T15:27:33","modified_gmt":"2024-08-16T15:27:33","slug":"des-rebelles-exigent-le-retour-dun-pouvoir-civil-au-niger","status":"publish","type":"post","link":"https:\/\/liberationinfo.com\/index.php\/des-rebelles-exigent-le-retour-dun-pouvoir-civil-au-niger\/","title":{"rendered":"Des rebelles exigent le retour d\u2019un pouvoir civil au Niger"},"content":{"rendered":"<nav class=\"bf-breadcrumb clearfix bc-top-style\" role=\"navigation\" aria-label=\"Breadcrumbs\">\n<div class=\"container bf-breadcrumb-container\">\n<p>&nbsp;<\/p>\n<\/div>\n<\/nav>\n<div class=\"content-wrap\"><main id=\"content\" class=\"content-container\"><\/p>\n<div class=\"container layout-2-col layout-2-col-1 layout-right-sidebar layout-bc-before post-template-1\">\n<div class=\"row main-section\">\n<div class=\"col-sm-8 content-column\">\n<div class=\"single-container\">\n<article id=\"post-31804\" class=\"post-31804 post type-post status-publish format-standard has-post-thumbnail  category-politique category-selon-nos-confreres single-post-content has-thumbnail\">\n<div class=\"entry-content clearfix single-post-content\">\n<p><strong>Au Niger, des groupes rebelles se sont form\u00e9s dans le nord du pays pour r\u00e9clamer le retour \u00e0 l\u2019ordre constitutionnel dans le pays dirig\u00e9 un r\u00e9gime militaire.<\/strong><\/p>\n<p><span xml:lang=\"FR-FR\"><a class=\"internal-link\" href=\"https:\/\/www.dw.com\/fr\/au-niger-les-pluies-ont-deja-fait-pres-dune-centaine-de-victimes\/a-69943350\" target=\"_blank\" rel=\"noopener\">Au Niger<\/a>, depuis le coup d\u2019\u00e9tat du 26 juillet 2023, au moins cinq fronts rebelles ont vu le jour dans le septentrion nig\u00e9rien. L\u2019un de ces mouvements est dirig\u00e9 par l\u2019ex-chef rebelle\u00a0<\/span>Rhissa Ag Boula. Avant le putsch qui a renvers\u00e9 le pr\u00e9sident Mohamed Bazoum, il \u00e9tait ministre conseiller en s\u00e9curit\u00e9 du pr\u00e9sident d\u00e9chu.<\/p>\n<p><span xml:lang=\"FR-FR\">Avec d\u2019autres groupes rebelles, ils portent la m\u00eame revendication<\/span>, \u00e0 savoir le retour \u00e0 l\u2019ordre constitutionnel et le r\u00e9tablissement du pr\u00e9sident d\u00e9chu.<\/p>\n<p><span xml:lang=\"FR-FR\">Pour se faire entendre, ces groupes posent par moment<\/span>\u00a0des actes de sabotage sur un ol\u00e9oduc, ou attaquent des positions militaires. Un officier de l\u2019arm\u00e9e, pr\u00e9fet d\u2019une localit\u00e9 au nord du pays, a m\u00eame \u00e9t\u00e9 enlev\u00e9.<\/p>\n<h4><strong><span xml:lang=\"FR-FR\">Une d\u00e9stabilisation qui viendrait de l\u2019\u00e9tranger<\/span><\/strong><\/h4>\n<p><span xml:lang=\"FR-FR\">Abdoulaye Seydou, coordonnateur du mouvement M62, proche\u00a0<a class=\"internal-link\" href=\"https:\/\/www.dw.com\/fr\/niger-tiani-bilan-un-an-apr%C3%A8s-le-putsh\/a-69772197\" target=\"_blank\" rel=\"noopener\">des militaires au pouvoir<\/a>, voit derri\u00e8re la naissance de ces diff\u00e9rents fronts, la main d\u2019une puissance \u00e9trang\u00e8re.<\/span><\/p>\n<p><span xml:lang=\"FR-FR\">Selon lui,\u00a0<em>\u00ab\u00a0c<\/em><\/span><em>\u2019est la cons\u00e9quence f\u00e2cheuse de l\u2019\u00e9chec de l\u2019Occident \u00e0 pouvoir d\u00e9stabiliser notre pays \u00e0 travers la C\u00e9d\u00e9ao. \u00c0 la suite de l\u2019\u00e9chec de cet aspect-l\u00e0, ils sont pass\u00e9s au plan B en faisant ce qu\u2019ils ont l\u2019habitude de faire avec les mouvements rebelles\u00a0\u00bb.<\/em><\/p>\n<p><span xml:lang=\"FR-FR\">De l\u2019avis d\u2019un autre acteur de la soci\u00e9t\u00e9 civile, on est en face de groupes arm\u00e9s politiques et non d\u2019une v\u00e9ritable r\u00e9bellion comme le Niger en a connue par le pass\u00e9.<\/span><\/p>\n<p><span xml:lang=\"FR-FR\">Bana<\/span>\u00a0Ibrahim du Front Patriotique pour la Souverainet\u00e9 estime que le Conseil National pour la Sauvegarde de la Patrie, l\u2019ex\u00e9cutif militaire au pouvoir, n\u2019a pas \u00e0 n\u00e9gocier avec ces groupes arm\u00e9s.<\/p>\n<p><img data-recalc-dims=\"1\" loading=\"lazy\" decoding=\"async\" class=\"alignnone wp-image-31805 alignright b-loaded\" src=\"https:\/\/i0.wp.com\/guinafnews.org\/wp-content\/uploads\/2024\/08\/AES-Assimi-Traore-et-Tiani-300x169.jpg?resize=440%2C248&#038;ssl=1\" sizes=\"auto, (max-width: 440px) 100vw, 440px\" srcset=\"https:\/\/guinafnews.org\/wp-content\/uploads\/2024\/08\/AES-Assimi-Traore-et-Tiani-300x169.jpg 300w, https:\/\/guinafnews.org\/wp-content\/uploads\/2024\/08\/AES-Assimi-Traore-et-Tiani.jpg 768w\" alt=\"\" width=\"440\" height=\"248\" \/><\/p>\n<p><span xml:lang=\"FR-FR\">Pour lui,<\/span>\u00a0<em>\u00ab\u00a0la cr\u00e9ation des fronts se r\u00e9sume \u00e0 quelques individus qui ont des revendications tendant \u00e0 la restauration de l\u2019ancien pr\u00e9sident Mohamed Bazoum. A ce niveau, il faut juste pr\u00e9ciser que c\u2019est une revendication politique mais qui est port\u00e9e par des groupes arm\u00e9s que nous consid\u00e9rons comme des groupes arm\u00e9s terroristes et le Niger a d\u00e9cid\u00e9 de traiter la question sur le plan militaire\u00a0\u00bb.\u00a0<\/em><\/p>\n<h4><strong><span xml:lang=\"FR-FR\">Mohamed\u00a0<\/span>Bazoum refuse de d\u00e9missionner\u00a0<\/strong><\/h4>\n<p><span xml:lang=\"FR-FR\">Depuis 1974, le Niger a connu plusieurs coups d\u2019\u00c9tat mais c\u2019est la premi\u00e8re fois que des groupes arm\u00e9s se mettent en place pour exiger notamment le r\u00e9tablissement d\u2019un pr\u00e9sident d\u00e9chu.\u00a0<\/span>Alkassoum Abdourahamane, analyste politique et s\u00e9curitaire, estime que\u00a0<em>\u00ab\u00a0ce n\u2019est pas dans l\u2019int\u00e9r\u00eat de celui qui a \u00e9t\u00e9 d\u00e9chu, ni de son parti politique, ce n\u2019est m\u00eame pas dans l\u2019int\u00e9r\u00eat du Niger\u00a0\u00bb.\u00a0\u00a0<\/em><\/p>\n<p><strong>Lire la suite \u2026\u00a0<a href=\"https:\/\/www.dw.com\/fr\/des-rebelles-exigent-le-retour-dun-pouvoir-civil-au-niger\/a-69955542\" target=\"_blank\" rel=\"noopener\">https:\/\/www.dw.com\/fr\/des-rebelles-exigent-le-retour-dun-pouvoir-civil-au-niger\/a-69955542<\/a><\/strong><\/p>\n<\/div>\n<\/article>\n<\/div>\n<\/div>\n<\/div>\n<\/div>\n<p><\/main><\/div>\n","protected":false},"excerpt":{"rendered":"<p>&nbsp; Au Niger, des groupes rebelles se sont form\u00e9s dans le nord du pays pour r\u00e9clamer le retour \u00e0 l\u2019ordre constitutionnel dans le pays dirig\u00e9 un r\u00e9gime militaire. Au Niger, depuis le coup d\u2019\u00e9tat du 26 juillet 2023, au moins cinq fronts rebelles ont vu le jour dans le septentrion nig\u00e9rien. L\u2019un de ces mouvements [&hellip;]<\/p>\n","protected":false},"author":2,"featured_media":25438,"comment_status":"closed","ping_status":"closed","sticky":false,"template":"","format":"standard","meta":{"_jetpack_memberships_contains_paid_content":false,"footnotes":""},"categories":[32,5],"tags":[],"class_list":["post-25437","post","type-post","status-publish","format-standard","has-post-thumbnail","hentry","category-monde","category-politique"],"jetpack_featured_media_url":"https:\/\/i0.wp.com\/liberationinfo.com\/wp-content\/uploads\/2024\/08\/A.-Tiani-750x430-1.webp?fit=750%2C430&ssl=1","jetpack-related-posts":[],"jetpack_sharing_enabled":true,"_links":{"self":[{"href":"https:\/\/liberationinfo.com\/index.php\/wp-json\/wp\/v2\/posts\/25437","targetHints":{"allow":["GET"]}}],"collection":[{"href":"https:\/\/liberationinfo.com\/index.php\/wp-json\/wp\/v2\/posts"}],"about":[{"href":"https:\/\/liberationinfo.com\/index.php\/wp-json\/wp\/v2\/types\/post"}],"author":[{"embeddable":true,"href":"https:\/\/liberationinfo.com\/index.php\/wp-json\/wp\/v2\/users\/2"}],"replies":[{"embeddable":true,"href":"https:\/\/liberationinfo.com\/index.php\/wp-json\/wp\/v2\/comments?post=25437"}],"version-history":[{"count":1,"href":"https:\/\/liberationinfo.com\/index.php\/wp-json\/wp\/v2\/posts\/25437\/revisions"}],"predecessor-version":[{"id":25439,"href":"https:\/\/liberationinfo.com\/index.php\/wp-json\/wp\/v2\/posts\/25437\/revisions\/25439"}],"wp:featuredmedia":[{"embeddable":true,"href":"https:\/\/liberationinfo.com\/index.php\/wp-json\/wp\/v2\/media\/25438"}],"wp:attachment":[{"href":"https:\/\/liberationinfo.com\/index.php\/wp-json\/wp\/v2\/media?parent=25437"}],"wp:term":[{"taxonomy":"category","embeddable":true,"href":"https:\/\/liberationinfo.com\/index.php\/wp-json\/wp\/v2\/categories?post=25437"},{"taxonomy":"post_tag","embeddable":true,"href":"https:\/\/liberationinfo.com\/index.php\/wp-json\/wp\/v2\/tags?post=25437"}],"curies":[{"name":"wp","href":"https:\/\/api.w.org\/{rel}","templated":true}]}}