{"id":2540,"date":"2020-11-12T15:09:46","date_gmt":"2020-11-12T14:09:46","guid":{"rendered":"https:\/\/liberationinfo.com\/?p=2540"},"modified":"2020-11-12T15:14:33","modified_gmt":"2020-11-12T14:14:33","slug":"kindia-des-centaines-doperateurs-economiques-deguerpis-du-centre-commercial-sans-loi","status":"publish","type":"post","link":"https:\/\/liberationinfo.com\/index.php\/kindia-des-centaines-doperateurs-economiques-deguerpis-du-centre-commercial-sans-loi\/","title":{"rendered":"Kindia: des centaines d&rsquo;op\u00e9rateurs \u00e9conomiques d\u00e9guerpis du centre commercial Sans loi&#8230;"},"content":{"rendered":"<p>Quelques mille commer\u00e7ants et op\u00e9rateurs \u00e9conomiques qui occupaient le centre commercial \u00ab Sans loi \u00bb de Kindia,ont quitt\u00e9 les lieux ce jeudi. La plupart n\u2019ayant pas trouv\u00e9 d\u2019autres places ont transport\u00e9 leurs marchandises dans leurs domiciles.<\/p>\n<div class=\"td-post-content tagdiv-type\">\n<p>\u00ab Tout le monde a transport\u00e9 lses marchandises \u00e0 la maison. Nous n\u2019avons pas un autre lieu o\u00f9 vendre\u2026Nous demandons \u00e0 l\u2019Etat de nous trouver un local. Nous sommes dans une situation difficile. Nous sommes pr\u00eats \u00e0 faire des dol\u00e9ances aupr\u00e8s des autorit\u00e9s afin qu\u2019elles permettent \u00e0 Elhadj Ousmane Bald\u00e9 de terminer la construction du b\u00e2timent. Il a un bail de 60 ans avec l\u2019Etat. Il devait construire un immeuble \u00e0 trois \u00e9tages mais il n\u2019a fait que le rez-de-chauss\u00e9e qui sert de centre commercial. Mais nous pensons qu\u2019il peut achever le reste des travaux dans deux ans \u00bb, a confi\u00e9 Ousmane Bodi\u00e9 Bald\u00e9, pr\u00e9sident par int\u00e9rim de la chambre pr\u00e9fectorale de Commerce, Industrie et Artisanat de Kindia.<\/p>\n<p>Mohamed Camara<\/p>\n<\/div>\n","protected":false},"excerpt":{"rendered":"<p>Quelques mille commer\u00e7ants et op\u00e9rateurs \u00e9conomiques qui occupaient le centre commercial \u00ab Sans loi \u00bb de Kindia,ont quitt\u00e9 les lieux ce jeudi. La plupart n\u2019ayant pas trouv\u00e9 d\u2019autres places ont transport\u00e9 leurs marchandises dans leurs domiciles. \u00ab Tout le monde a transport\u00e9 lses marchandises \u00e0 la maison. Nous n\u2019avons pas un autre lieu o\u00f9 vendre\u2026Nous [&hellip;]<\/p>\n","protected":false},"author":2,"featured_media":2542,"comment_status":"open","ping_status":"open","sticky":false,"template":"","format":"standard","meta":{"_jetpack_memberships_contains_paid_content":false,"footnotes":""},"categories":[4],"tags":[],"class_list":["post-2540","post","type-post","status-publish","format-standard","has-post-thumbnail","hentry","category-actu"],"jetpack_featured_media_url":"https:\/\/i0.wp.com\/liberationinfo.com\/wp-content\/uploads\/2020\/11\/ja13041018010097-e1538472673878-592x296-1557754659.jpg?fit=592%2C296&ssl=1","jetpack-related-posts":[],"jetpack_sharing_enabled":true,"_links":{"self":[{"href":"https:\/\/liberationinfo.com\/index.php\/wp-json\/wp\/v2\/posts\/2540","targetHints":{"allow":["GET"]}}],"collection":[{"href":"https:\/\/liberationinfo.com\/index.php\/wp-json\/wp\/v2\/posts"}],"about":[{"href":"https:\/\/liberationinfo.com\/index.php\/wp-json\/wp\/v2\/types\/post"}],"author":[{"embeddable":true,"href":"https:\/\/liberationinfo.com\/index.php\/wp-json\/wp\/v2\/users\/2"}],"replies":[{"embeddable":true,"href":"https:\/\/liberationinfo.com\/index.php\/wp-json\/wp\/v2\/comments?post=2540"}],"version-history":[{"count":0,"href":"https:\/\/liberationinfo.com\/index.php\/wp-json\/wp\/v2\/posts\/2540\/revisions"}],"wp:featuredmedia":[{"embeddable":true,"href":"https:\/\/liberationinfo.com\/index.php\/wp-json\/wp\/v2\/media\/2542"}],"wp:attachment":[{"href":"https:\/\/liberationinfo.com\/index.php\/wp-json\/wp\/v2\/media?parent=2540"}],"wp:term":[{"taxonomy":"category","embeddable":true,"href":"https:\/\/liberationinfo.com\/index.php\/wp-json\/wp\/v2\/categories?post=2540"},{"taxonomy":"post_tag","embeddable":true,"href":"https:\/\/liberationinfo.com\/index.php\/wp-json\/wp\/v2\/tags?post=2540"}],"curies":[{"name":"wp","href":"https:\/\/api.w.org\/{rel}","templated":true}]}}