{"id":24828,"date":"2024-05-01T09:54:33","date_gmt":"2024-05-01T09:54:33","guid":{"rendered":"https:\/\/liberationinfo.com\/?p=24828"},"modified":"2024-05-01T09:54:33","modified_gmt":"2024-05-01T09:54:33","slug":"couverture-sociale-pour-tous-le-dg-de-la-cnss-devoile-son-ambition","status":"publish","type":"post","link":"https:\/\/liberationinfo.com\/index.php\/couverture-sociale-pour-tous-le-dg-de-la-cnss-devoile-son-ambition\/","title":{"rendered":"Couverture sociale pour tous : le DG de la CNSS d\u00e9voile son ambition"},"content":{"rendered":"<div class=\"entry-header\">\n<h1 class=\"jeg_post_title\"><\/h1>\n<\/div>\n<div class=\"entry-content no-share\">\n<div class=\"content-inner \">\n<p>A l\u2019occasion du 1<sup>er<\/sup>\u00a0mai, journ\u00e9e internationale du travail, le minist\u00e8re du Travail et de la Fonction publique a organis\u00e9 une journ\u00e9e portes ouvertes dans un r\u00e9ceptif h\u00f4telier de la place. Bakary Sylla, Directeur G\u00e9n\u00e9ral de la Caisse nationale de S\u00e9curit\u00e9 sociale (CNSS) coanimateur d\u2019un panel \u00e0 cette occasion, a particuli\u00e8rement a expliqu\u00e9 l\u2019ambition de son institution de faire b\u00e9n\u00e9ficier la couverture sociale aux travailleurs \u00e9voluant dans des secteurs informels. Une ambition qui cadre avec le th\u00e8me du panel \u00e0 savoir : la couverture sociale pour tous, comment y arriver ?<\/p>\n<p>Le Directeur G\u00e9n\u00e9ral de la Caisse nationale de s\u00e9curit\u00e9 (CNSS) dont les reformes notamment la revalorisation des pensions de retraite et leur mensualisation ont \u00e9t\u00e9 salu\u00e9es, s\u2019est prononc\u00e9 sur ce que lui et ses \u00e9quipes mettent en \u0153uvre pour \u00e9tendre la couverture sociale aux travailleurs informels. Selon les donn\u00e9es l\u2019\u00e9crasante majorit\u00e9 des personnes actives, environs 70% sont dans l\u2019informel.<\/p>\n<p>La difficult\u00e9 d\u2019identification des travailleurs informels et leur faible capacit\u00e9 de paiement des cotisations sont des d\u00e9fis \u00e0 surmonter pour parvenir \u00e0 l\u2019objectif de couverture sociale universelle telle qu\u2019ambitionn\u00e9e par la CNSS.\u00a0<em><strong>\u00abEn g\u00e9n\u00e9ral, les travailleurs du secteur informel ont des revenus faibles et irr\u00e9guliers, je parle par exemple des populations rurales qu\u2019il ne faut pas oublier aussi\u00bb,\u00a0<\/strong><\/em>mentionne le Directeur G\u00e9n\u00e9ral de la Caisse nationale de s\u00e9curit\u00e9 sociale (CNSS).<\/p>\n<p>Beaucoup de travailleurs informels m\u00e9connaissent les avantages qu\u2019ils auraient en adh\u00e9rant \u00e0 un r\u00e9gime de couverture sociale. D\u2019autres ne savent m\u00eame pas comment y acc\u00e9der.<\/p>\n<p>La CNSS compte passer par la sensibilisation et une \u00e9tude actuarielle pour connaitre et tarifier les risques, des passages oblig\u00e9s.\u00a0<em><strong>\u00abCeci permettra de ramener sous le parapluie de la protection sociale, les 70% de la population active qui est aujourd\u2019hui exclue de la couverture. Pour nous c\u2019est une ambition\u00a0tr\u00e8s forte. Pourquoi ? Elle trouve m\u00eame son fondement dans la d\u00e9claration universelle des droits de l\u2019homme qui stipule que toute personne a droit \u00e0 la s\u00e9curit\u00e9 sociale et \u00e0 un travail d\u00e9cent \u00bb,<\/strong><\/em>\u00a0a d\u00e9clar\u00e9 Bakary Sylla.<\/p>\n<p>Le Directeur g\u00e9n\u00e9ral de la CNSS a profit\u00e9 de ce panel pour demander \u00e0 tous de s\u2019impliquer pour aider \u00e0 faire de cette couverture sociale en faveur des personnes \u00e9valuant dans le secteur informel une r\u00e9alit\u00e9 en Guin\u00e9e.<\/p>\n<div class=\"jnews_inline_related_post_wrapper left\">\n<div class=\"jnews_inline_related_post\">\n<div class=\"jeg_postblock_29 jeg_postblock jeg_module_hook jeg_pagination_disable jeg_col_2o3 jnews_module_50919_1_6632107cc9127   \" data-unique=\"jnews_module_50919_1_6632107cc9127\">\n<div class=\"jeg_block_navigation\"><\/div>\n<\/div>\n<\/div>\n<\/div>\n<p>Avec Guineenews<\/p>\n<\/div>\n<\/div>\n","protected":false},"excerpt":{"rendered":"<p>A l\u2019occasion du 1er\u00a0mai, journ\u00e9e internationale du travail, le minist\u00e8re du Travail et de la Fonction publique a organis\u00e9 une journ\u00e9e portes ouvertes dans un r\u00e9ceptif h\u00f4telier de la place. Bakary Sylla, Directeur G\u00e9n\u00e9ral de la Caisse nationale de S\u00e9curit\u00e9 sociale (CNSS) coanimateur d\u2019un panel \u00e0 cette occasion, a particuli\u00e8rement a expliqu\u00e9 l\u2019ambition de son [&hellip;]<\/p>\n","protected":false},"author":2,"featured_media":24829,"comment_status":"closed","ping_status":"closed","sticky":false,"template":"","format":"standard","meta":{"_jetpack_memberships_contains_paid_content":false,"footnotes":""},"categories":[6],"tags":[],"class_list":["post-24828","post","type-post","status-publish","format-standard","has-post-thumbnail","hentry","category-societe"],"jetpack_featured_media_url":"https:\/\/i0.wp.com\/liberationinfo.com\/wp-content\/uploads\/2024\/05\/DG-CNSS-1000x570-1.jpeg?fit=1000%2C570&ssl=1","jetpack-related-posts":[],"jetpack_sharing_enabled":true,"_links":{"self":[{"href":"https:\/\/liberationinfo.com\/index.php\/wp-json\/wp\/v2\/posts\/24828","targetHints":{"allow":["GET"]}}],"collection":[{"href":"https:\/\/liberationinfo.com\/index.php\/wp-json\/wp\/v2\/posts"}],"about":[{"href":"https:\/\/liberationinfo.com\/index.php\/wp-json\/wp\/v2\/types\/post"}],"author":[{"embeddable":true,"href":"https:\/\/liberationinfo.com\/index.php\/wp-json\/wp\/v2\/users\/2"}],"replies":[{"embeddable":true,"href":"https:\/\/liberationinfo.com\/index.php\/wp-json\/wp\/v2\/comments?post=24828"}],"version-history":[{"count":1,"href":"https:\/\/liberationinfo.com\/index.php\/wp-json\/wp\/v2\/posts\/24828\/revisions"}],"predecessor-version":[{"id":24830,"href":"https:\/\/liberationinfo.com\/index.php\/wp-json\/wp\/v2\/posts\/24828\/revisions\/24830"}],"wp:featuredmedia":[{"embeddable":true,"href":"https:\/\/liberationinfo.com\/index.php\/wp-json\/wp\/v2\/media\/24829"}],"wp:attachment":[{"href":"https:\/\/liberationinfo.com\/index.php\/wp-json\/wp\/v2\/media?parent=24828"}],"wp:term":[{"taxonomy":"category","embeddable":true,"href":"https:\/\/liberationinfo.com\/index.php\/wp-json\/wp\/v2\/categories?post=24828"},{"taxonomy":"post_tag","embeddable":true,"href":"https:\/\/liberationinfo.com\/index.php\/wp-json\/wp\/v2\/tags?post=24828"}],"curies":[{"name":"wp","href":"https:\/\/api.w.org\/{rel}","templated":true}]}}