{"id":24799,"date":"2024-04-28T13:35:47","date_gmt":"2024-04-28T13:35:47","guid":{"rendered":"https:\/\/liberationinfo.com\/?p=24799"},"modified":"2024-04-28T13:35:47","modified_gmt":"2024-04-28T13:35:47","slug":"lufdg-doit-tourner-le-dos-a-la-poursuite-de-la-violence-que-prone-le-clan-de-cellou-dalein-diallo-ousmane-gaoual-diallo","status":"publish","type":"post","link":"https:\/\/liberationinfo.com\/index.php\/lufdg-doit-tourner-le-dos-a-la-poursuite-de-la-violence-que-prone-le-clan-de-cellou-dalein-diallo-ousmane-gaoual-diallo\/","title":{"rendered":"L\u2019UFDG doit tourner le dos \u00e0 la poursuite de la violence que pr\u00f4ne le clan de Cellou Dalein Diallo [Ousmane Gaoual Diallo]"},"content":{"rendered":"<nav class=\"bf-breadcrumb clearfix bc-top-style\" role=\"navigation\" aria-label=\"Breadcrumbs\">\n<div class=\"container bf-breadcrumb-container\">\n<p>&nbsp;<\/p>\n<\/div>\n<\/nav>\n<div class=\"content-wrap\"><main id=\"content\" class=\"content-container\"><\/p>\n<div class=\"container layout-2-col layout-2-col-1 layout-right-sidebar layout-bc-before post-template-1\">\n<div class=\"row main-section\">\n<div class=\"col-sm-8 content-column\">\n<div class=\"single-container\">\n<article id=\"post-256814\" class=\"post-256814 post type-post status-publish format-standard has-post-thumbnail  category-a-la-une single-post-content has-thumbnail\">\n<div class=\"entry-content clearfix single-post-content\">\n<div class=\"opfecnw opfecnw-post-top opfecnw-float-center opfecnw-align-center opfecnw-column-1 opfecnw-clearfix no-bg-box-model\">\n<div id=\"opfecnw-223661-63359149\" class=\"opfecnw-container opfecnw-type-custom_code \" data-adid=\"223661\" data-type=\"custom_code\"><ins class=\"adsbygoogle\" data-ad-client=\"ca-pub-1870189416508001\" data-ad-slot=\"4596184177\" data-ad-format=\"auto\" data-full-width-responsive=\"true\" data-adsbygoogle-status=\"done\" data-ad-status=\"unfilled\"><\/p>\n<div id=\"aswift_0_host\"><\/div>\n<p><\/ins><\/div>\n<\/div>\n<p class=\"s3\"><span class=\"s4\"><span class=\"bumpedFont15\">Il est temps de s\u2019exprimer et dire\u00a0<\/span><\/span><span class=\"s4\"><span class=\"bumpedFont15\">notre ferme opposition \u00e0 l\u2019appel \u00e0 la violence et \u00e0 la d\u00e9stabilisation lanc\u00e9 par certains acteurs politiques.\u00a0<\/span><\/span><span class=\"s4\"><span class=\"bumpedFont15\">Celui qui n<\/span><\/span><span class=\"s4\"><span class=\"bumpedFont15\">\u2018<\/span><\/span><span class=\"s4\"><span class=\"bumpedFont15\">a pas le courage d\u2019\u00eatre devant ses troupes doit \u00e9viter les appels \u00e0 la violence.\u00a0<\/span><\/span><span class=\"s4\"><span class=\"bumpedFont15\">Les d\u00e9clarations\u00a0<\/span><\/span><span class=\"s4\"><span class=\"bumpedFont15\">du clan<\/span><\/span><span class=\"s4\"><span class=\"bumpedFont15\">\u00a0de Cellou Dalein Diallo\u00a0<\/span><\/span><span class=\"s4\"><span class=\"bumpedFont15\">n\u2019est pas dict\u00e9e par l\u2019<\/span><\/span><span class=\"s4\"><span class=\"bumpedFont15\">U<\/span><\/span><span class=\"s4\"><span class=\"bumpedFont15\">fdg et les instances habilit\u00e9es \u00e0 le faire.\u00a0<\/span><\/span><span class=\"s4\"><span class=\"bumpedFont15\">Cette mani\u00e8re<\/span><\/span><span class=\"s4\"><span class=\"bumpedFont15\">, qui encourage l\u2019utilisation de tous les moyens, y compris les manifestations\u00a0<\/span><\/span><span class=\"s4\"><span class=\"bumpedFont15\">violentes<\/span><\/span><span class=\"s4\"><span class=\"bumpedFont15\">,\u00a0<\/span><\/span><span class=\"s4\"><span class=\"bumpedFont15\">sont extr\u00eamement pr\u00e9occupantes et vont \u00e0 l\u2019encontre\u00a0<\/span><\/span><span class=\"s4\"><span class=\"bumpedFont15\">de la volont\u00e9 des militants\u00a0<\/span><\/span><span class=\"s4\"><span class=\"bumpedFont15\">et responsables du parti.<\/span><\/span><\/p>\n<p class=\"s5\"><span class=\"s4\"><span class=\"bumpedFont15\">Nous refusons\u00a0<\/span><\/span><span class=\"s4\"><span class=\"bumpedFont15\">l<\/span><\/span><span class=\"s4\"><span class=\"bumpedFont15\">es id\u00e9es\u00a0<\/span><\/span><span class=\"s4\"><span class=\"bumpedFont15\">extr\u00e9mistes pr\u00f4n\u00e9e par une minorit\u00e9\u00a0<\/span><\/span><span class=\"s4\"><span class=\"bumpedFont15\">selon lesquelles la violence et la confrontation sont des moyens l\u00e9gitimes pour atteindre des objectifs politiques. De telles<\/span><\/span><span class=\"s4\"><span class=\"bumpedFont15\">conceptions de la conqu\u00eate du pouvoir entrainent des<\/span><\/span><span class=\"s4\"><span class=\"bumpedFont15\">actions<\/span><\/span><span class=\"s4\"><span class=\"bumpedFont15\">\u00a0qui\u00a0<\/span><\/span><span class=\"s4\"><span class=\"bumpedFont15\">risquent de mettre en p\u00e9ril notre avenir collectif.<\/span><\/span><\/p>\n<p class=\"s5\"><span class=\"s4\"><span class=\"bumpedFont15\">Nous tenons \u00e9galement \u00e0 saluer et \u00e0 soutenir les membres de l\u2019Alliance Nationale pour l\u2019Alternance et la D\u00e9mocratie (ANAD) ainsi que les forces sociales qui ont courageusement pris leur\u00a0<\/span><\/span><span class=\"s4\"><span class=\"bumpedFont15\">distance pour\u00a0<\/span><\/span><span class=\"s4\"><span class=\"bumpedFont15\">se d\u00e9solidariser\u00a0<\/span><\/span><span class=\"s4\"><span class=\"bumpedFont15\">aux<\/span><\/span><span class=\"s4\"><span class=\"bumpedFont15\">\u00a0appels \u00e0 la violence et \u00e0 la confrontation.<\/span><\/span><\/p>\n<div class=\"opfecnw opfecnw-post-inline opfecnw-float-center opfecnw-align-center opfecnw-column-1 opfecnw-hide-on-tablet-portrait opfecnw-hide-on-tablet-landscape opfecnw-hide-on-desktop opfecnw-clearfix no-bg-box-model\">\n<div id=\"opfecnw-231298-546795878\" class=\"opfecnw-container opfecnw-type-custom_code  opfecnw-hide-on-desktop opfecnw-hide-on-tablet-portrait opfecnw-hide-on-tablet-landscape\" data-adid=\"231298\" data-type=\"custom_code\"><ins class=\"adsbygoogle\" data-ad-client=\"ca-pub-1870189416508001\" data-ad-slot=\"4596184177\" data-ad-format=\"auto\" data-full-width-responsive=\"true\" data-adsbygoogle-status=\"done\" data-ad-status=\"unfilled\"><\/p>\n<div id=\"aswift_1_host\"><\/div>\n<p><\/ins><\/div>\n<\/div>\n<p class=\"s5\"><span class=\"s4\"><span class=\"bumpedFont15\">Il est important de reconna\u00eetre la responsabilit\u00e9 individuelle des acteurs politiques, notamment celle de Cellou Dalein Diallo<\/span><\/span><span class=\"s4\"><span class=\"bumpedFont15\">\u00a0qui ne tire aucune le\u00e7on<\/span><\/span><span class=\"s4\"><span class=\"bumpedFont15\">\u00a0des\u00a0<\/span><\/span><span class=\"s4\"><span class=\"bumpedFont15\">actions pass\u00e9es\u00a0<\/span><\/span><span class=\"s4\"><span class=\"bumpedFont15\">qui\u00a0<\/span><\/span><span class=\"s4\"><span class=\"bumpedFont15\">ont cout\u00e9 si cher \u00e0 notre parti<\/span><\/span><span class=\"s4\"><span class=\"bumpedFont15\">.<\/span><\/span><\/p>\n<p class=\"s5\"><span class=\"s4\"><span class=\"bumpedFont15\">La priorit\u00e9 absolue doit \u00eatre la pr\u00e9servation de la paix et de la stabilit\u00e9 en Guin\u00e9e. Nous ne pouvons pas tol\u00e9rer la r\u00e9p\u00e9tition des trag\u00e9dies pass\u00e9es.\u00a0<\/span><\/span><span class=\"s4\"><span class=\"bumpedFont15\">Notre\u00a0<\/span><\/span><span class=\"s4\"><span class=\"bumpedFont15\">hi<\/span><\/span><span class=\"s4\"><span class=\"bumpedFont15\">s<\/span><\/span><span class=\"s4\"><span class=\"bumpedFont15\">t<\/span><\/span><span class=\"s4\"><span class=\"bumpedFont15\">o<\/span><\/span><span class=\"s4\"><span class=\"bumpedFont15\">i<\/span><\/span><span class=\"s4\"><span class=\"bumpedFont15\">r<\/span><\/span><span class=\"s4\"><span class=\"bumpedFont15\">e r\u00e9cente nous a suffisamment montr\u00e9 que la\u00a0<\/span><\/span><span class=\"s4\"><span class=\"bumpedFont15\">violence ne peut en aucun cas \u00eatre justifi\u00e9e<\/span><\/span><span class=\"s4\"><span class=\"bumpedFont15\">.\u00a0<\/span><\/span><a name=\"_Int_aCjgdKZk\"><\/a><span class=\"s4\"><span class=\"bumpedFont15\">Notre<\/span><\/span><span class=\"s4\"><span class=\"bumpedFont15\">\u00a0pass\u00e9<\/span><\/span>\u00a0<span class=\"s4\"><span class=\"bumpedFont15\">est suffisamment\u00a0<\/span><\/span><span class=\"s4\"><span class=\"bumpedFont15\">douloureux<\/span><\/span><span class=\"s4\"><span class=\"bumpedFont15\">\u00a0\u00e0 cause\u00a0<\/span><\/span><span class=\"s4\"><span class=\"bumpedFont15\">de violences associ\u00e9es\u00a0<\/span><\/span><span class=\"s4\"><span class=\"bumpedFont15\">aux\u00a0<\/span><\/span><span class=\"s4\"><span class=\"bumpedFont15\">acteurs politiques<\/span><\/span><span class=\"s4\"><span class=\"bumpedFont15\">.<\/span><\/span><\/p>\n<p class=\"s5\"><span class=\"s4\"><span class=\"bumpedFont15\">Nous saluons une fois de plus<\/span><\/span><span class=\"s4\"><span class=\"bumpedFont15\">\u00a0tous les acteurs politiques et de la soci\u00e9t\u00e9 civile<\/span><\/span><span class=\"s4\"><span class=\"bumpedFont15\">\u00a0qui ont eu le courage d\u2019opter pour la paix<\/span><\/span><span class=\"s4\"><span class=\"bumpedFont15\">. Leur prise de position prouve\u00a0<\/span><\/span><span class=\"s4\"><span class=\"bumpedFont15\">\u00e0 suffisance que<\/span><\/span>\u00a0<span class=\"s4\"><span class=\"bumpedFont15\">Cellou DALEIN doit avoir le courage de ses opinions\u00a0<\/span><\/span><span class=\"s4\"><span class=\"bumpedFont15\">et sortir de cette haine\u00a0<\/span><\/span><span class=\"s4\"><span class=\"bumpedFont15\">tenace\u00a0<\/span><\/span><span class=\"s4\"><span class=\"bumpedFont15\">qu\u2019il<\/span><\/span><span class=\"s4\"><span class=\"bumpedFont15\">entretient\u00a0<\/span><\/span><span class=\"s4\"><span class=\"bumpedFont15\">depuis des d\u00e9cennies.\u00a0<\/span><\/span><span class=\"s4\"><span class=\"bumpedFont15\">Elles signifient \u00e9galement que\u00a0<\/span><\/span><span class=\"s4\"><span class=\"bumpedFont15\">Cellou Dalein doit affronter ses d\u00e9fis actuels avec responsabilit\u00e9 au lieu de c\u00e9der \u00e0 la tentation du chaos<\/span><\/span><span class=\"s4\"><span class=\"bumpedFont15\">.<\/span><\/span><span class=\"s4\"><span class=\"bumpedFont15\">\u00a0Qu\u2019il doit\u00a0<\/span><\/span><span class=\"s4\"><span class=\"bumpedFont15\">cesser de<\/span><\/span><span class=\"s4\"><span class=\"bumpedFont15\">\u00a0se livrer\u00a0<\/span><\/span><span class=\"s4\"><span class=\"bumpedFont15\">aux pratiques<\/span><\/span>\u00a0<span class=\"s4\"><span class=\"bumpedFont15\">politiques\u00a0<\/span><\/span><span class=\"s4\"><span class=\"bumpedFont15\">d\u2019un autre temps<\/span><\/span>\u00a0<span class=\"s4\"><span class=\"bumpedFont15\">qui privil\u00e9gient la violence au d\u00e9triment de la vie humaine<\/span><\/span><span class=\"s4\"><span class=\"bumpedFont15\">.\u00a0<\/span><\/span><span class=\"s4\"><span class=\"bumpedFont15\">Il doit comprendre enfin que d<\/span><\/span><span class=\"s4\"><span class=\"bumpedFont15\">e telles actions<\/span><\/span><span class=\"s4\"><span class=\"bumpedFont15\">\u00a0ne servent ni les int\u00e9r\u00eats du pays<\/span><\/span><span class=\"s4\"><span class=\"bumpedFont15\">\u00a0encore moins<\/span><\/span><span class=\"s4\"><span class=\"bumpedFont15\"> ceux de l\u2019UFDG.<\/span><\/span><\/p>\n<p class=\"s7\"><span class=\"s6\"><span class=\"bumpedFont15\">En cette p\u00e9riode critique de notre histoire, nous encourageons tous les Guin\u00e9ens \u00e0 faire preuve de responsabilit\u00e9. Nous exhortons les militants de l\u2019Union des Forces D\u00e9mocratiques de Guin\u00e9e (UFDG) \u00e0 privil\u00e9gier le dialogue et \u00e0 \u0153uvrer pour l\u2019unit\u00e9 plut\u00f4t que de suivre des voies qui pourraient conduire \u00e0 davantage de division et de souffrance.\u00a0<\/span><\/span><span class=\"s4\"><span class=\"bumpedFont15\">Nous devons tirer des le\u00e7ons de notre histoire et travailler ensemble pour surmonter nos diff\u00e9rences, pour le bien de tous les Guin\u00e9ens.\u00a0<\/span><\/span><span class=\"s4\"><span class=\"bumpedFont15\">Dans cette voie, je m\u2019associe \u00e0 tous les acteurs\u00a0<\/span><\/span><span class=\"s4\"><span class=\"bumpedFont15\">qui agissent pour la paix sociale et la tol\u00e9rance.<\/span><\/span><span class=\"s4\"><span class=\"bumpedFont15\">\u00a0Ils peuvent compter sur moi dans la recherche de solutions justes et \u00e9quitables\u00a0<\/span><\/span><span class=\"s4\"><span class=\"bumpedFont15\">pour le bien de l\u2019UFDG et de notre pays.<\/span><\/span><\/p>\n<p class=\"s7\"><span class=\"s4\"><span class=\"bumpedFont15\">Il est temps\u00a0<\/span><\/span><span class=\"s4\"><span class=\"bumpedFont15\">que tous<\/span><\/span><span class=\"s4\"><span class=\"bumpedFont15\">\u00a0les Guin\u00e9ens et<\/span><\/span><span class=\"s4\"><span class=\"bumpedFont15\">,\u00a0<\/span><\/span><span class=\"s4\"><span class=\"bumpedFont15\">en premier lieu<\/span><\/span><span class=\"s4\"><span class=\"bumpedFont15\">,<\/span><\/span><span class=\"s4\"><span class=\"bumpedFont15\">ceux de\u00a0<\/span><\/span><span class=\"s4\"><span class=\"bumpedFont15\">l\u2019UFDG comprennent<\/span><\/span><span class=\"s4\"><span class=\"bumpedFont15\">\u00a0que l<\/span><\/span><span class=\"s4\"><span class=\"bumpedFont15\">es errements du clan de Cellou<\/span><\/span>\u00a0<span class=\"s4\"><span class=\"bumpedFont15\">DALEIN ne\u00a0<\/span><\/span><span class=\"s4\"><span class=\"bumpedFont15\">sont ni<\/span><\/span><span class=\"s4\"><span class=\"bumpedFont15\">\u00a0un projet de soci\u00e9t\u00e9<\/span><\/span><span class=\"s4\"><span class=\"bumpedFont15\">,<\/span><\/span><span class=\"s4\"><span class=\"bumpedFont15\">\u00a0encore moins un objectif du part<\/span><\/span><span class=\"s4\"><span class=\"bumpedFont15\">i,<\/span><\/span><span class=\"s4\"><span class=\"bumpedFont15\">\u00a0mais l\u2019expression\u00a0<\/span><\/span><span class=\"s4\"><span class=\"bumpedFont15\">du<\/span><\/span><span class=\"s4\"><span class=\"bumpedFont15\">\u00a0d\u00e9sespoir d\u2019un homme qui<\/span><\/span><span class=\"s4\"><span class=\"bumpedFont15\">, jadis<\/span><\/span><span class=\"s4\"><span class=\"bumpedFont15\">,<\/span><\/span>\u00a0<span class=\"s4\"><span class=\"bumpedFont15\">a\u00a0<\/span><\/span><span class=\"s4\"><span class=\"bumpedFont15\">suscit\u00e9 de l\u2019espoir<\/span><\/span><span class=\"s4\"><span class=\"bumpedFont15\">. C\u2019est\u00a0<\/span><\/span><span class=\"s4\"><span class=\"bumpedFont15\">son manque<\/span><\/span><span class=\"s4\"><span class=\"bumpedFont15\">\u00a0de\u00a0<\/span><\/span><span class=\"s4\"><span class=\"bumpedFont15\">vision qui<\/span><\/span><span class=\"s4\"><span class=\"bumpedFont15\">\u00a0le\u00a0<\/span><\/span><span class=\"s4\"><span class=\"bumpedFont15\">conduit aux voies extr\u00eames<\/span><\/span><span class=\"s4\"><span class=\"bumpedFont15\">\u00a0en se cachant derri\u00e8re\u00a0<\/span><\/span><span class=\"s4\"><span class=\"bumpedFont15\">des affid\u00e9s qu\u2019il manipule \u00e0 sa guise.<\/span><\/span>\u00a0<span class=\"s4\"><span class=\"bumpedFont15\">L\u2019U<\/span><\/span><span class=\"s4\"><span class=\"bumpedFont15\">nion sacr\u00e9e qu\u2019il pr\u00f4ne\u00a0<\/span><\/span><span class=\"s4\"><span class=\"bumpedFont15\">en est la preuve palpable.<\/span><\/span><\/p>\n<p class=\"s7\"><span class=\"s8\"><span class=\"bumpedFont15\">Fait \u00e0 Conakry, le 26 avril 2024<\/span><\/span><\/p>\n<p class=\"s9\"><strong><span class=\"s8\"><span class=\"bumpedFont15\">Ousmane Gaoual<\/span><\/span><span class=\"s8\"><span class=\"bumpedFont15\">\u00a0DIALLO<\/span><\/span><\/strong><\/p>\n<p class=\"s10\"><span class=\"s8\"><span class=\"bumpedFont15\">Membre du Conseil Politique de l\u2019UFDG.<\/span><\/span><\/p>\n<\/div>\n<\/article>\n<\/div>\n<\/div>\n<\/div>\n<\/div>\n<p><\/main><\/div>\n","protected":false},"excerpt":{"rendered":"<p>&nbsp; Il est temps de s\u2019exprimer et dire\u00a0notre ferme opposition \u00e0 l\u2019appel \u00e0 la violence et \u00e0 la d\u00e9stabilisation lanc\u00e9 par certains acteurs politiques.\u00a0Celui qui n\u2018a pas le courage d\u2019\u00eatre devant ses troupes doit \u00e9viter les appels \u00e0 la violence.\u00a0Les d\u00e9clarations\u00a0du clan\u00a0de Cellou Dalein Diallo\u00a0n\u2019est pas dict\u00e9e par l\u2019Ufdg et les instances habilit\u00e9es \u00e0 le [&hellip;]<\/p>\n","protected":false},"author":2,"featured_media":24800,"comment_status":"closed","ping_status":"closed","sticky":false,"template":"","format":"standard","meta":{"_jetpack_memberships_contains_paid_content":false,"footnotes":""},"categories":[4,5],"tags":[],"class_list":["post-24799","post","type-post","status-publish","format-standard","has-post-thumbnail","hentry","category-actu","category-politique"],"jetpack_featured_media_url":"https:\/\/i0.wp.com\/liberationinfo.com\/wp-content\/uploads\/2024\/04\/Ousmane-Gaoual-ORLM-1024x683-1.jpg?fit=1024%2C683&ssl=1","jetpack-related-posts":[],"jetpack_sharing_enabled":true,"_links":{"self":[{"href":"https:\/\/liberationinfo.com\/index.php\/wp-json\/wp\/v2\/posts\/24799","targetHints":{"allow":["GET"]}}],"collection":[{"href":"https:\/\/liberationinfo.com\/index.php\/wp-json\/wp\/v2\/posts"}],"about":[{"href":"https:\/\/liberationinfo.com\/index.php\/wp-json\/wp\/v2\/types\/post"}],"author":[{"embeddable":true,"href":"https:\/\/liberationinfo.com\/index.php\/wp-json\/wp\/v2\/users\/2"}],"replies":[{"embeddable":true,"href":"https:\/\/liberationinfo.com\/index.php\/wp-json\/wp\/v2\/comments?post=24799"}],"version-history":[{"count":1,"href":"https:\/\/liberationinfo.com\/index.php\/wp-json\/wp\/v2\/posts\/24799\/revisions"}],"predecessor-version":[{"id":24801,"href":"https:\/\/liberationinfo.com\/index.php\/wp-json\/wp\/v2\/posts\/24799\/revisions\/24801"}],"wp:featuredmedia":[{"embeddable":true,"href":"https:\/\/liberationinfo.com\/index.php\/wp-json\/wp\/v2\/media\/24800"}],"wp:attachment":[{"href":"https:\/\/liberationinfo.com\/index.php\/wp-json\/wp\/v2\/media?parent=24799"}],"wp:term":[{"taxonomy":"category","embeddable":true,"href":"https:\/\/liberationinfo.com\/index.php\/wp-json\/wp\/v2\/categories?post=24799"},{"taxonomy":"post_tag","embeddable":true,"href":"https:\/\/liberationinfo.com\/index.php\/wp-json\/wp\/v2\/tags?post=24799"}],"curies":[{"name":"wp","href":"https:\/\/api.w.org\/{rel}","templated":true}]}}