{"id":24684,"date":"2024-04-18T12:33:52","date_gmt":"2024-04-18T12:33:52","guid":{"rendered":"https:\/\/liberationinfo.com\/?p=24684"},"modified":"2024-04-18T12:33:52","modified_gmt":"2024-04-18T12:33:52","slug":"senegal-le-president-diomaye-faye-quitte-dakar-pour-une-premiere-visite-officielle-a-letranger","status":"publish","type":"post","link":"https:\/\/liberationinfo.com\/index.php\/senegal-le-president-diomaye-faye-quitte-dakar-pour-une-premiere-visite-officielle-a-letranger\/","title":{"rendered":"S\u00e9n\u00e9gal : le Pr\u00e9sident Diomaye Faye quitte Dakar pour une premi\u00e8re visite officielle \u00e0 l\u2019\u00e9tranger"},"content":{"rendered":"<header id=\"theme-header\" class=\"theme-header\">\n<div class=\"header-content\">\n<div class=\"logo\">\n<h2><\/h2>\n<\/div>\n<\/div>\n<\/header>\n<div id=\"main-content\" class=\"container\">\n<div class=\"content\">\n<article id=\"the-post\" class=\"post-listing post-35899 post type-post status-publish format-standard has-post-thumbnail hentry category-la-une category-actualites category-international\">\n<div class=\"post-inner\">\n<div class=\"entry\">\n<p>Le Pr\u00e9sident de la R\u00e9publique, S.E.M. Bassirou Diomaye Faye, a quitt\u00e9 Dakar ce matin pour se rendre en R\u00e9publique islamique de Mauritanie.<\/p>\n<p>\u00c0 Nouakchott, le Chef de l\u2019\u00c9tat va s\u2019entretenir avec son homologue, le Pr\u00e9sident Ould Cheikh El GHAZOUANI, Pr\u00e9sident en exercice de l\u2019Union africaine.<\/p>\n<p><a href=\"https:\/\/i0.wp.com\/liberationinfo.com\/wp-content\/uploads\/2024\/04\/1713443513365.jpg\"><img data-recalc-dims=\"1\" loading=\"lazy\" decoding=\"async\" class=\"alignnone size-medium wp-image-24685\" src=\"https:\/\/i0.wp.com\/liberationinfo.com\/wp-content\/uploads\/2024\/04\/1713443513365.jpg?resize=300%2C211\" alt=\"\" width=\"300\" height=\"211\" srcset=\"https:\/\/i0.wp.com\/liberationinfo.com\/wp-content\/uploads\/2024\/04\/1713443513365.jpg?resize=300%2C211&amp;ssl=1 300w, https:\/\/i0.wp.com\/liberationinfo.com\/wp-content\/uploads\/2024\/04\/1713443513365.jpg?resize=1024%2C720&amp;ssl=1 1024w, https:\/\/i0.wp.com\/liberationinfo.com\/wp-content\/uploads\/2024\/04\/1713443513365.jpg?resize=768%2C540&amp;ssl=1 768w, https:\/\/i0.wp.com\/liberationinfo.com\/wp-content\/uploads\/2024\/04\/1713443513365.jpg?resize=100%2C70&amp;ssl=1 100w, https:\/\/i0.wp.com\/liberationinfo.com\/wp-content\/uploads\/2024\/04\/1713443513365.jpg?resize=696%2C489&amp;ssl=1 696w, https:\/\/i0.wp.com\/liberationinfo.com\/wp-content\/uploads\/2024\/04\/1713443513365.jpg?resize=1068%2C751&amp;ssl=1 1068w, https:\/\/i0.wp.com\/liberationinfo.com\/wp-content\/uploads\/2024\/04\/1713443513365.jpg?resize=598%2C420&amp;ssl=1 598w, https:\/\/i0.wp.com\/liberationinfo.com\/wp-content\/uploads\/2024\/04\/1713443513365.jpg?resize=750%2C527&amp;ssl=1 750w, https:\/\/i0.wp.com\/liberationinfo.com\/wp-content\/uploads\/2024\/04\/1713443513365.jpg?w=1080&amp;ssl=1 1080w\" sizes=\"auto, (max-width: 300px) 100vw, 300px\" \/><\/a><\/p>\n<p>Dans le cadre de cette premi\u00e8re visite officielle du Chef de l\u2019\u00c9tat \u00e0 l\u2019\u00e9tranger, les secteurs prioritaires de la coop\u00e9ration multiforme entre le S\u00e9n\u00e9gal et la Mauritanie seront pass\u00e9s en revue.<\/p>\n<p>Au moment de son d\u00e9part, le Pr\u00e9sident Bassirou Diomaye Faye a \u00e9t\u00e9 salu\u00e9 par le Premier Ministre ainsi que les autorit\u00e9s civiles et militaires.<\/p>\n<p>Le retour du Pr\u00e9sident de la r\u00e9publique est pr\u00e9vu dans l\u2019apr\u00e8s-midi.<\/p>\n<p>&nbsp;<\/p>\n<p><strong>Pr\u00e9sidence de la R\u00e9publique<\/strong><\/p>\n<\/div>\n<\/div>\n<\/article>\n<\/div>\n<\/div>\n","protected":false},"excerpt":{"rendered":"<p>Le Pr\u00e9sident de la R\u00e9publique, S.E.M. Bassirou Diomaye Faye, a quitt\u00e9 Dakar ce matin pour se rendre en R\u00e9publique islamique de Mauritanie. \u00c0 Nouakchott, le Chef de l\u2019\u00c9tat va s\u2019entretenir avec son homologue, le Pr\u00e9sident Ould Cheikh El GHAZOUANI, Pr\u00e9sident en exercice de l\u2019Union africaine. Dans le cadre de cette premi\u00e8re visite officielle du Chef [&hellip;]<\/p>\n","protected":false},"author":2,"featured_media":24686,"comment_status":"closed","ping_status":"closed","sticky":false,"template":"","format":"standard","meta":{"_jetpack_memberships_contains_paid_content":false,"footnotes":""},"categories":[4,5],"tags":[],"class_list":["post-24684","post","type-post","status-publish","format-standard","has-post-thumbnail","hentry","category-actu","category-politique"],"jetpack_featured_media_url":"https:\/\/i0.wp.com\/liberationinfo.com\/wp-content\/uploads\/2024\/04\/1713443505431.jpg?fit=1080%2C719&ssl=1","jetpack-related-posts":[],"jetpack_sharing_enabled":true,"_links":{"self":[{"href":"https:\/\/liberationinfo.com\/index.php\/wp-json\/wp\/v2\/posts\/24684","targetHints":{"allow":["GET"]}}],"collection":[{"href":"https:\/\/liberationinfo.com\/index.php\/wp-json\/wp\/v2\/posts"}],"about":[{"href":"https:\/\/liberationinfo.com\/index.php\/wp-json\/wp\/v2\/types\/post"}],"author":[{"embeddable":true,"href":"https:\/\/liberationinfo.com\/index.php\/wp-json\/wp\/v2\/users\/2"}],"replies":[{"embeddable":true,"href":"https:\/\/liberationinfo.com\/index.php\/wp-json\/wp\/v2\/comments?post=24684"}],"version-history":[{"count":1,"href":"https:\/\/liberationinfo.com\/index.php\/wp-json\/wp\/v2\/posts\/24684\/revisions"}],"predecessor-version":[{"id":24687,"href":"https:\/\/liberationinfo.com\/index.php\/wp-json\/wp\/v2\/posts\/24684\/revisions\/24687"}],"wp:featuredmedia":[{"embeddable":true,"href":"https:\/\/liberationinfo.com\/index.php\/wp-json\/wp\/v2\/media\/24686"}],"wp:attachment":[{"href":"https:\/\/liberationinfo.com\/index.php\/wp-json\/wp\/v2\/media?parent=24684"}],"wp:term":[{"taxonomy":"category","embeddable":true,"href":"https:\/\/liberationinfo.com\/index.php\/wp-json\/wp\/v2\/categories?post=24684"},{"taxonomy":"post_tag","embeddable":true,"href":"https:\/\/liberationinfo.com\/index.php\/wp-json\/wp\/v2\/tags?post=24684"}],"curies":[{"name":"wp","href":"https:\/\/api.w.org\/{rel}","templated":true}]}}