{"id":24678,"date":"2024-04-17T13:51:49","date_gmt":"2024-04-17T13:51:49","guid":{"rendered":"https:\/\/liberationinfo.com\/?p=24678"},"modified":"2024-04-17T13:51:49","modified_gmt":"2024-04-17T13:51:49","slug":"mea-culpa-de-dr-ousmane-kaba-il-y-a-eu-des-moments-ou-ca-a-ete-ameliore","status":"publish","type":"post","link":"https:\/\/liberationinfo.com\/index.php\/mea-culpa-de-dr-ousmane-kaba-il-y-a-eu-des-moments-ou-ca-a-ete-ameliore\/","title":{"rendered":"Mea-culpa de Dr Ousmane Kaba: \u00ab Il y a eu des moments o\u00f9 \u00e7a a \u00e9t\u00e9 am\u00e9lior\u00e9&#8230;\u00bb"},"content":{"rendered":"<div class=\"entry-header\">\n<h1 class=\"jeg_post_title\"><\/h1>\n<\/div>\n<div class=\"entry-content no-share\">\n<div class=\"content-inner \">\n<p>Dans une sortie m\u00e9diatique, le Pr\u00e9sident du PADES Dr Ousmane Kaba a d\u00e9clar\u00e9 ceci : \u00a0\u00bb le probl\u00e8me de l&rsquo;\u00e9lectricit\u00e9 n&rsquo;a jamais \u00e9t\u00e9 r\u00e9gl\u00e9 en Guin\u00e9e\u00a0\u00bb. Une d\u00e9claration qui a mis en col\u00e8re les adeptes de l&rsquo;ancien pr\u00e9sident Alpha Cond\u00e9.<\/p>\n<p>Arriv\u00e9e au pouvoir en 2010 \u00e0 la suite d&rsquo;une pr\u00e9sidentielle qui l&rsquo;a oppos\u00e9 au pr\u00e9sident de l\u2019UFDG, Elhadj Mamadou Cellou Dalein Diallo. S&rsquo;il y a un seul domaine o\u00f9 l&rsquo;ex chef d&rsquo;\u00e9tat guin\u00e9en a apport\u00e9 des milliards de dollars c&rsquo;est bien dans le domaine de l&rsquo;\u00e9lectricit\u00e9.<\/p>\n<p>En revenant sur cette sortie qui a suscit\u00e9 beaucoup de d\u00e9bats et d&rsquo;incompr\u00e9hensions sur les r\u00e9seaux sociaux. L&rsquo;ancien ministre de l&rsquo;\u00e9conomie est revenu sur ces derniers propos pour \u00e9clairer la lanterne des guin\u00e9ens.<\/p>\n<p>\u00ab <em><strong>Je dis toujours que le probl\u00e8me de l\u2019\u00e9lectricit\u00e9 n\u2019a pas \u00e9t\u00e9 r\u00e9gl\u00e9 en Guin\u00e9e. Il y a eu une certaine am\u00e9lioration. On n\u2019a jamais eu le courant pendant plus de 24 heures, matin, midi et soir, sans interruption pendant un an. On n\u2019a jamais vu \u00e7a \u00bb,<\/strong><\/em>a-t-il fait savoir.<\/p>\n<p>Avant d&rsquo;apporter la pr\u00e9cision sur la r\u00e9alisation des barrages : \u00ab <strong><em>C\u2019est moi qui ai envoy\u00e9 le financement du Souapiti, Alpha Cond\u00e9 n\u2019en voulait m\u00eame pas. Apr\u00e8s trois mois de discussion, on l\u2019a impos\u00e9. Je ne le dis pas parce qu\u2019il est parti, je l\u2019ai toujours dit pendant qu\u2019il \u00e9tait \u00e0 la pr\u00e9sidence ici. C\u2019est la v\u00e9rit\u00e9. Donc, on sait tr\u00e8s bien que les barrages ne peuvent pas r\u00e9soudre le probl\u00e8me du courant pendant toute l\u2019ann\u00e9e parce qu\u2019il y a la saison pluvieuse et il y a la saison s\u00e8che. Et ces saisons, pluvieuse et s\u00e8che, \u00e7a ne date pas d\u2019aujourd\u2019hui, c\u2019est depuis des mill\u00e9naires. Donc, il faut une production mixte, de la thermique, de l\u2019hydraulique, du solaire, etc., et suffisamment d\u2019investissement dans un pays. Ensuite, il faut r\u00e9soudre le probl\u00e8me de transport, le probl\u00e8me de distribution et le probl\u00e8me de commercialisation.<\/em> Aujourd\u2019hui, on fait partie des 20 pays parmi les 180 pays dans le monde o\u00f9 on parle encore du courant. La grande majorit\u00e9 des pays, personne ne te parle de l\u2019\u00e9lectricit\u00e9, ce qui n\u2019a jamais \u00e9t\u00e9 r\u00e9solu. \u00c7a s\u2019est am\u00e9lior\u00e9 un moment, \u00e7a se d\u00e9grade, oui, mais dire que le probl\u00e8me du courant a \u00e9t\u00e9 r\u00e9solu, c\u2019est un non-sens<\/strong> \u00bba-t-il clarifi\u00e9<\/p>\n<p>Avant de conclure \u00a0: \u00ab <em><strong>De toute fa\u00e7on, moi je suis de la Haute Guin\u00e9e, je suis de Kankan, mais on n\u2019a jamais eu le courant \u00e0 Kankan, il n\u2019y a jamais eu le courant \u00e0 Siguiri, il n\u2019y a jamais eu le courant \u00e0 N\u2019Zerekor\u00e9, Macenta\u2026 Moi, je suis toujours \u00e9tonn\u00e9 parce que les gens parlent comme s\u2019ils n\u2019\u00e9taient pas de la Guin\u00e9e (\u2026) Donc quand je dis que le probl\u00e8me de l\u2019\u00e9lectricit\u00e9 n\u2019a jamais \u00e9t\u00e9 r\u00e9gl\u00e9 en Guin\u00e9e, moi je ne comprends pas les Guin\u00e9ens, on parle comme si la Guin\u00e9e s\u2019arr\u00eatait \u00e0 Conakry. Et \u00e0 Conakry, \u00e7a n\u2019a jamais \u00e9t\u00e9 r\u00e9gl\u00e9 parce qu\u2019on n\u2019a jamais eu ici un an o\u00f9 tout le monde oublie le courant matin, midi et soir, \u00e7a n\u2019a jamais exist\u00e9. Il y a eu des moments o\u00f9 \u00e7a a \u00e9t\u00e9 am\u00e9lior\u00e9, il y a eu des moments o\u00f9 \u00e7a a \u00e9t\u00e9 d\u00e9grad\u00e9 comme maintenant, mais c\u2019est tout. Dire qu\u2019on a r\u00e9gl\u00e9 le probl\u00e8me d\u2019\u00e9lectricit\u00e9, ce sont des contre-v\u00e9rit\u00e9s<\/strong><\/em> \u00bb, a-t-il ajout\u00e9.<\/p>\n<\/div>\n<p><strong>Liberationinfo.com\u00a0<\/strong><\/p>\n<\/div>\n","protected":false},"excerpt":{"rendered":"<p>Dans une sortie m\u00e9diatique, le Pr\u00e9sident du PADES Dr Ousmane Kaba a d\u00e9clar\u00e9 ceci : \u00a0\u00bb le probl\u00e8me de l&rsquo;\u00e9lectricit\u00e9 n&rsquo;a jamais \u00e9t\u00e9 r\u00e9gl\u00e9 en Guin\u00e9e\u00a0\u00bb. Une d\u00e9claration qui a mis en col\u00e8re les adeptes de l&rsquo;ancien pr\u00e9sident Alpha Cond\u00e9. Arriv\u00e9e au pouvoir en 2010 \u00e0 la suite d&rsquo;une pr\u00e9sidentielle qui l&rsquo;a oppos\u00e9 au pr\u00e9sident [&hellip;]<\/p>\n","protected":false},"author":2,"featured_media":24679,"comment_status":"closed","ping_status":"closed","sticky":false,"template":"","format":"standard","meta":{"_jetpack_memberships_contains_paid_content":false,"footnotes":""},"categories":[4,5],"tags":[],"class_list":["post-24678","post","type-post","status-publish","format-standard","has-post-thumbnail","hentry","category-actu","category-politique"],"jetpack_featured_media_url":"https:\/\/i0.wp.com\/liberationinfo.com\/wp-content\/uploads\/2024\/04\/Ousmane-Kaba-alpha-conde.jpeg?fit=578%2C390&ssl=1","jetpack-related-posts":[],"jetpack_sharing_enabled":true,"_links":{"self":[{"href":"https:\/\/liberationinfo.com\/index.php\/wp-json\/wp\/v2\/posts\/24678","targetHints":{"allow":["GET"]}}],"collection":[{"href":"https:\/\/liberationinfo.com\/index.php\/wp-json\/wp\/v2\/posts"}],"about":[{"href":"https:\/\/liberationinfo.com\/index.php\/wp-json\/wp\/v2\/types\/post"}],"author":[{"embeddable":true,"href":"https:\/\/liberationinfo.com\/index.php\/wp-json\/wp\/v2\/users\/2"}],"replies":[{"embeddable":true,"href":"https:\/\/liberationinfo.com\/index.php\/wp-json\/wp\/v2\/comments?post=24678"}],"version-history":[{"count":1,"href":"https:\/\/liberationinfo.com\/index.php\/wp-json\/wp\/v2\/posts\/24678\/revisions"}],"predecessor-version":[{"id":24680,"href":"https:\/\/liberationinfo.com\/index.php\/wp-json\/wp\/v2\/posts\/24678\/revisions\/24680"}],"wp:featuredmedia":[{"embeddable":true,"href":"https:\/\/liberationinfo.com\/index.php\/wp-json\/wp\/v2\/media\/24679"}],"wp:attachment":[{"href":"https:\/\/liberationinfo.com\/index.php\/wp-json\/wp\/v2\/media?parent=24678"}],"wp:term":[{"taxonomy":"category","embeddable":true,"href":"https:\/\/liberationinfo.com\/index.php\/wp-json\/wp\/v2\/categories?post=24678"},{"taxonomy":"post_tag","embeddable":true,"href":"https:\/\/liberationinfo.com\/index.php\/wp-json\/wp\/v2\/tags?post=24678"}],"curies":[{"name":"wp","href":"https:\/\/api.w.org\/{rel}","templated":true}]}}