{"id":24598,"date":"2024-04-08T07:01:48","date_gmt":"2024-04-08T07:01:48","guid":{"rendered":"https:\/\/liberationinfo.com\/?p=24598"},"modified":"2024-04-08T07:01:48","modified_gmt":"2024-04-08T07:01:48","slug":"au-mali-les-morgues-debordees-apres-les-chaleurs-extremes-couplees-aux-nombreux-delestages","status":"publish","type":"post","link":"https:\/\/liberationinfo.com\/index.php\/au-mali-les-morgues-debordees-apres-les-chaleurs-extremes-couplees-aux-nombreux-delestages\/","title":{"rendered":"Au Mali, les morgues d\u00e9bord\u00e9es apr\u00e8s les chaleurs extr\u00eames coupl\u00e9es aux nombreux d\u00e9lestages"},"content":{"rendered":"<nav class=\"bf-breadcrumb clearfix bc-top-style\" role=\"navigation\" aria-label=\"Breadcrumbs\">\n<div class=\"container bf-breadcrumb-container\">\n<p>&nbsp;<\/p>\n<\/div>\n<\/nav>\n<div class=\"content-wrap\"><main id=\"content\" class=\"content-container\"><\/p>\n<div class=\"container layout-2-col layout-2-col-1 layout-right-sidebar layout-bc-before post-template-1\">\n<div class=\"row main-section\">\n<div class=\"col-sm-8 content-column\">\n<div class=\"single-container\">\n<article id=\"post-18772\" class=\"post-18772 post type-post status-publish format-standard has-post-thumbnail  category-afrique single-post-content has-thumbnail\">\n<div class=\"entry-content clearfix single-post-content\">\n<p><strong>Selon plusieurs t\u00e9moignages, on constate une augmentation du nombre de d\u00e9c\u00e8s \u00e0 Bamako, la capitale malienne. Rien qu\u2019en quatre jours, du 1er au 4 avril, l\u2019h\u00f4pital Gabriel-Tour\u00e9 a r\u00e9ceptionn\u00e9 102 personnes d\u00e9c\u00e9d\u00e9es \u00e0 leur arriv\u00e9e dans l\u2019\u00e9tablissement. Des personnes \u00e2g\u00e9es de plus de 60 ans ayant des maladies chroniques pour la plupart.<\/strong><\/p>\n<p>\u00c0 titre de comparaison, pour tout le mois d\u2019avril 2023, il y a eu 130 morts. Le pays bat des records mondiaux de chaleur pour un mois d\u2019avril : \u00e0 Kayes, \u00e0 l\u2019extr\u00eame ouest du pays, il a fait 48,5 degr\u00e9s jeudi 4 avril.<\/p>\n<p>Propri\u00e9taire d\u2019une entreprise de pompes fun\u00e8bres, Ladji Dibat\u00e9r\u00e9 est, avec ses \u00e9quipes, en premi\u00e8re ligne pour observer ce ph\u00e9nom\u00e8ne. \u00ab On a pu observer une augmentation des d\u00e9c\u00e8s et les morgues sont beaucoup plus remplies, t\u00e9moigne-t-il. Ca nous arrive parfois de faire le tour de plusieurs morgues et de ne pas pouvoir y mettre nos d\u00e9funts et donc de devoir conserver \u00e0 la maison et de proc\u00e9der \u00e0 l\u2019inhumation d\u00e8s 8h le lendemain matin. Malheureusement, les coupures d\u2019\u00e9lectricit\u00e9 n\u2019aident pas. Il y a de grands groupes \u00e9lectrog\u00e8nes qui sont souvent en panne. \u00bb<\/p>\n<p>\u00c0 Bamako en effet, la plupart des morgues ne disposent pas de groupes \u00e9lectrog\u00e8nes pour conserver les corps des d\u00e9funts en cas de coupure de courant. Lors du d\u00e9c\u00e8s de son oncle, Mohamed* a d\u00fb faire le tour des structures de sant\u00e9 pour trouver une place, le temps pour ses proches d\u2019organiser les fun\u00e9railles.<\/p>\n<p>\u00ab Au quartier Sans fil, il y avait un endroit mais le syst\u00e8me de froid ne marchait pas. C\u2019est un ami qui a n\u00e9goci\u00e9 un espace pour nous dans une mosqu\u00e9e o\u00f9 ils ont une chambre bien climatis\u00e9e, c\u2019est l\u00e0-bas qu\u2019on a gard\u00e9 [le corps]. M\u00eame l\u00e0 avec \u00e7a, il fait tellement chaud que le matin, quand on est all\u00e9 chercher le corps, la d\u00e9composition avait d\u00e9j\u00e0 commenc\u00e9\u2026 \u00bb<\/p>\n<p><strong>Les h\u00f4pitaux sont aussi en rade d\u2019\u00e9lectricit\u00e9<\/strong><\/p>\n<p>Le professionnel du rite fun\u00e9raire Ladji Dibat\u00e9r\u00e9 poursuit : \u00ab Il y a carr\u00e9ment des h\u00f4pitaux dans lesquels, quand je rentre, je suis oblig\u00e9 d\u2019avoir les deux mains sur le nez. J\u2019ai l\u2019impression que les gens ne se sont pas rendus compte de l\u2019importance d\u2019avoir une morgue digne, qu\u2019on puisse conserver nos d\u00e9funts, les respecter, qu\u2019ils puissent reposer en paix et en dignit\u00e9. On ne peut pas laisser les d\u00e9funts \u00ab\u00a0pourrir\u00a0\u00bb comme \u00e7a. \u00bb<\/p>\n<p>Une situation traumatisante pour les familles qui risque de durer, regrette le docteur Boubacar Niar\u00e9, secr\u00e9taire g\u00e9n\u00e9ral adjoint du syndicat des m\u00e9decins, qui d\u00e9plore \u00e9galement un manque de personnel pour traiter l\u2019afflux de d\u00e9c\u00e8s.<\/p>\n<p>\u00ab Nous avons des craintes car d\u2019abord, il n\u2019est pas \u00e9vident que le probl\u00e8me d\u2019\u00e9lectricit\u00e9 soit r\u00e9gl\u00e9 tout de suite. Ensuite, quand on parle de recrutement, est-ce que l\u2019\u00c9tat va avoir les moyens d\u2019am\u00e9liorer tout de suite les structures de sant\u00e9 pour recevoir ces cas qui am\u00e8nent \u00e0 des situations compliqu\u00e9es ? \u00bb<\/p>\n<p>L\u2019h\u00f4pital souffre donc aussi de l\u2019absence d\u2019\u00e9lectricit\u00e9. Les urgences bien s\u00fbr, ainsi que les services de maternit\u00e9 et de chirurgie ont besoin d\u2019un approvisionnement constant pour \u00e9viter les pertes en vie humaines. Ce qui n\u2019est pas le cas aujourd\u2019hui dans la plupart des h\u00f4pitaux du Mali.<\/p>\n<p>&nbsp;<\/p>\n<p><strong>Avec RFI<\/strong><\/p>\n<\/div>\n<\/article>\n<\/div>\n<\/div>\n<\/div>\n<\/div>\n<p><\/main><\/div>\n","protected":false},"excerpt":{"rendered":"<p>&nbsp; Selon plusieurs t\u00e9moignages, on constate une augmentation du nombre de d\u00e9c\u00e8s \u00e0 Bamako, la capitale malienne. Rien qu\u2019en quatre jours, du 1er au 4 avril, l\u2019h\u00f4pital Gabriel-Tour\u00e9 a r\u00e9ceptionn\u00e9 102 personnes d\u00e9c\u00e9d\u00e9es \u00e0 leur arriv\u00e9e dans l\u2019\u00e9tablissement. Des personnes \u00e2g\u00e9es de plus de 60 ans ayant des maladies chroniques pour la plupart. \u00c0 titre [&hellip;]<\/p>\n","protected":false},"author":2,"featured_media":24599,"comment_status":"closed","ping_status":"closed","sticky":false,"template":"","format":"standard","meta":{"_jetpack_memberships_contains_paid_content":false,"footnotes":""},"categories":[32,6],"tags":[],"class_list":["post-24598","post","type-post","status-publish","format-standard","has-post-thumbnail","hentry","category-monde","category-societe"],"jetpack_featured_media_url":"https:\/\/i0.wp.com\/liberationinfo.com\/wp-content\/uploads\/2024\/04\/000_par8115125_0.webp?fit=980%2C551&ssl=1","jetpack-related-posts":[],"jetpack_sharing_enabled":true,"_links":{"self":[{"href":"https:\/\/liberationinfo.com\/index.php\/wp-json\/wp\/v2\/posts\/24598","targetHints":{"allow":["GET"]}}],"collection":[{"href":"https:\/\/liberationinfo.com\/index.php\/wp-json\/wp\/v2\/posts"}],"about":[{"href":"https:\/\/liberationinfo.com\/index.php\/wp-json\/wp\/v2\/types\/post"}],"author":[{"embeddable":true,"href":"https:\/\/liberationinfo.com\/index.php\/wp-json\/wp\/v2\/users\/2"}],"replies":[{"embeddable":true,"href":"https:\/\/liberationinfo.com\/index.php\/wp-json\/wp\/v2\/comments?post=24598"}],"version-history":[{"count":1,"href":"https:\/\/liberationinfo.com\/index.php\/wp-json\/wp\/v2\/posts\/24598\/revisions"}],"predecessor-version":[{"id":24600,"href":"https:\/\/liberationinfo.com\/index.php\/wp-json\/wp\/v2\/posts\/24598\/revisions\/24600"}],"wp:featuredmedia":[{"embeddable":true,"href":"https:\/\/liberationinfo.com\/index.php\/wp-json\/wp\/v2\/media\/24599"}],"wp:attachment":[{"href":"https:\/\/liberationinfo.com\/index.php\/wp-json\/wp\/v2\/media?parent=24598"}],"wp:term":[{"taxonomy":"category","embeddable":true,"href":"https:\/\/liberationinfo.com\/index.php\/wp-json\/wp\/v2\/categories?post=24598"},{"taxonomy":"post_tag","embeddable":true,"href":"https:\/\/liberationinfo.com\/index.php\/wp-json\/wp\/v2\/tags?post=24598"}],"curies":[{"name":"wp","href":"https:\/\/api.w.org\/{rel}","templated":true}]}}