{"id":24585,"date":"2024-04-07T15:22:11","date_gmt":"2024-04-07T15:22:11","guid":{"rendered":"https:\/\/liberationinfo.com\/?p=24585"},"modified":"2024-04-07T15:22:11","modified_gmt":"2024-04-07T15:22:11","slug":"personne-ne-peut-nier-aujourdhui-que-le-cnt-est-un-simple-appendice-de-la-nebuleuse-cnrd","status":"publish","type":"post","link":"https:\/\/liberationinfo.com\/index.php\/personne-ne-peut-nier-aujourdhui-que-le-cnt-est-un-simple-appendice-de-la-nebuleuse-cnrd\/","title":{"rendered":"Personne ne peut nier aujourd\u2019hui, que le CNT est un simple appendice de la n\u00e9buleuse CNRD"},"content":{"rendered":"<nav class=\"bf-breadcrumb clearfix bc-top-style\" role=\"navigation\" aria-label=\"Breadcrumbs\">\n<div class=\"container bf-breadcrumb-container\">\n<p>&nbsp;<\/p>\n<\/div>\n<\/nav>\n<div class=\"content-wrap\"><main id=\"content\" class=\"content-container\"><\/p>\n<div class=\"container layout-2-col layout-2-col-1 layout-right-sidebar layout-bc-before post-template-1\">\n<div class=\"row main-section\">\n<div class=\"col-sm-8 content-column\">\n<div class=\"single-container\">\n<article id=\"post-18752\" class=\"post-18752 post type-post status-publish format-standard has-post-thumbnail  category-opinion single-post-content has-thumbnail\">\n<div class=\"post-header post-tp-1-header\">\n<div class=\"post-meta-wrap clearfix\">\n<div class=\"term-badges \"><\/div>\n<\/div>\n<div class=\"single-featured\"><\/div>\n<\/div>\n<div class=\"entry-content clearfix single-post-content\">\n<p><strong>Cette institution, si on peut l\u2019appeler ainsi, est compos\u00e9e en grande partie de la branche civile de la junte au pouvoir. Tous les faits, gestes et discours de son pr\u00e9sident le d\u00e9montrent. Qui ne se souvient pas de cette image de ce dernier juch\u00e9 sur le toit d\u2019un v\u00e9hicule 4\u00d74 et criant \u00e0 tue-t\u00eate \u00e0 l\u2019occasion du retour du caporal Mamadi Doumbouya d\u2019un voyage \u00e0 l\u2019\u00e9tranger.\u00a0<\/strong><\/p>\n<p>Il vient encore de sortir une phrase hautement d\u00e9magogique \u00e0 l\u2019occasion d\u2019une c\u00e9r\u00e9monie de pr\u00e9sentation de v\u0153ux de nouvel an des conseillers nationaux et travailleurs parlementaires. Il a d\u00e9clar\u00e9 que chaque si\u00e8cle produit un leader et que Mamadi Doumbouya serait le leader du si\u00e8cle pour la Guin\u00e9e. C\u2019est le pr\u00e9sident de l\u2019institution charg\u00e9e du contr\u00f4le de l\u2019action gouvernementale qui s\u2019exprime ainsi. On se demande bien quel acte le \u00a0\u00bb caporal \u00a0\u00bb a accompli pour \u00eatre un leader. Le leader des corrompus et voleurs de la R\u00e9publique ? Peut-\u00eatre oui. Ce type de discours et d\u2019actes se comprend d\u2019ailleurs ais\u00e9ment.<\/p>\n<p>En effet, d\u2019une part, le pr\u00e9sident du CNT ne doit sa fonction qu\u2019\u00e0 ses relations personnelles avec un membre du CNRD et d\u2019autre part, il est important pour lui de se mettre \u00e0 l\u2019abri de poursuites judiciaires li\u00e9es aux importantes sorties d\u2019argent au niveau du CNT. Il faut donc fournir des preuves de fid\u00e9lit\u00e9 \u00e0 travers des discours dithyrambiques et des actes indignes d\u2019une institution cens\u00e9e \u00eatre ind\u00e9pendante au regard du principe de la s\u00e9paration des pouvoirs.<\/p>\n<p>D\u2019ailleurs, le CNT s\u2019est inscrit carr\u00e9ment dans la strat\u00e9gie de confiscation du pouvoir. Il est donc absolument illusoire de compter sur ses membres qui ont choisi les avantages personnels qu\u2019ils ont par rapport \u00e0 l\u2019int\u00e9r\u00eat sup\u00e9rieur du pays. Sans quoi, beaucoup d\u2019entre eux auraient d\u00e9missionn\u00e9 depuis longtemps.<\/p>\n<p><strong>S\u00e9kou KOUNDOUNO\u00a0<\/strong><\/p>\n<p><strong>RESPONSABLE DES STRAT\u00c9GIES ET PLANIFICATION DU FNDC<\/strong><\/p>\n<\/div>\n<\/article>\n<\/div>\n<\/div>\n<\/div>\n<\/div>\n<p><\/main><\/div>\n","protected":false},"excerpt":{"rendered":"<p>&nbsp; Cette institution, si on peut l\u2019appeler ainsi, est compos\u00e9e en grande partie de la branche civile de la junte au pouvoir. Tous les faits, gestes et discours de son pr\u00e9sident le d\u00e9montrent. Qui ne se souvient pas de cette image de ce dernier juch\u00e9 sur le toit d\u2019un v\u00e9hicule 4\u00d74 et criant \u00e0 tue-t\u00eate [&hellip;]<\/p>\n","protected":false},"author":2,"featured_media":24586,"comment_status":"closed","ping_status":"closed","sticky":false,"template":"","format":"standard","meta":{"_jetpack_memberships_contains_paid_content":false,"footnotes":""},"categories":[4,5],"tags":[],"class_list":["post-24585","post","type-post","status-publish","format-standard","has-post-thumbnail","hentry","category-actu","category-politique"],"jetpack_featured_media_url":"https:\/\/i0.wp.com\/liberationinfo.com\/wp-content\/uploads\/2024\/04\/1712503043846.jpg?fit=1080%2C1122&ssl=1","jetpack-related-posts":[],"jetpack_sharing_enabled":true,"_links":{"self":[{"href":"https:\/\/liberationinfo.com\/index.php\/wp-json\/wp\/v2\/posts\/24585","targetHints":{"allow":["GET"]}}],"collection":[{"href":"https:\/\/liberationinfo.com\/index.php\/wp-json\/wp\/v2\/posts"}],"about":[{"href":"https:\/\/liberationinfo.com\/index.php\/wp-json\/wp\/v2\/types\/post"}],"author":[{"embeddable":true,"href":"https:\/\/liberationinfo.com\/index.php\/wp-json\/wp\/v2\/users\/2"}],"replies":[{"embeddable":true,"href":"https:\/\/liberationinfo.com\/index.php\/wp-json\/wp\/v2\/comments?post=24585"}],"version-history":[{"count":1,"href":"https:\/\/liberationinfo.com\/index.php\/wp-json\/wp\/v2\/posts\/24585\/revisions"}],"predecessor-version":[{"id":24587,"href":"https:\/\/liberationinfo.com\/index.php\/wp-json\/wp\/v2\/posts\/24585\/revisions\/24587"}],"wp:featuredmedia":[{"embeddable":true,"href":"https:\/\/liberationinfo.com\/index.php\/wp-json\/wp\/v2\/media\/24586"}],"wp:attachment":[{"href":"https:\/\/liberationinfo.com\/index.php\/wp-json\/wp\/v2\/media?parent=24585"}],"wp:term":[{"taxonomy":"category","embeddable":true,"href":"https:\/\/liberationinfo.com\/index.php\/wp-json\/wp\/v2\/categories?post=24585"},{"taxonomy":"post_tag","embeddable":true,"href":"https:\/\/liberationinfo.com\/index.php\/wp-json\/wp\/v2\/tags?post=24585"}],"curies":[{"name":"wp","href":"https:\/\/api.w.org\/{rel}","templated":true}]}}