{"id":24494,"date":"2024-03-22T17:09:23","date_gmt":"2024-03-22T17:09:23","guid":{"rendered":"https:\/\/liberationinfo.com\/?p=24494"},"modified":"2024-03-22T17:09:23","modified_gmt":"2024-03-22T17:09:23","slug":"education-les-examens-nationaux-sont-prevus-du-10-au-30-juin-2024","status":"publish","type":"post","link":"https:\/\/liberationinfo.com\/index.php\/education-les-examens-nationaux-sont-prevus-du-10-au-30-juin-2024\/","title":{"rendered":"Education: les examens nationaux sont pr\u00e9vus du 10 au 30 juin 2024\u00a0"},"content":{"rendered":"<div class=\"td-pb-row\">\n<div class=\"td-pb-span12\">\n<div class=\"td-post-header\">\n<div class=\"td-crumb-container\"><\/div>\n<\/div>\n<\/div>\n<\/div>\n<div class=\"td-pb-row\">\n<div class=\"td-pb-span8 td-main-content\" role=\"main\">\n<div class=\"td-ss-main-content\">\n<div class=\"td-post-content tagdiv-type\">\n<p>Le minist\u00e8re de l\u2019Enseignement pr\u00e9-universitaire et de l\u2019alphab\u00e9tisation vient d\u2019annoncer un r\u00e9am\u00e9nagement du calendrier des examens nationaux. Le d\u00e9partement dirig\u00e9 par Jean Paul Cedy a indiqu\u00e9 que les examens nationaux seront programm\u00e9s du 10 au 30 juin 2024 sur toute l\u2019\u00e9tendue du territoire national.<\/p>\n<p>Selon une note sign\u00e9e par l\u2019Inspecteur g\u00e9n\u00e9ral de l\u2019\u00c9ducation, Morlaye Yattara, l\u2019incendie du d\u00e9p\u00f4t de carburant survenu dans la nuit du 17 au 18 d\u00e9cembre 2023 \u00e0 Kaloum et la gr\u00e8ve g\u00e9n\u00e9rale du 26 au 28 f\u00e9vrier 2024 ont affect\u00e9 le d\u00e9roulement des cours. C\u2019est pourquoi, pour pallier ces raisons, des mesures urgentes ont \u00e9t\u00e9 prises pour rattraper les cours perdus.<\/p>\n<p>\u00ab 1. Maintenir les cong\u00e9s du 2\u00e8me trimestre \u00e0 la p\u00e9riode indiqu\u00e9e, du 30 mars au 06 avril 2024;<\/p>\n<p>2. Arr\u00eater les cours \u00e0 la date du 28 mai 2024 pour l\u2019ensemble des cycles (Pr\u00e9scolaire, \u00c9l\u00e9mentaire et Secondaire), contrairement \u00e0 celle du 18 mai 2024;<\/p>\n<p>3. Organiser les examens blancs et les compositions de fin d\u2019ann\u00e9e \u00e0 la p\u00e9riode du 30 mai au 06 juin 2024.<\/p>\n<p>Les examens nationaux seront programm\u00e9s du 10 au 30 juin 2024 et les dates feront l\u2019objet d\u2019un communiqu\u00e9 par la Direction G\u00e9n\u00e9rale des Examens et Contr\u00f4le Scolaire\u00bb.<\/p>\n<p>L\u2019inspecteur g\u00e9n\u00e9ral de l\u2019\u00e9ducation pr\u00e9cise que sur instruction du ministre de l\u2019Enseignement pr\u00e9-universitaire et de l\u2019alphab\u00e9tisation, ces dispositions demeurent les seules \u00e0 appliquer dans toutes les concessions scolaires publiques et priv\u00e9es relevant du ressort du MEPUA<\/p>\n<\/div>\n<\/div>\n<\/div>\n<\/div>\n","protected":false},"excerpt":{"rendered":"<p>Le minist\u00e8re de l\u2019Enseignement pr\u00e9-universitaire et de l\u2019alphab\u00e9tisation vient d\u2019annoncer un r\u00e9am\u00e9nagement du calendrier des examens nationaux. Le d\u00e9partement dirig\u00e9 par Jean Paul Cedy a indiqu\u00e9 que les examens nationaux seront programm\u00e9s du 10 au 30 juin 2024 sur toute l\u2019\u00e9tendue du territoire national. Selon une note sign\u00e9e par l\u2019Inspecteur g\u00e9n\u00e9ral de l\u2019\u00c9ducation, Morlaye Yattara, [&hellip;]<\/p>\n","protected":false},"author":2,"featured_media":24495,"comment_status":"closed","ping_status":"closed","sticky":false,"template":"","format":"standard","meta":{"_jetpack_memberships_contains_paid_content":false,"footnotes":""},"categories":[4,6],"tags":[],"class_list":["post-24494","post","type-post","status-publish","format-standard","has-post-thumbnail","hentry","category-actu","category-societe"],"jetpack_featured_media_url":"https:\/\/i0.wp.com\/liberationinfo.com\/wp-content\/uploads\/2024\/03\/MENA.jpg?fit=800%2C453&ssl=1","jetpack-related-posts":[],"jetpack_sharing_enabled":true,"_links":{"self":[{"href":"https:\/\/liberationinfo.com\/index.php\/wp-json\/wp\/v2\/posts\/24494","targetHints":{"allow":["GET"]}}],"collection":[{"href":"https:\/\/liberationinfo.com\/index.php\/wp-json\/wp\/v2\/posts"}],"about":[{"href":"https:\/\/liberationinfo.com\/index.php\/wp-json\/wp\/v2\/types\/post"}],"author":[{"embeddable":true,"href":"https:\/\/liberationinfo.com\/index.php\/wp-json\/wp\/v2\/users\/2"}],"replies":[{"embeddable":true,"href":"https:\/\/liberationinfo.com\/index.php\/wp-json\/wp\/v2\/comments?post=24494"}],"version-history":[{"count":1,"href":"https:\/\/liberationinfo.com\/index.php\/wp-json\/wp\/v2\/posts\/24494\/revisions"}],"predecessor-version":[{"id":24496,"href":"https:\/\/liberationinfo.com\/index.php\/wp-json\/wp\/v2\/posts\/24494\/revisions\/24496"}],"wp:featuredmedia":[{"embeddable":true,"href":"https:\/\/liberationinfo.com\/index.php\/wp-json\/wp\/v2\/media\/24495"}],"wp:attachment":[{"href":"https:\/\/liberationinfo.com\/index.php\/wp-json\/wp\/v2\/media?parent=24494"}],"wp:term":[{"taxonomy":"category","embeddable":true,"href":"https:\/\/liberationinfo.com\/index.php\/wp-json\/wp\/v2\/categories?post=24494"},{"taxonomy":"post_tag","embeddable":true,"href":"https:\/\/liberationinfo.com\/index.php\/wp-json\/wp\/v2\/tags?post=24494"}],"curies":[{"name":"wp","href":"https:\/\/api.w.org\/{rel}","templated":true}]}}