{"id":24422,"date":"2024-03-14T10:40:52","date_gmt":"2024-03-14T10:40:52","guid":{"rendered":"https:\/\/liberationinfo.com\/?p=24422"},"modified":"2024-03-14T10:40:52","modified_gmt":"2024-03-14T10:40:52","slug":"maroc-le-roi-lance-a-rabat-loperation-nationale-ramadan-1445-qui-beneficiera-a-un-million-de-menages","status":"publish","type":"post","link":"https:\/\/liberationinfo.com\/index.php\/maroc-le-roi-lance-a-rabat-loperation-nationale-ramadan-1445-qui-beneficiera-a-un-million-de-menages\/","title":{"rendered":"Maroc : le Roi lance \u00e0 Rabat l\u2019op\u00e9ration nationale \u201cRamadan 1445\u201d qui b\u00e9n\u00e9ficiera \u00e0 un million de m\u00e9nages"},"content":{"rendered":"<nav class=\"bf-breadcrumb clearfix bc-top-style\" role=\"navigation\" aria-label=\"Breadcrumbs\">\n<div class=\"container bf-breadcrumb-container\">\n<p>&nbsp;<\/p>\n<\/div>\n<\/nav>\n<div class=\"content-wrap\"><main id=\"content\" class=\"content-container\"><\/p>\n<div class=\"container layout-2-col layout-2-col-1 layout-right-sidebar layout-bc-before post-template-1\">\n<div class=\"row main-section\">\n<div class=\"col-sm-8 content-column\">\n<div class=\"single-container\">\n<article id=\"post-253692\" class=\"post-253692 post type-post status-publish format-standard has-post-thumbnail  category-a-la-une single-post-content has-thumbnail\">\n<div class=\"entry-content clearfix single-post-content\">\n<div class=\"opfecnw opfecnw-post-top opfecnw-float-center opfecnw-align-center opfecnw-column-1 opfecnw-clearfix no-bg-box-model\">\n<div id=\"opfecnw-223661-440061415\" class=\"opfecnw-container opfecnw-type-custom_code \" data-adid=\"223661\" data-type=\"custom_code\"><ins class=\"adsbygoogle\" data-ad-client=\"ca-pub-1870189416508001\" data-ad-slot=\"4596184177\" data-ad-format=\"auto\" data-full-width-responsive=\"true\" data-adsbygoogle-status=\"done\" data-ad-status=\"filled\"><\/p>\n<div id=\"aswift_0_host\" tabindex=\"0\" title=\"Advertisement\" aria-label=\"Advertisement\"><\/div>\n<p><\/ins><\/div>\n<\/div>\n<p class=\"s3\">Rabat \u2013 Sa Majest\u00e9 le Roi Mohammed VI, que Dieu L\u2019assiste, a proc\u00e9d\u00e9, mercredi \u00e0 l\u2019arrondissement Ya\u00e2coub El Mansour \u00e0 Rabat, au lancement de l\u2019op\u00e9ration nationale \u201cRamadan 1445\u201d, initi\u00e9e par la Fondation Mohammed V pour la Solidarit\u00e9 \u00e0 l\u2019occasion du mois sacr\u00e9 de Ramadan et b\u00e9n\u00e9ficiant \u00e0 un million de m\u00e9nages, soit pr\u00e8s de 5 millions de personnes.<\/p>\n<p class=\"s3\">Hautement significative en ce mois b\u00e9ni, cette action de g\u00e9n\u00e9rosit\u00e9, devenue une tradition au fil de ses 25 ann\u00e9es d\u2019existence, traduit la Haute sollicitude Royale constante envers les populations en situation de vuln\u00e9rabilit\u00e9 sociale et vient consacrer les valeurs d\u2019humanit\u00e9, de solidarit\u00e9, d\u2019entraide et de partage, caract\u00e9ristiques de la soci\u00e9t\u00e9 marocaine.<\/p>\n<p class=\"s3\">Mobilisant une enveloppe budg\u00e9taire de 347 millions de dirhams, l\u2019op\u00e9ration \u201cRamadan 1445\u201d, qui portera sur la distribution de 34.550 tonnes de produits alimentaires (farine, lait, riz, huile, sucre, concentr\u00e9 de tomates, vermicelle, lentilles et th\u00e9), vise \u00e0 apporter aide et r\u00e9confort aux cat\u00e9gories sociales les plus vuln\u00e9rables, notamment les veuves, les personnes \u00e2g\u00e9es et les personnes en situation de handicap.<\/p>\n<div class=\"opfecnw opfecnw-post-inline opfecnw-float-center opfecnw-align-center opfecnw-column-1 opfecnw-hide-on-tablet-portrait opfecnw-hide-on-tablet-landscape opfecnw-hide-on-desktop opfecnw-clearfix no-bg-box-model\">\n<div id=\"opfecnw-231298-252932199\" class=\"opfecnw-container opfecnw-type-custom_code  opfecnw-hide-on-desktop opfecnw-hide-on-tablet-portrait opfecnw-hide-on-tablet-landscape\" data-adid=\"231298\" data-type=\"custom_code\"><ins class=\"adsbygoogle\" data-ad-client=\"ca-pub-1870189416508001\" data-ad-slot=\"4596184177\" data-ad-format=\"auto\" data-full-width-responsive=\"true\" data-adsbygoogle-status=\"done\" data-ad-status=\"filled\"><\/p>\n<div id=\"aswift_1_host\" tabindex=\"0\" title=\"Advertisement\" aria-label=\"Advertisement\"><\/div>\n<p><\/ins><\/div>\n<\/div>\n<p class=\"s3\">Pour cette 25<span class=\"s4\">\u00e8me<\/span>\u00a0\u00e9dition, 82.040 m\u00e9nages b\u00e9n\u00e9ficiaires rel\u00e8vent des trois provinces d\u2019Al Haouz, de Taroudant et de Chichaoua, touch\u00e9es par le s\u00e9isme du 08 septembre 2023.<\/p>\n<p class=\"s3\">L\u2019op\u00e9ration \u201cRamadan\u201d a en effet pris une ampleur croissante ces derni\u00e8res ann\u00e9es, pour atteindre en 2023 le niveau de 1.000.000 de foyers b\u00e9n\u00e9ficiaires (473.900 en 2017 et 600.000 en 2020), \u00e9tablis dans 83 provinces et pr\u00e9fectures du Royaume et dont 74% vivent en milieu rural.<\/p>\n<p class=\"s3\">Cette op\u00e9ration nationale, organis\u00e9e avec le soutien financier du minist\u00e8re de l\u2019Int\u00e9rieur et du minist\u00e8re des Habous et des Affaires islamiques, s\u2019inscrit en droite ligne du programme humanitaire men\u00e9 par la Fondation Mohammed V pour la Solidarit\u00e9 et ayant pour objectif d\u2019apporter soutien aux personnes qui en ont le plus besoin, tout en valorisant la culture de solidarit\u00e9.<\/p>\n<p class=\"s3\">Pour le bon d\u00e9roulement de cette op\u00e9ration, des milliers de personnes sont mobilis\u00e9es, soutenues par des assistantes sociales et des b\u00e9n\u00e9voles au niveau des 1.304 points de distribution mis en place \u00e0 travers le territoire national. Elles veilleront \u00e0 la remise de l\u2019aide alimentaire aux chefs et repr\u00e9sentants des familles b\u00e9n\u00e9ficiaires.<\/p>\n<div class=\"opfecnw opfecnw-post-middle opfecnw-float-center opfecnw-align-center opfecnw-column-1 opfecnw-clearfix no-bg-box-model\">\n<div id=\"opfecnw-223661-1918095663\" class=\"opfecnw-container opfecnw-type-custom_code \" data-adid=\"223661\" data-type=\"custom_code\"><ins class=\"adsbygoogle\" data-ad-client=\"ca-pub-1870189416508001\" data-ad-slot=\"4596184177\" data-ad-format=\"auto\" data-full-width-responsive=\"true\" data-adsbygoogle-status=\"done\" data-ad-status=\"unfilled\"><\/p>\n<div id=\"aswift_2_host\" tabindex=\"0\" title=\"Advertisement\" aria-label=\"Advertisement\"><\/div>\n<p><\/ins><\/div>\n<\/div>\n<p class=\"s3\">La mise en \u0153uvre de cette initiative ob\u00e9it \u00e9galement \u00e0 des contr\u00f4les notamment au niveau de deux comit\u00e9s, l\u2019un local et l\u2019autre provincial, qui veillent sur le terrain au suivi de l\u2019approvisionnement des Centres de distribution, \u00e0 l\u2019identification des b\u00e9n\u00e9ficiaires et \u00e0 la distribution des denr\u00e9es alimentaires. En fait, l\u2019identification des personnes b\u00e9n\u00e9ficiaires est soumise, comme chaque ann\u00e9e, \u00e0 un travail de terrain effectu\u00e9 par les autorit\u00e9s locales et permettant d\u2019\u00e9valuer les conditions de vie de ces personnes et leur situation actuelle sur la base des crit\u00e8res socio-\u00e9conomiques.<\/p>\n<p class=\"s3\">Les services sociaux des Forces Arm\u00e9es Royales, la Gendarmerie Royale, le minist\u00e8re de l\u2019Agriculture, de la P\u00eache maritime, du D\u00e9veloppement rural et des Eaux et For\u00eats, le minist\u00e8re de l\u2019\u00c9ducation nationale, du Pr\u00e9scolaire et des Sports, l\u2019Entraide nationale, la Promotion nationale, l\u2019Office National de l\u2019Electricit\u00e9 et de l\u2019Eau Potable, et les autorit\u00e9s locales pr\u00eatent \u00e9galement leur concours \u00e0 la Fondation Mohammed V pour la Solidarit\u00e9 pour assurer le bon d\u00e9roulement de cette op\u00e9ration solidaire.<\/p>\n<p class=\"s3\">Le minist\u00e8re de la Sant\u00e9 et de la Protection Sociale et l\u2019Office national de s\u00e9curit\u00e9 sanitaire des produits alimentaires (ONSSA) veillent, pour leur part, au contr\u00f4le de la qualit\u00e9 des produits alimentaires distribu\u00e9s.<\/p>\n<p class=\"s3\">A cette occasion, SM le Roi, que Dieu L\u2019assiste, a remis, \u00e0 titre symbolique, des paniers de denr\u00e9es alimentaires \u00e0 10 chefs ou repr\u00e9sentants des familles b\u00e9n\u00e9ficiaires de l\u2019op\u00e9ration \u201cRamadan 1445\u201d, avant de poser pour une photo-souvenir avec des b\u00e9n\u00e9voles qui participent \u00e0 cette op\u00e9ration solidaire.<\/p>\n<p class=\"s3\">L\u2019op\u00e9ration nationale de soutien alimentaire a, depuis son lancement en 1998, mobilis\u00e9 une enveloppe budg\u00e9taire globale de plus de 2 milliards de dirhams, avec un nombre de familles b\u00e9n\u00e9ficiaires qui est pass\u00e9 de 34.100 en 1998 \u00e0 un million \u00e0 partir de 2023.<\/p>\n<p class=\"s3\">L\u2019op\u00e9ration \u201cRamadan 1445\u201d vient ainsi s\u2019ajouter aux diff\u00e9rentes actions et initiatives humanitaires entreprises par Sa Majest\u00e9 le Roi Mohammed VI dans le but de promouvoir la culture de solidarit\u00e9 et d\u2019assurer un d\u00e9veloppement humain inclusif et durable.<\/p>\n<p class=\"s3\"><strong>Avec MAP<\/strong><\/p>\n<\/div>\n<\/article>\n<\/div>\n<\/div>\n<\/div>\n<\/div>\n<p><\/main><\/div>\n","protected":false},"excerpt":{"rendered":"<p>&nbsp; Rabat \u2013 Sa Majest\u00e9 le Roi Mohammed VI, que Dieu L\u2019assiste, a proc\u00e9d\u00e9, mercredi \u00e0 l\u2019arrondissement Ya\u00e2coub El Mansour \u00e0 Rabat, au lancement de l\u2019op\u00e9ration nationale \u201cRamadan 1445\u201d, initi\u00e9e par la Fondation Mohammed V pour la Solidarit\u00e9 \u00e0 l\u2019occasion du mois sacr\u00e9 de Ramadan et b\u00e9n\u00e9ficiant \u00e0 un million de m\u00e9nages, soit pr\u00e8s de [&hellip;]<\/p>\n","protected":false},"author":2,"featured_media":24423,"comment_status":"closed","ping_status":"closed","sticky":false,"template":"","format":"standard","meta":{"_jetpack_memberships_contains_paid_content":false,"footnotes":""},"categories":[32,5],"tags":[],"class_list":["post-24422","post","type-post","status-publish","format-standard","has-post-thumbnail","hentry","category-monde","category-politique"],"jetpack_featured_media_url":"https:\/\/i0.wp.com\/liberationinfo.com\/wp-content\/uploads\/2024\/03\/815a7fd4-b2cd-4e40-a043-6a62e0cbc61f.jpeg?fit=1440%2C960&ssl=1","jetpack-related-posts":[],"jetpack_sharing_enabled":true,"_links":{"self":[{"href":"https:\/\/liberationinfo.com\/index.php\/wp-json\/wp\/v2\/posts\/24422","targetHints":{"allow":["GET"]}}],"collection":[{"href":"https:\/\/liberationinfo.com\/index.php\/wp-json\/wp\/v2\/posts"}],"about":[{"href":"https:\/\/liberationinfo.com\/index.php\/wp-json\/wp\/v2\/types\/post"}],"author":[{"embeddable":true,"href":"https:\/\/liberationinfo.com\/index.php\/wp-json\/wp\/v2\/users\/2"}],"replies":[{"embeddable":true,"href":"https:\/\/liberationinfo.com\/index.php\/wp-json\/wp\/v2\/comments?post=24422"}],"version-history":[{"count":1,"href":"https:\/\/liberationinfo.com\/index.php\/wp-json\/wp\/v2\/posts\/24422\/revisions"}],"predecessor-version":[{"id":24424,"href":"https:\/\/liberationinfo.com\/index.php\/wp-json\/wp\/v2\/posts\/24422\/revisions\/24424"}],"wp:featuredmedia":[{"embeddable":true,"href":"https:\/\/liberationinfo.com\/index.php\/wp-json\/wp\/v2\/media\/24423"}],"wp:attachment":[{"href":"https:\/\/liberationinfo.com\/index.php\/wp-json\/wp\/v2\/media?parent=24422"}],"wp:term":[{"taxonomy":"category","embeddable":true,"href":"https:\/\/liberationinfo.com\/index.php\/wp-json\/wp\/v2\/categories?post=24422"},{"taxonomy":"post_tag","embeddable":true,"href":"https:\/\/liberationinfo.com\/index.php\/wp-json\/wp\/v2\/tags?post=24422"}],"curies":[{"name":"wp","href":"https:\/\/api.w.org\/{rel}","templated":true}]}}