{"id":24121,"date":"2024-02-08T13:21:15","date_gmt":"2024-02-08T13:21:15","guid":{"rendered":"https:\/\/liberationinfo.com\/?p=24121"},"modified":"2024-02-08T13:21:15","modified_gmt":"2024-02-08T13:21:15","slug":"crise-au-senegal-les-forces-sociales-de-guinee-soutiennent-le-peuple-senegalais-et-appellent-au-retablissement-du-calendrier-electoral","status":"publish","type":"post","link":"https:\/\/liberationinfo.com\/index.php\/crise-au-senegal-les-forces-sociales-de-guinee-soutiennent-le-peuple-senegalais-et-appellent-au-retablissement-du-calendrier-electoral\/","title":{"rendered":"Crise au S\u00e9n\u00e9gal : les Forces Sociales de Guin\u00e9e soutiennent le peuple s\u00e9n\u00e9galais et appellent au r\u00e9tablissement du calendrier \u00e9lectoral\u00a0"},"content":{"rendered":"<nav class=\"bf-breadcrumb clearfix bc-top-style\" role=\"navigation\" aria-label=\"Breadcrumbs\">\n<div class=\"container bf-breadcrumb-container\">\n<p>&nbsp;<\/p>\n<\/div>\n<\/nav>\n<div class=\"content-wrap\"><main id=\"content\" class=\"content-container\"><\/p>\n<div class=\"container layout-2-col layout-2-col-1 layout-right-sidebar layout-bc-before post-template-1\">\n<div class=\"row main-section\">\n<div class=\"col-sm-8 content-column\">\n<div class=\"single-container\">\n<article id=\"post-187265\" class=\"post-187265 post type-post status-publish format-standard has-post-thumbnail  category-politique single-post-content has-thumbnail\">\n<div class=\"entry-content clearfix single-post-content\">\n<p><strong>Les Forces Sociales de Guin\u00e9e, suivent avec beaucoup d\u2019indignation la crise \u00e9lectorale amorc\u00e9e en cabale politique au S\u00e9n\u00e9gal depuis des mois sous les auspices du Pr\u00e9sident Macky Sall, qui, au regard de ses engagements vis-\u00e0-vis du peuple et la tradition d\u00e9mocratique de son pays, \u00e9tait cens\u00e9 s\u2019affranchir des vell\u00e9it\u00e9s de maintien irr\u00e9gulier au pouvoir.\u00a0<\/strong><\/p>\n<p>Les Forces Sociales de Guin\u00e9e, en solidarit\u00e9 au peuple S\u00e9n\u00e9galais, salue la d\u00e9termination dans la responsabilit\u00e9 de la soci\u00e9t\u00e9 civile du S\u00e9n\u00e9gal, ainsi que l\u2019ensemble des couches socioprofessionnelles et religieuses du pays, \u00e0 d\u00e9fendre et prot\u00e9ger leur tradition d\u00e9mocratique qui est caract\u00e9ris\u00e9e par l\u2019organisation des \u00e9lections dans les d\u00e9lais r\u00e9glementaires.<\/p>\n<p>En effet, cette situation de crise pr\u00e9m\u00e9dit\u00e9e, est une atteinte grave \u00e0 la dignit\u00e9 et \u00e0 l\u2019honneur du peuple de la T\u00e9ranga, qui a \u00e9t\u00e9 toujours pr\u00e9sent\u00e9e comme un mod\u00e8le de d\u00e9mocratie en Afrique. C\u2019est surtout une menace r\u00e9elle \u00e0 la stabilit\u00e9 du S\u00e9n\u00e9gal et de l\u2019espace CEDEAO, ainsi que de toutes les puissances qui consid\u00e8rent la d\u00e9mocratie comme le meilleur moyen de gouvernance vertueuse.<\/p>\n<p>En cons\u00e9quence, les Forces Sociales de Guin\u00e9e, en ayant fois \u00e0 la capacit\u00e9 du peuple s\u00e9n\u00e9galais dans sa diversit\u00e9, \u00e0 faire respecter ses r\u00e8gles de jeux en mati\u00e8re \u00e9lectorale, invite :<\/p>\n<div class=\"tkmv tkmv-post-middle tkmv-float-center tkmv-align-center tkmv-column-1 tkmv-clearfix no-bg-box-model\">\n<div id=\"tkmv-163384-749049646\" class=\"tkmv-container tkmv-type-custom_code \" data-adid=\"163384\" data-type=\"custom_code\"><ins class=\"adsbygoogle\" data-ad-client=\"ca-pub-2201586760488699\" data-ad-slot=\"1533443138\" data-ad-format=\"auto\" data-full-width-responsive=\"true\" data-adsbygoogle-status=\"done\"><\/p>\n<div id=\"aswift_4_host\"><\/div>\n<p><\/ins><\/div>\n<\/div>\n<ul>\n<li>Le Pr\u00e9sident Macky Sall et ses alli\u00e9s toute cat\u00e9gorie confondue, au sens de responsabilit\u00e9 pendant qu\u2019il est temps ;<\/li>\n<li>La CEDEAO \u00e0 plus de fermet\u00e9 dans le traitement de cette crise, qui au regard de l\u2019\u00e9volution des choses, semble \u00eatre pr\u00e9m\u00e9dit\u00e9 de toute pi\u00e8ce par l\u2019un de ses dirigeant (Pr\u00e9sident Macky Sall) en violation manifeste de ses r\u00e8gles, qui interdisent toute modification de lois en lien avec les \u00e9lections six (6) mois avant celles-ci ;<\/li>\n<li>La Communaut\u00e9 Internationale, notamment UNOWAS pour son capital cr\u00e9dit, a accompagn\u00e9 la soci\u00e9t\u00e9 civile s\u00e9n\u00e9galaise dans sa lutte pour la restauration de la tradition d\u00e9mocratique s\u00e9n\u00e9galaise.<\/li>\n<\/ul>\n<p>Enfin, les Forces Sociales de Guin\u00e9e, Pr\u00e9occup\u00e9es par les coups d\u2019Etat qui ont tendance \u00e0 \u00eatre une situation de fait dans la sous-r\u00e9gion, appellent la CEDEAO et la communaut\u00e9 Internationale en g\u00e9n\u00e9rale, \u00e0 plus de responsabilit\u00e9 et d\u2019\u00e9quit\u00e9 en prenant des mesures fortes dans la gestion de cette crise pour servir d\u2019exemple aux autres putschs.<\/p>\n<p>Pour cela, en attendant toute mesure r\u00e9glementaire que pourrait prendre la Cour constitutionnelle, que des mesures d\u2019interdiction de sortie du territoire s\u00e9n\u00e9galais soient prises contre le Pr\u00e9sident Macky Sall et tous les responsables de cette cabale politique, ce, jusqu\u2019au r\u00e9tablissement du calendrier \u00e9lectoral.<\/p>\n<p><strong>Conakry, le 07\/02\/2024<\/strong><\/p>\n<p>La Coordination du FFSG<\/p>\n<\/div>\n<\/article>\n<\/div>\n<\/div>\n<\/div>\n<\/div>\n<p><\/main><\/div>\n","protected":false},"excerpt":{"rendered":"<p>&nbsp; Les Forces Sociales de Guin\u00e9e, suivent avec beaucoup d\u2019indignation la crise \u00e9lectorale amorc\u00e9e en cabale politique au S\u00e9n\u00e9gal depuis des mois sous les auspices du Pr\u00e9sident Macky Sall, qui, au regard de ses engagements vis-\u00e0-vis du peuple et la tradition d\u00e9mocratique de son pays, \u00e9tait cens\u00e9 s\u2019affranchir des vell\u00e9it\u00e9s de maintien irr\u00e9gulier au pouvoir.\u00a0 [&hellip;]<\/p>\n","protected":false},"author":2,"featured_media":24122,"comment_status":"closed","ping_status":"closed","sticky":false,"template":"","format":"standard","meta":{"_jetpack_memberships_contains_paid_content":false,"footnotes":""},"categories":[6],"tags":[],"class_list":["post-24121","post","type-post","status-publish","format-standard","has-post-thumbnail","hentry","category-societe"],"jetpack_featured_media_url":"https:\/\/i0.wp.com\/liberationinfo.com\/wp-content\/uploads\/2024\/02\/sipa_ap22544922_000008-scaled-1256x628-1655545050.jpg?fit=1256%2C628&ssl=1","jetpack-related-posts":[],"jetpack_sharing_enabled":true,"_links":{"self":[{"href":"https:\/\/liberationinfo.com\/index.php\/wp-json\/wp\/v2\/posts\/24121","targetHints":{"allow":["GET"]}}],"collection":[{"href":"https:\/\/liberationinfo.com\/index.php\/wp-json\/wp\/v2\/posts"}],"about":[{"href":"https:\/\/liberationinfo.com\/index.php\/wp-json\/wp\/v2\/types\/post"}],"author":[{"embeddable":true,"href":"https:\/\/liberationinfo.com\/index.php\/wp-json\/wp\/v2\/users\/2"}],"replies":[{"embeddable":true,"href":"https:\/\/liberationinfo.com\/index.php\/wp-json\/wp\/v2\/comments?post=24121"}],"version-history":[{"count":1,"href":"https:\/\/liberationinfo.com\/index.php\/wp-json\/wp\/v2\/posts\/24121\/revisions"}],"predecessor-version":[{"id":24124,"href":"https:\/\/liberationinfo.com\/index.php\/wp-json\/wp\/v2\/posts\/24121\/revisions\/24124"}],"wp:featuredmedia":[{"embeddable":true,"href":"https:\/\/liberationinfo.com\/index.php\/wp-json\/wp\/v2\/media\/24122"}],"wp:attachment":[{"href":"https:\/\/liberationinfo.com\/index.php\/wp-json\/wp\/v2\/media?parent=24121"}],"wp:term":[{"taxonomy":"category","embeddable":true,"href":"https:\/\/liberationinfo.com\/index.php\/wp-json\/wp\/v2\/categories?post=24121"},{"taxonomy":"post_tag","embeddable":true,"href":"https:\/\/liberationinfo.com\/index.php\/wp-json\/wp\/v2\/tags?post=24121"}],"curies":[{"name":"wp","href":"https:\/\/api.w.org\/{rel}","templated":true}]}}