{"id":23995,"date":"2024-01-11T12:19:55","date_gmt":"2024-01-11T12:19:55","guid":{"rendered":"https:\/\/liberationinfo.com\/?p=23995"},"modified":"2024-01-11T12:20:14","modified_gmt":"2024-01-11T12:20:14","slug":"can2023-pourquoi-naby-keita-etait-absent-sur-la-photo-de-tenue-traditionnelle","status":"publish","type":"post","link":"https:\/\/liberationinfo.com\/index.php\/can2023-pourquoi-naby-keita-etait-absent-sur-la-photo-de-tenue-traditionnelle\/","title":{"rendered":"CAN2023 : pourquoi Naby Keita \u00e9tait absent sur la photo de tenue traditionnelle ?"},"content":{"rendered":"<div class=\"elementor elementor-80 elementor-location-header\" data-elementor-type=\"header\" data-elementor-id=\"80\" data-elementor-post-type=\"elementor_library\">\n<section class=\"elementor-section elementor-top-section elementor-element elementor-element-2e25e4db elementor-section-height-min-height elementor-section-full_width elementor-section-height-default elementor-section-items-middle\" data-id=\"2e25e4db\" data-element_type=\"section\" data-settings=\"{&quot;background_background&quot;:&quot;classic&quot;}\">\n<div class=\"elementor-container elementor-column-gap-default\">\n<div class=\"elementor-column elementor-col-25 elementor-top-column elementor-element elementor-element-301bd348\" data-id=\"301bd348\" data-element_type=\"column\">\n<div class=\"elementor-widget-wrap elementor-element-populated\">\n<div class=\"elementor-element elementor-element-5c4972ab elementor-widget elementor-widget-image\" data-id=\"5c4972ab\" data-element_type=\"widget\" data-widget_type=\"image.default\">\n<div class=\"elementor-widget-container\"><\/div>\n<\/div>\n<\/div>\n<\/div>\n<\/div>\n<\/section>\n<\/div>\n<div class=\"elementor elementor-137 elementor-location-single post-25037 post type-post status-publish format-standard has-post-thumbnail hentry category-syli category-senior\" data-elementor-type=\"single-post\" data-elementor-id=\"137\" data-elementor-post-type=\"elementor_library\">\n<div class=\"elementor-element elementor-element-9d0a0dc e-flex e-con-boxed e-con e-parent\" data-id=\"9d0a0dc\" data-element_type=\"container\" data-settings=\"{&quot;content_width&quot;:&quot;boxed&quot;}\" data-core-v316-plus=\"true\">\n<div class=\"e-con-inner\">\n<div class=\"elementor-element elementor-element-2f2d3b3 e-con-full e-flex e-con e-child\" data-id=\"2f2d3b3\" data-element_type=\"container\" data-settings=\"{&quot;background_background&quot;:&quot;classic&quot;,&quot;content_width&quot;:&quot;full&quot;}\">\n<div class=\"elementor-element elementor-element-6d3235b elementor-widget elementor-widget-theme-post-excerpt\" data-id=\"6d3235b\" data-element_type=\"widget\" data-widget_type=\"theme-post-excerpt.default\">\n<div class=\"elementor-widget-container\">Malick K\u00e9b\u00e9 actuel Directeur G\u00e9n\u00e9ral du Fonds de D\u00e9veloppement des Arts et de la Culture (FODAC) est celui qui a offert au Syli National la tenue traditionnelle (L\u00e9ppi et poutho) arbor\u00e9e fi\u00e8rement par l\u2019\u00e9quipe ce mercredi avant son d\u00e9part pour la C\u00f4te d\u2019Ivoire.<\/div>\n<\/div>\n<div class=\"elementor-element elementor-element-07fccc8 elementor-widget elementor-widget-theme-post-featured-image elementor-widget-image\" data-id=\"07fccc8\" data-element_type=\"widget\" data-widget_type=\"theme-post-featured-image.default\">\n<div class=\"elementor-widget-container\"><\/div>\n<\/div>\n<div class=\"elementor-element elementor-element-4291785 elementor-widget elementor-widget-theme-post-content\" data-id=\"4291785\" data-element_type=\"widget\" data-widget_type=\"theme-post-content.default\">\n<div class=\"elementor-widget-container\">\n<p>Contrairement \u00e0 ses co\u00e9quipiers, Naby Keita absent des photos publi\u00e9es par la Feguifoot, a refus\u00e9 de porter ce cadeau offert par son Manager avec lequel il a coup\u00e9 tous les ponts depuis maintenant plusieurs ann\u00e9es.<\/p>\n<figure class=\"wp-block-image size-full is-resized\"><img data-recalc-dims=\"1\" loading=\"lazy\" decoding=\"async\" class=\"wp-image-25038\" src=\"https:\/\/i0.wp.com\/espacefootguinee.com\/wp-content\/uploads\/2024\/01\/IMG_7389.png?resize=696%2C398&#038;ssl=1\" sizes=\"auto, (max-width: 699px) 100vw, 699px\" srcset=\"https:\/\/espacefootguinee.com\/wp-content\/uploads\/2024\/01\/IMG_7389.png 699w, https:\/\/espacefootguinee.com\/wp-content\/uploads\/2024\/01\/IMG_7389-300x172.png 300w, https:\/\/espacefootguinee.com\/wp-content\/uploads\/2024\/01\/IMG_7389-128x73.png 128w, https:\/\/espacefootguinee.com\/wp-content\/uploads\/2024\/01\/IMG_7389-32x18.png 32w\" alt=\"\" width=\"696\" height=\"398\" \/><figcaption class=\"wp-element-caption\"><em><strong>Naby Keita et Malick K\u00e9b\u00e9<\/strong><\/em><\/figcaption><\/figure>\n<p>Au moment o\u00f9 la d\u00e9l\u00e9gation du minist\u00e8re des Sports, le staff technique de Kaba Diawara et les 24 autres joueurs \u00e9taient dans l\u2019ambiance de la derni\u00e8re s\u00e9ance de photo de l\u2019\u00e9quipe \u00e0 Abu Dhabi, le joueur du Werder Bremen est rest\u00e9 dans sa chambre d\u2019h\u00f4tel jusqu\u2019\u00e0 la fin de la s\u00e9ance.<\/p>\n<p>Une attitude que d\u00e9plorent les supporters du Syli , d\u2019aucuns jugent que le capitaine du Syli National de Guin\u00e9e doit comprendre que la nation est au-dessus de tout.<\/p>\n<figure class=\"wp-block-image size-large is-resized\"><img data-recalc-dims=\"1\" loading=\"lazy\" decoding=\"async\" class=\"wp-image-25039\" src=\"https:\/\/i0.wp.com\/espacefootguinee.com\/wp-content\/uploads\/2024\/01\/IMG_7374-1024x538.jpeg?resize=696%2C366&#038;ssl=1\" sizes=\"auto, (max-width: 1024px) 100vw, 1024px\" srcset=\"https:\/\/espacefootguinee.com\/wp-content\/uploads\/2024\/01\/IMG_7374-1024x538.jpeg 1024w, https:\/\/espacefootguinee.com\/wp-content\/uploads\/2024\/01\/IMG_7374-300x157.jpeg 300w, https:\/\/espacefootguinee.com\/wp-content\/uploads\/2024\/01\/IMG_7374-768x403.jpeg 768w, https:\/\/espacefootguinee.com\/wp-content\/uploads\/2024\/01\/IMG_7374-1536x806.jpeg 1536w, https:\/\/espacefootguinee.com\/wp-content\/uploads\/2024\/01\/IMG_7374-2048x1075.jpeg 2048w, https:\/\/espacefootguinee.com\/wp-content\/uploads\/2024\/01\/IMG_7374-128x67.jpeg 128w, https:\/\/espacefootguinee.com\/wp-content\/uploads\/2024\/01\/IMG_7374-32x17.jpeg 32w\" alt=\"\" width=\"696\" height=\"366\" \/><figcaption class=\"wp-element-caption\"><em><strong>Photo officielle du Syli National sans Naby<\/strong><\/em><\/figcaption><\/figure>\n<p>A rappeler qu\u2019il a \u00e9galement manqu\u00e9 \u00e0 la remise de drapeau il y\u2019a quelques semaines au pays. Au camp de Kalako \u00e0 For\u00e9cariah, le pr\u00e9sident de la transition Colonel Mamadi Doumbouya avait remis le tricolore national au deuxi\u00e8me capitaine de l\u2019\u00e9quipe Amadou Diawara.<\/p>\n<\/div>\n<\/div>\n<\/div>\n<\/div>\n<\/div>\n<\/div>\n","protected":false},"excerpt":{"rendered":"<p>Malick K\u00e9b\u00e9 actuel Directeur G\u00e9n\u00e9ral du Fonds de D\u00e9veloppement des Arts et de la Culture (FODAC) est celui qui a offert au Syli National la tenue traditionnelle (L\u00e9ppi et poutho) arbor\u00e9e fi\u00e8rement par l\u2019\u00e9quipe ce mercredi avant son d\u00e9part pour la C\u00f4te d\u2019Ivoire. Contrairement \u00e0 ses co\u00e9quipiers, Naby Keita absent des photos publi\u00e9es par la [&hellip;]<\/p>\n","protected":false},"author":2,"featured_media":23996,"comment_status":"closed","ping_status":"closed","sticky":false,"template":"","format":"standard","meta":{"_jetpack_memberships_contains_paid_content":false,"footnotes":""},"categories":[4,7],"tags":[],"class_list":["post-23995","post","type-post","status-publish","format-standard","has-post-thumbnail","hentry","category-actu","category-sport"],"jetpack_featured_media_url":"https:\/\/i0.wp.com\/liberationinfo.com\/wp-content\/uploads\/2024\/01\/AEA5D065-D2E9-4C43-B672-3DECD22EC826-768x432-1.jpeg?fit=768%2C432&ssl=1","jetpack-related-posts":[],"jetpack_sharing_enabled":true,"_links":{"self":[{"href":"https:\/\/liberationinfo.com\/index.php\/wp-json\/wp\/v2\/posts\/23995","targetHints":{"allow":["GET"]}}],"collection":[{"href":"https:\/\/liberationinfo.com\/index.php\/wp-json\/wp\/v2\/posts"}],"about":[{"href":"https:\/\/liberationinfo.com\/index.php\/wp-json\/wp\/v2\/types\/post"}],"author":[{"embeddable":true,"href":"https:\/\/liberationinfo.com\/index.php\/wp-json\/wp\/v2\/users\/2"}],"replies":[{"embeddable":true,"href":"https:\/\/liberationinfo.com\/index.php\/wp-json\/wp\/v2\/comments?post=23995"}],"version-history":[{"count":2,"href":"https:\/\/liberationinfo.com\/index.php\/wp-json\/wp\/v2\/posts\/23995\/revisions"}],"predecessor-version":[{"id":23998,"href":"https:\/\/liberationinfo.com\/index.php\/wp-json\/wp\/v2\/posts\/23995\/revisions\/23998"}],"wp:featuredmedia":[{"embeddable":true,"href":"https:\/\/liberationinfo.com\/index.php\/wp-json\/wp\/v2\/media\/23996"}],"wp:attachment":[{"href":"https:\/\/liberationinfo.com\/index.php\/wp-json\/wp\/v2\/media?parent=23995"}],"wp:term":[{"taxonomy":"category","embeddable":true,"href":"https:\/\/liberationinfo.com\/index.php\/wp-json\/wp\/v2\/categories?post=23995"},{"taxonomy":"post_tag","embeddable":true,"href":"https:\/\/liberationinfo.com\/index.php\/wp-json\/wp\/v2\/tags?post=23995"}],"curies":[{"name":"wp","href":"https:\/\/api.w.org\/{rel}","templated":true}]}}