{"id":23794,"date":"2023-12-13T12:30:50","date_gmt":"2023-12-13T12:30:50","guid":{"rendered":"https:\/\/liberationinfo.com\/?p=23794"},"modified":"2023-12-13T12:30:50","modified_gmt":"2023-12-13T12:30:50","slug":"ministere-de-la-sante-percue-comme-la-tombeuse-de-lex-ministre-pete-khaite-sall-obtient-enfin-son-trophee-de-guerre-par-mamadou-oury-diallo","status":"publish","type":"post","link":"https:\/\/liberationinfo.com\/index.php\/ministere-de-la-sante-percue-comme-la-tombeuse-de-lex-ministre-pete-khaite-sall-obtient-enfin-son-trophee-de-guerre-par-mamadou-oury-diallo\/","title":{"rendered":"Minist\u00e8re de la Sant\u00e9: per\u00e7ue comme la \u00ab tombeuse \u00bb de l\u2019ex-ministre P\u00e9t\u00e9, Khait\u00e9 Sall obtient enfin son troph\u00e9e de Guerre (Par Mamadou Oury Diallo)"},"content":{"rendered":"<div class=\"jeg_navbar_mobile_wrapper\">\n<div class=\"sticky_blankspace\"><\/div>\n<\/div>\n<div class=\"post-wrapper\">\n<div class=\"post-wrap\">\n<div class=\"jeg_main \">\n<div class=\"jeg_container\">\n<div class=\"jeg_content jeg_singlepage\">\n<div class=\"container\">\n<div class=\"row\">\n<div class=\"jeg_main_content col-md-8\">\n<div class=\"jeg_inner_content\">\n<div class=\"jeg_share_top_container\">\n<div class=\"jeg_share_button clearfix\">\n<div class=\"jeg_sharelist\"><\/div>\n<\/div>\n<\/div>\n<div class=\"jeg_ad jeg_article jnews_content_top_ads \">\n<div class=\"ads-wrapper \"><\/div>\n<\/div>\n<div class=\"entry-content no-share\">\n<div class=\"jeg_share_button share-float jeg_sticky_share clearfix share-monocrhome\">\n<div class=\"jeg_share_float_container\"><\/div>\n<\/div>\n<div class=\"content-inner \">\n<p>Visiblement la R\u00e9publique de la normalisation, de la refondation, de la rectification et du grand remplacement fonctionne \u00e0 la renverse.<\/p>\n<p>Depuis le limogeage du Dr Mamadou P\u00e9th\u00e9 Diallo pour des charges de \u00ab d\u00e9tournement de deniers publics, corruption, concussion, abus de fonction, enrichissement illicite \u00bb, et j\u2019en passe, les regards restent tourn\u00e9s vers ce minist\u00e8re. Aussi bien pour son caract\u00e8re sensible, strat\u00e9gique, que pour l\u2019importance qu\u2019il occupe dans le bien-\u00eatre des populations.<\/p>\n<p>Mais ce regain d\u2019int\u00e9r\u00eat pour ce d\u00e9partement porte surtout sur la suite du feuilleton li\u00e9 \u00e0 ce scandale qui est d\u2019une grande ampleur.<\/p>\n<div class=\"jeg_ad jeg_ad_article jnews_content_inline_ads \">\n<div class=\"ads-wrapper align-center \">\n<div class=\"ads_code\"><ins class=\"adsbygoogle\" data-ad-client=\"ca-pub-1870189416508001\" data-ad-slot=\"5141807392\" data-ad-format=\"auto\" data-full-width-responsive=\"true\" data-adsbygoogle-status=\"done\" data-ad-status=\"unfilled\"><\/p>\n<div id=\"aswift_2_host\" tabindex=\"0\" title=\"Advertisement\" aria-label=\"Advertisement\"><\/div>\n<p><\/ins><\/div>\n<\/div>\n<\/div>\n<p>Et dont le chef de file serait l\u2019ancien ministre, d\u00e9sormais plac\u00e9 sous contr\u00f4le judiciaire.<\/p>\n<p>La logique, si elle existe bien dans le sch\u00e9ma et la m\u00e9thode des refondateurs, aurait voulu que l\u2019opinion sache qui des collaborateurs proches de l\u2019ancien Ministre P\u00e9th\u00e9 DIALLO est m\u00eal\u00e9 ou non \u00e0 ce scandale, qui lui a co\u00fbt\u00e9 son poste, et entach\u00e9 sa r\u00e9putation.<\/p>\n<p>Au lieu de cela, nous constatons plut\u00f4t la promotion de celle qui jusque-l\u00e0, \u00e9tait consid\u00e9r\u00e9e comme \u00ab\u00a0l\u2019ennemie\u00a0\u00bb jur\u00e9e de ce dernier, qui lui mettait d\u2019innombrables b\u00e2tons dans les roues, aux fins de blocages et de dysfonctionnements artificiels.<\/p>\n<p>Dans le m\u00eame temps, nous apprenons qu\u2019une purge sous forme de d\u00e9crets du Pr\u00e9sident de la transition et d\u2019arr\u00eat\u00e9s minist\u00e9riels serait en cours au Minist\u00e8re de la Sant\u00e9 et de l\u2019hygi\u00e8ne publique. Certains dont nous \u00e9voquerons les cas pr\u00e9cis dans les jours \u00e0 venir, en ont d\u00e9j\u00e0 fait les frais.<\/p>\n<p>En revanche, Khait\u00e9 SALL, au c\u0153ur de la controverse \u00e0 cause des relations difficiles qu\u2019elle entretenait avec son ministre limog\u00e9, devient ainsi depuis le 05 septembre 2021, la premi\u00e8re des chefs de cabinet \u00e0 \u00eatre secr\u00e9taire g\u00e9n\u00e9rale d\u2019un minist\u00e8re.<\/p>\n<p>Nous sommes tent\u00e9s de demander aux connaisseurs de l\u2019administration publique de nous brandir un mod\u00e8le de fiche de poste pour \u00eatre secr\u00e9taire g\u00e9n\u00e9ral d\u2019un minist\u00e8re. Et pour peu que nous puissions en dire, sur la base d\u2019un mod\u00e8le standard usit\u00e9 ailleurs, il faut, pour un ou une secr\u00e9taire g\u00e9n\u00e9ral(e) de minist\u00e8re, \u00eatre capable de\u00a0: \u00ab\u00a0Coordonner les directions ou les services du minist\u00e8re, conduire les chantiers transversaux majeurs ainsi que les politiques de modernisation et les strat\u00e9gies de r\u00e9forme en veillant \u00e0 la qualit\u00e9 du dialogue social. Assister le, ou les dirigeants dans l\u2019orientation g\u00e9n\u00e9rale de la politique minist\u00e9rielle ou interminist\u00e9rielle et dans la conduite des affaires.\u00a0Coordonner l\u2019action des directions, services et \u00e9tablissements relevant de sa structure\u00a0\u00bb.<\/p>\n<p>Il faut aussi \u00eatre capable de\u00a0\u00ab\u00a0moderniser et proposer des \u00e9volutions dans l\u2019organisation et le fonctionnement de son p\u00e9rim\u00e8tre minist\u00e9riel dans le sens d\u2019une ad\u00e9quation missions-moyens efficiente et adaptable aux nouvelles conditions d\u2019exercice\u00a0; piloter la d\u00e9clinaison des strat\u00e9gies minist\u00e9rielles ou interminist\u00e9rielles au sein des directions, services et \u00e9tablissements relevant du ou des minist\u00e8res de son p\u00e9rim\u00e8tre\u00a0;\u00a0promouvoir la modernisation de la politique de gestion des ressources humaines en veillant \u00e0 la qualit\u00e9 du dialogue social au sein de son p\u00e9rim\u00e8tre minist\u00e9riel et en assurant, sur son p\u00e9rim\u00e8tre minist\u00e9riel, la constitution d\u2019un vivier et la formation des futurs cadres dirigeants\u00a0\u00bb.<\/p>\n<p>Tout \u00e9tant pr\u00e9dispos\u00e9 \u00e0 \u00ab\u00a0veiller \u00e0 la qualit\u00e9 de la politique du ou des minist\u00e8res et op\u00e9rateurs de son p\u00e9rim\u00e8tre en mati\u00e8re de gestion budg\u00e9taire, immobili\u00e8re, des achats et du num\u00e9rique\u00a0; veiller \u00e0 la qualit\u00e9 des relations entre administration centrale et services d\u00e9concentr\u00e9s notamment en promouvant les bonnes pratiques op\u00e9rationnelles et r\u00e9gulant le nombre d\u2019instructions et demandes de remont\u00e9es d\u2019informations\u00a0; conseiller le minist\u00e8re en mati\u00e8re de recours \u00e0 des agences et op\u00e9rateurs et d\u2019exercice de la tutelle sur les \u00e9tablissements publics rattach\u00e9s au minist\u00e8re et \u00e9valuer le dispositif\u00a0\u00bb.<\/p>\n<p>Le d\u00e9tenteur du pouvoir de nomination peut-il nous rassurer d\u2019avoir re\u00e7u un CV qui garantit que la nouvelle promue \u00e0 un poste aussi strat\u00e9gique d\u2019un minist\u00e8re si grand, sensible et important, sera \u00e0 la hauteur des d\u00e9fis immenses et multiformes au quotidien\u00a0?<\/p>\n<p>L\u2019avenir aussi sombre, ombrageux soit-il en ce moment, nous en \u00e9difiera. Quand on sait que le seul m\u00e9rite attribu\u00e9 \u00e0 cette belle dame, serait tout simplement d\u2019\u00eatre la fille de\u2026, et au jour d\u2019Hui tr\u00e8s tr\u00e8s tr\u00e8s introduite au palais Mohamed V.<\/p>\n<p><strong>Mamadou Oury DIALLO<\/strong><\/p>\n<\/div>\n<\/div>\n<\/div>\n<\/div>\n<\/div>\n<\/div>\n<\/div>\n<\/div>\n<\/div>\n<\/div>\n<\/div>\n","protected":false},"excerpt":{"rendered":"<p>Visiblement la R\u00e9publique de la normalisation, de la refondation, de la rectification et du grand remplacement fonctionne \u00e0 la renverse. Depuis le limogeage du Dr Mamadou P\u00e9th\u00e9 Diallo pour des charges de \u00ab d\u00e9tournement de deniers publics, corruption, concussion, abus de fonction, enrichissement illicite \u00bb, et j\u2019en passe, les regards restent tourn\u00e9s vers ce minist\u00e8re. [&hellip;]<\/p>\n","protected":false},"author":2,"featured_media":23795,"comment_status":"closed","ping_status":"closed","sticky":false,"template":"","format":"standard","meta":{"_jetpack_memberships_contains_paid_content":false,"footnotes":""},"categories":[6],"tags":[],"class_list":["post-23794","post","type-post","status-publish","format-standard","has-post-thumbnail","hentry","category-societe"],"jetpack_featured_media_url":"https:\/\/i0.wp.com\/liberationinfo.com\/wp-content\/uploads\/2023\/12\/photocollage_2023222234912985-jpg.jpg?fit=1080%2C855&ssl=1","jetpack-related-posts":[],"jetpack_sharing_enabled":true,"_links":{"self":[{"href":"https:\/\/liberationinfo.com\/index.php\/wp-json\/wp\/v2\/posts\/23794","targetHints":{"allow":["GET"]}}],"collection":[{"href":"https:\/\/liberationinfo.com\/index.php\/wp-json\/wp\/v2\/posts"}],"about":[{"href":"https:\/\/liberationinfo.com\/index.php\/wp-json\/wp\/v2\/types\/post"}],"author":[{"embeddable":true,"href":"https:\/\/liberationinfo.com\/index.php\/wp-json\/wp\/v2\/users\/2"}],"replies":[{"embeddable":true,"href":"https:\/\/liberationinfo.com\/index.php\/wp-json\/wp\/v2\/comments?post=23794"}],"version-history":[{"count":1,"href":"https:\/\/liberationinfo.com\/index.php\/wp-json\/wp\/v2\/posts\/23794\/revisions"}],"predecessor-version":[{"id":23796,"href":"https:\/\/liberationinfo.com\/index.php\/wp-json\/wp\/v2\/posts\/23794\/revisions\/23796"}],"wp:featuredmedia":[{"embeddable":true,"href":"https:\/\/liberationinfo.com\/index.php\/wp-json\/wp\/v2\/media\/23795"}],"wp:attachment":[{"href":"https:\/\/liberationinfo.com\/index.php\/wp-json\/wp\/v2\/media?parent=23794"}],"wp:term":[{"taxonomy":"category","embeddable":true,"href":"https:\/\/liberationinfo.com\/index.php\/wp-json\/wp\/v2\/categories?post=23794"},{"taxonomy":"post_tag","embeddable":true,"href":"https:\/\/liberationinfo.com\/index.php\/wp-json\/wp\/v2\/tags?post=23794"}],"curies":[{"name":"wp","href":"https:\/\/api.w.org\/{rel}","templated":true}]}}