{"id":23637,"date":"2023-11-27T20:52:17","date_gmt":"2023-11-27T20:52:17","guid":{"rendered":"https:\/\/liberationinfo.com\/?p=23637"},"modified":"2023-11-27T20:55:36","modified_gmt":"2023-11-27T20:55:36","slug":"brouillage-des-ondes-de-medias-ces-methodes-retrogrades-doivent-etre-totalement-bannis-par-me-traore","status":"publish","type":"post","link":"https:\/\/liberationinfo.com\/index.php\/brouillage-des-ondes-de-medias-ces-methodes-retrogrades-doivent-etre-totalement-bannis-par-me-traore\/","title":{"rendered":"Brouillage des ondes de m\u00e9dias: ces m\u00e9thodes r\u00e9trogrades doivent \u00eatre totalement bannis (Par Me Traor\u00e9)"},"content":{"rendered":"<p>Le brouillage des ondes de certaines radios priv\u00e9es de la place devient de plus en plus pr\u00e9occupant. Il faut admettre qu\u2019une telle pratique quasiment inconnue du temps du pr\u00e9c\u00e9dent r\u00e9gime, en d\u00e9pit de la virulence de certaines critiques qui le visaient, devient r\u00e9currente.<br \/>\nLes questions qui se posent sont celles de savoir qui se cache derri\u00e8re ces agissements et quel en est le but. Si ces agissements visent \u00e0 restreindre la libert\u00e9 de la presse et le droit \u00e0 l\u2019information des citoyens, il s\u2019agirait dans cette hypoth\u00e8se d\u2019un recul grave et inacceptable en terme de protection et de promotion des droits et libert\u00e9s individuels.<br \/>\nDe nombreux citoyens se sont battus pour que la libert\u00e9 de la presse et le droit \u00e0 l\u2019information soient une r\u00e9alit\u00e9 dans notre pays. Qui pourrait accepter que cette libert\u00e9 et ce droit, consacr\u00e9s par toutes les lois fondamentales du pays, soient remis en cause ?<br \/>\nDes journalistes qui s\u2019\u00e9cartent des r\u00e8gles d\u2019\u00e9thique et de d\u00e9ontologie de leur profession sont l\u00e9gion. De m\u00eame qu\u2019il y a des militaires, des m\u00e9decins, des pharmaciens, des avocats, des magistrats et des membres d\u2019autres professions qui violent \u00e0 longueur de journ\u00e9e les leurs. C\u2019est une r\u00e9alit\u00e9 que nul ne peut s\u00e9rieusement contester.<br \/>\nMais le l\u00e9gislateur pr\u00e9voit des dispositions qui permettent de sanctionner les \u00e9carts dans le cadre de l\u2019exercice de la profession de journaliste, de m\u00eame qu\u2019il en pr\u00e9voie dans toutes ces professions. Il est admis depuis toujours qu\u2019il n\u2019y a pas de libert\u00e9 sans responsabilit\u00e9. C\u2019est une r\u00e8gle basique dans l\u2019exercice des libert\u00e9s et droits individuels. Par application de cette r\u00e8gle, il n\u2019y a pas de libert\u00e9 de la presse sans responsabilit\u00e9 de l\u2019organe de presse ou du journaliste.<br \/>\nPar ailleurs, l\u2019\u00c9tat dispose de suffisamment de moyens lui permettant de v\u00e9hiculer les informations qu\u2019il estime devoir transmettre aux populations dans l\u2019hypoth\u00e8se o\u00f9 il estime que la presse ne donne pas la bonne information aux citoyens. Mais c\u2019est une d\u00e9rive extr\u00eamement grave que de brouiller les ondes d\u2019une radio sous pr\u00e9texte que sa ligne \u00e9ditoriale ou les prises de position de ces journalistes ne seraient pas favorables au r\u00e9gime en place. C\u2019est aussi une atteinte au droit des citoyens \u00e0 l\u2019information.<br \/>\nCes m\u00e9thodes r\u00e9trogrades dignes des r\u00e9gimes totalitaires (Cor\u00e9e du Nord, Iran, Chine, Russie etc.) doivent \u00eatre totalement bannis. Et ce seraient une honte de prendre ces pays comme des r\u00e9f\u00e9rences dans le narratif de ceux qui veulent justifier \u00e0 tout prix l\u2019injustifiable et une insulte grave \u00e0 l\u2019intelligence de bon nombre de citoyens guin\u00e9ens.<br \/>\nEn tout cas, une presse qui d\u00e9rape quelque fois et qui peut \u00eatre rappel\u00e9e \u00e0 l\u2019ordre quelque fois, c\u2019est mieux qu\u2019une absence de presse ou une presse t\u00e9l\u00e9guid\u00e9e. Dans certains cas, il arrive que la presse demeure le seul v\u00e9ritable contre-pouvoir apr\u00e8s que tous les autres ont \u00e9t\u00e9 an\u00e9antis.<\/p>\n<p>&nbsp;<\/p>\n<p><strong>Me Mohamed Traor\u00e9<\/strong><br \/>\n<strong>Ancien B\u00e2tonnier<\/strong><\/p>\n","protected":false},"excerpt":{"rendered":"<p>Le brouillage des ondes de certaines radios priv\u00e9es de la place devient de plus en plus pr\u00e9occupant. Il faut admettre qu\u2019une telle pratique quasiment inconnue du temps du pr\u00e9c\u00e9dent r\u00e9gime, en d\u00e9pit de la virulence de certaines critiques qui le visaient, devient r\u00e9currente. Les questions qui se posent sont celles de savoir qui se cache [&hellip;]<\/p>\n","protected":false},"author":2,"featured_media":23639,"comment_status":"closed","ping_status":"closed","sticky":false,"template":"","format":"standard","meta":{"_jetpack_memberships_contains_paid_content":false,"footnotes":""},"categories":[6],"tags":[],"class_list":["post-23637","post","type-post","status-publish","format-standard","has-post-thumbnail","hentry","category-societe"],"jetpack_featured_media_url":"https:\/\/i0.wp.com\/liberationinfo.com\/wp-content\/uploads\/2023\/11\/Me-Mohamed-Traore-696x573-1.jpeg?fit=696%2C573&ssl=1","jetpack-related-posts":[],"jetpack_sharing_enabled":true,"_links":{"self":[{"href":"https:\/\/liberationinfo.com\/index.php\/wp-json\/wp\/v2\/posts\/23637","targetHints":{"allow":["GET"]}}],"collection":[{"href":"https:\/\/liberationinfo.com\/index.php\/wp-json\/wp\/v2\/posts"}],"about":[{"href":"https:\/\/liberationinfo.com\/index.php\/wp-json\/wp\/v2\/types\/post"}],"author":[{"embeddable":true,"href":"https:\/\/liberationinfo.com\/index.php\/wp-json\/wp\/v2\/users\/2"}],"replies":[{"embeddable":true,"href":"https:\/\/liberationinfo.com\/index.php\/wp-json\/wp\/v2\/comments?post=23637"}],"version-history":[{"count":1,"href":"https:\/\/liberationinfo.com\/index.php\/wp-json\/wp\/v2\/posts\/23637\/revisions"}],"predecessor-version":[{"id":23638,"href":"https:\/\/liberationinfo.com\/index.php\/wp-json\/wp\/v2\/posts\/23637\/revisions\/23638"}],"wp:featuredmedia":[{"embeddable":true,"href":"https:\/\/liberationinfo.com\/index.php\/wp-json\/wp\/v2\/media\/23639"}],"wp:attachment":[{"href":"https:\/\/liberationinfo.com\/index.php\/wp-json\/wp\/v2\/media?parent=23637"}],"wp:term":[{"taxonomy":"category","embeddable":true,"href":"https:\/\/liberationinfo.com\/index.php\/wp-json\/wp\/v2\/categories?post=23637"},{"taxonomy":"post_tag","embeddable":true,"href":"https:\/\/liberationinfo.com\/index.php\/wp-json\/wp\/v2\/tags?post=23637"}],"curies":[{"name":"wp","href":"https:\/\/api.w.org\/{rel}","templated":true}]}}