{"id":23556,"date":"2023-11-22T15:50:13","date_gmt":"2023-11-22T15:50:13","guid":{"rendered":"https:\/\/liberationinfo.com\/?p=23556"},"modified":"2023-11-22T15:50:13","modified_gmt":"2023-11-22T15:50:13","slug":"pethe-diallo-serait-mis-aux-arrets-et-consigne-dans-un-bureau-a-la-primature","status":"publish","type":"post","link":"https:\/\/liberationinfo.com\/index.php\/pethe-diallo-serait-mis-aux-arrets-et-consigne-dans-un-bureau-a-la-primature\/","title":{"rendered":"P\u00e9th\u00e9 Diallo serait mis aux arr\u00eats et consign\u00e9 dans un bureau \u00e0 la primature&#8230;"},"content":{"rendered":"<div class=\"penci-header-wrap pc-wrapbuilder-header\">\n<div class=\"pc-wrapbuilder-header-inner\">\n<div id=\"penci_off_canvas\" class=\"penci-builder-mobile-sidebar-nav penci-menu-hbg mpos-left\">\n<div class=\"penci_mobile_wrapper\">\n<div class=\"nav_wrap penci-mobile-sidebar-content-wrapper\">\n<div class=\"penci-builder-item-wrap item_main\">\n<div class=\"pc-builder-element pc-builder-menu pc-dropdown-menu\">\n<nav class=\"no-class normal-click\" role=\"navigation\">&nbsp;<\/p>\n<\/nav>\n<\/div>\n<\/div>\n<\/div>\n<\/div>\n<\/div>\n<\/div>\n<\/div>\n<div class=\"penci-single-wrapper\">\n<div class=\"penci-single-block\">\n<div class=\"container container-single penci_sidebar  penci-enable-lightbox\">\n<div id=\"main\" class=\"penci-main-sticky-sidebar\">\n<div class=\"theiaStickySidebar\">\n<article id=\"post-6153\" class=\"post type-post status-publish\">\n<div class=\"post-image\"><\/div>\n<div class=\"post-entry blockquote-style-2\">\n<div id=\"penci-post-entry-inner\" class=\"inner-post-entry entry-content\">\n<p>Fra\u00eechement limog\u00e9 par le pr\u00e9sident de la transition, Colonel Mamadi Doumbouya dans la nuit du mardi 21 novembre 2023, par un d\u00e9cret diffus\u00e9 \u00e0 la radio t\u00e9l\u00e9vision nationale (RTG). Le d\u00e9sormais ministre de la sant\u00e9 et de l&rsquo;hygi\u00e8ne publique serait effectivement arr\u00eat\u00e9, il est plac\u00e9 dans un bureau \u00e0 la Primature en attendant la passation de service, pr\u00e9vue \u00e0 16h 30.<\/p>\n<p>Apr\u00e8s un d\u00e9menti formel dans un certain m\u00e9dia de la place par des proches du l&rsquo;ex ministre de la sant\u00e9 P\u00e8th\u00e8 Diallo, pour \u00e9voquer un entretien avec le Premier Ministre Dr Bernard Goumou.<\/p>\n<p>Notre sources nous pr\u00e9cise qu\u2019il y est consign\u00e9 dans un bureau, jusqu&rsquo;\u00e0 le temps de la passation de service avec son rempla\u00e7ant.<\/p>\n<p>Il faut rappeler que l&rsquo;ex ministre de la sant\u00e9 et de l&rsquo;hygi\u00e8ne publique \u00a0n\u2019est pas libre de ses mouvements depuis plusieurs heures.<\/p>\n<p><strong>Nous y reviendrons<\/strong><\/p>\n<\/div>\n<\/div>\n<\/article>\n<\/div>\n<\/div>\n<\/div>\n<\/div>\n<\/div>\n","protected":false},"excerpt":{"rendered":"<p>&nbsp; Fra\u00eechement limog\u00e9 par le pr\u00e9sident de la transition, Colonel Mamadi Doumbouya dans la nuit du mardi 21 novembre 2023, par un d\u00e9cret diffus\u00e9 \u00e0 la radio t\u00e9l\u00e9vision nationale (RTG). Le d\u00e9sormais ministre de la sant\u00e9 et de l&rsquo;hygi\u00e8ne publique serait effectivement arr\u00eat\u00e9, il est plac\u00e9 dans un bureau \u00e0 la Primature en attendant la [&hellip;]<\/p>\n","protected":false},"author":2,"featured_media":23557,"comment_status":"closed","ping_status":"closed","sticky":false,"template":"","format":"standard","meta":{"_jetpack_memberships_contains_paid_content":false,"footnotes":""},"categories":[6],"tags":[],"class_list":["post-23556","post","type-post","status-publish","format-standard","has-post-thumbnail","hentry","category-societe"],"jetpack_featured_media_url":"https:\/\/i0.wp.com\/liberationinfo.com\/wp-content\/uploads\/2023\/11\/Mamadou-Pathe-Diallo-ministre-de-la-sante.png?fit=1364%2C1199&ssl=1","jetpack-related-posts":[],"jetpack_sharing_enabled":true,"_links":{"self":[{"href":"https:\/\/liberationinfo.com\/index.php\/wp-json\/wp\/v2\/posts\/23556","targetHints":{"allow":["GET"]}}],"collection":[{"href":"https:\/\/liberationinfo.com\/index.php\/wp-json\/wp\/v2\/posts"}],"about":[{"href":"https:\/\/liberationinfo.com\/index.php\/wp-json\/wp\/v2\/types\/post"}],"author":[{"embeddable":true,"href":"https:\/\/liberationinfo.com\/index.php\/wp-json\/wp\/v2\/users\/2"}],"replies":[{"embeddable":true,"href":"https:\/\/liberationinfo.com\/index.php\/wp-json\/wp\/v2\/comments?post=23556"}],"version-history":[{"count":1,"href":"https:\/\/liberationinfo.com\/index.php\/wp-json\/wp\/v2\/posts\/23556\/revisions"}],"predecessor-version":[{"id":23558,"href":"https:\/\/liberationinfo.com\/index.php\/wp-json\/wp\/v2\/posts\/23556\/revisions\/23558"}],"wp:featuredmedia":[{"embeddable":true,"href":"https:\/\/liberationinfo.com\/index.php\/wp-json\/wp\/v2\/media\/23557"}],"wp:attachment":[{"href":"https:\/\/liberationinfo.com\/index.php\/wp-json\/wp\/v2\/media?parent=23556"}],"wp:term":[{"taxonomy":"category","embeddable":true,"href":"https:\/\/liberationinfo.com\/index.php\/wp-json\/wp\/v2\/categories?post=23556"},{"taxonomy":"post_tag","embeddable":true,"href":"https:\/\/liberationinfo.com\/index.php\/wp-json\/wp\/v2\/tags?post=23556"}],"curies":[{"name":"wp","href":"https:\/\/api.w.org\/{rel}","templated":true}]}}