{"id":23418,"date":"2023-11-13T10:24:27","date_gmt":"2023-11-13T10:24:27","guid":{"rendered":"https:\/\/liberationinfo.com\/?p=23418"},"modified":"2023-11-13T10:24:27","modified_gmt":"2023-11-13T10:24:27","slug":"cote-divoire-lancien-premier-ministre-guillaume-soro-annonce-mettre-fin-a-son-exil","status":"publish","type":"post","link":"https:\/\/liberationinfo.com\/index.php\/cote-divoire-lancien-premier-ministre-guillaume-soro-annonce-mettre-fin-a-son-exil\/","title":{"rendered":"C\u00f4te d\u2019Ivoire: l\u2019ancien Premier ministre Guillaume Soro annonce mettre \u00abfin\u00bb \u00e0 son exil"},"content":{"rendered":"<p>&nbsp;<\/p>\n<p>Guillaume Soro a annonc\u00e9 le 12 novembre 2023 mettre fin \u00e0 son d\u2019exil. L\u2019ex-Pr\u00e9sident de l\u2019Assembl\u00e9e nationale et ancien Premier ministre n\u2019a plus remis les pieds en C\u00f4te d\u2019Ivoire depuis 4 ans et demi. Il a \u00e9t\u00e9 condamn\u00e9 en son absence \u00e0 la prison \u00e0 vie notamment pour \u00ab atteinte \u00e0 la s\u00fbret\u00e9 de l\u2019\u00c9tat \u00bb. Dans une vid\u00e9o publi\u00e9e dimanche, l\u2019ancien chef rebelle ne pr\u00e9cise toutefois pas clairement la date de son retour ni m\u00eame s\u2019il reviendra bien en C\u00f4te d\u2019Ivoire ou dans un pays d\u2019Afrique voisin.<\/p>\n<p>\u00ab J\u2019annonce, ici et maintenant, que je mets fin \u00e0 mon exil, car il m\u2019est p\u00e9nible de vivre loin de ma terre ancestrale et natale d\u2019Afrique \u00bb. Dans une courte vid\u00e9o de cinq minutes publi\u00e9e sur ses r\u00e9seaux sociaux, Guillaume Soro \u00e9voque la \u00ab fin \u00bb de son exil, sans d\u00e9finir les contours de cette annonce.<\/p>\n<p>Rentrera-t-il en C\u00f4te d\u2019Ivoire, o\u00f9 il est sous le coup de deux condamnations judiciaires ? Quelques minutes apr\u00e8s son allocution, son directeur de campagne, Moussa Tour\u00e9, indique \u00ab qu\u2019il restera en Afrique pour faire face \u00e0 son destin \u00bb, laissant entendre ainsi qu\u2019il pourrait \u00eatre domicili\u00e9 dans un autre pays de la sous-r\u00e9gion.<\/p>\n<p>Dans cette vid\u00e9o, Guillaume Soro accuse le pr\u00e9sident ivoirien de vouloir le traquer partout o\u00f9 il se trouve. \u00ab La derni\u00e8re tentative d\u2019arrestation op\u00e9r\u00e9e \u00e0 Istanbul, d\u00e9montre, si besoin l\u2019\u00e9tait, que le seul lieu de repos paisible que Monsieur Ouattara me r\u00e9serve est bien le cimeti\u00e8re \u00bb, a affirm\u00e9 l\u2019ancien Premier ministre.<\/p>\n<p>\u00ab Je refuse d\u2019\u00eatre un fugitif \u00bb<br \/>\nA LIRE AUSSI<br \/>\nMali: les combats se poursuivent entre l\u2019arm\u00e9e et la coalition CSP-PSD\u2026<\/p>\n<p>12 Nov 2023<br \/>\nMali: l\u2019arm\u00e9e se rapproche de Kidal, des combats \u00e9clatent \u00e0\u2026<\/p>\n<p>11 Nov 2023<br \/>\nEn plus de revenir sur son exil mouvement\u00e9 en France, en Belgique, \u00e0 Duba\u00ef et \u00ab jusqu\u2019aux confins du continent asiatique \u00bb, dit-il, Guillaume Soro r\u00e9affirme son innocence alors que les juges ivoiriens l\u2019ont condamn\u00e9 pour \u00ab atteinte \u00e0 la s\u00fbret\u00e9 de l\u2019\u00c9tat \u00bb en 2021 et \u00ab recel de d\u00e9tournement de deniers publics \u00bb en 2020.<\/p>\n<p>\u00ab Je refuse d\u2019\u00eatre un fugitif. D\u2019autant plus que devant dieu et les hommes, je ne suis coupable d\u2019aucun forfait qui m\u00e9riterait un tel ch\u00e2timent \u00bb.<\/p>\n<p>En mai dernier, Guillaume Soro avait annonc\u00e9 son intention de se pr\u00e9senter pour l\u2019\u00e9lection pr\u00e9sidentielle de 2025, des ambitions qu\u2019il ne semble pas avoir abandonn\u00e9. \u00ab Je veux pouvoir contribuer \u00e0 la r\u00e9conciliation des fils et des filles de mon pays et apporter ma pierre \u00e0 l\u2019\u00e9dification de la paix entre les peuples d\u2019Afrique \u00bb, assure-t-il.<\/p>\n<p>&nbsp;<\/p>\n<p><strong>RFI<\/strong><\/p>\n","protected":false},"excerpt":{"rendered":"<p>&nbsp; Guillaume Soro a annonc\u00e9 le 12 novembre 2023 mettre fin \u00e0 son d\u2019exil. L\u2019ex-Pr\u00e9sident de l\u2019Assembl\u00e9e nationale et ancien Premier ministre n\u2019a plus remis les pieds en C\u00f4te d\u2019Ivoire depuis 4 ans et demi. Il a \u00e9t\u00e9 condamn\u00e9 en son absence \u00e0 la prison \u00e0 vie notamment pour \u00ab atteinte \u00e0 la s\u00fbret\u00e9 de [&hellip;]<\/p>\n","protected":false},"author":2,"featured_media":23419,"comment_status":"closed","ping_status":"closed","sticky":false,"template":"","format":"standard","meta":{"_jetpack_memberships_contains_paid_content":false,"footnotes":""},"categories":[32,5],"tags":[],"class_list":["post-23418","post","type-post","status-publish","format-standard","has-post-thumbnail","hentry","category-monde","category-politique"],"jetpack_featured_media_url":"https:\/\/i0.wp.com\/liberationinfo.com\/wp-content\/uploads\/2023\/11\/IMG-20231113-WA0007.jpg?fit=980%2C551&ssl=1","jetpack-related-posts":[],"jetpack_sharing_enabled":true,"_links":{"self":[{"href":"https:\/\/liberationinfo.com\/index.php\/wp-json\/wp\/v2\/posts\/23418","targetHints":{"allow":["GET"]}}],"collection":[{"href":"https:\/\/liberationinfo.com\/index.php\/wp-json\/wp\/v2\/posts"}],"about":[{"href":"https:\/\/liberationinfo.com\/index.php\/wp-json\/wp\/v2\/types\/post"}],"author":[{"embeddable":true,"href":"https:\/\/liberationinfo.com\/index.php\/wp-json\/wp\/v2\/users\/2"}],"replies":[{"embeddable":true,"href":"https:\/\/liberationinfo.com\/index.php\/wp-json\/wp\/v2\/comments?post=23418"}],"version-history":[{"count":1,"href":"https:\/\/liberationinfo.com\/index.php\/wp-json\/wp\/v2\/posts\/23418\/revisions"}],"predecessor-version":[{"id":23420,"href":"https:\/\/liberationinfo.com\/index.php\/wp-json\/wp\/v2\/posts\/23418\/revisions\/23420"}],"wp:featuredmedia":[{"embeddable":true,"href":"https:\/\/liberationinfo.com\/index.php\/wp-json\/wp\/v2\/media\/23419"}],"wp:attachment":[{"href":"https:\/\/liberationinfo.com\/index.php\/wp-json\/wp\/v2\/media?parent=23418"}],"wp:term":[{"taxonomy":"category","embeddable":true,"href":"https:\/\/liberationinfo.com\/index.php\/wp-json\/wp\/v2\/categories?post=23418"},{"taxonomy":"post_tag","embeddable":true,"href":"https:\/\/liberationinfo.com\/index.php\/wp-json\/wp\/v2\/tags?post=23418"}],"curies":[{"name":"wp","href":"https:\/\/api.w.org\/{rel}","templated":true}]}}