{"id":23239,"date":"2023-11-01T14:57:10","date_gmt":"2023-11-01T14:57:10","guid":{"rendered":"https:\/\/liberationinfo.com\/?p=23239"},"modified":"2023-11-01T14:57:10","modified_gmt":"2023-11-01T14:57:10","slug":"copgui-2023-3eme-evaluation-de-la-performance-des-ministeres","status":"publish","type":"post","link":"https:\/\/liberationinfo.com\/index.php\/copgui-2023-3eme-evaluation-de-la-performance-des-ministeres\/","title":{"rendered":"COPGUI 2023 : 3\u00e8me \u00e9valuation de la performance des Minist\u00e8res"},"content":{"rendered":"<nav class=\"bf-breadcrumb clearfix bc-top-style\" role=\"navigation\" aria-label=\"Breadcrumbs\">\n<div class=\"container bf-breadcrumb-container\">\n<p>&nbsp;<\/p>\n<\/div>\n<\/nav>\n<div class=\"content-wrap\"><main id=\"content\" class=\"content-container\"><\/p>\n<div class=\"container layout-2-col layout-2-col-1 layout-right-sidebar layout-bc-before post-template-1\">\n<div class=\"row main-section\">\n<div class=\"col-sm-8 content-column\">\n<div class=\"single-container\">\n<article id=\"post-11455\" class=\"post-11455 post type-post status-publish format-standard has-post-thumbnail  category-administration single-post-content has-thumbnail\">\n<div class=\"post-header post-tp-1-header\">\n<div class=\"single-featured\"><\/div>\n<\/div>\n<div class=\"entry-content clearfix single-post-content\">\n<p><strong>Conakry le 1er novembre 2023 \u2013 Dans le cadre du suivi du Contrat annuel de performance des minist\u00e8res (COPGUI), le Premier ministre, Chef du Gouvernement se rendra du 1er au 3 novembre dans les d\u00e9partements minist\u00e9riels.<\/strong><\/p>\n<figure class=\"wp-block-image size-large\"><img data-recalc-dims=\"1\" loading=\"lazy\" decoding=\"async\" class=\"wp-image-11452\" src=\"https:\/\/i0.wp.com\/lerenifleur224.com\/wp-content\/uploads\/2023\/11\/COPGUI-2023-3eme-evaluation-de-la-performance-des-ministeres-du-01-au-03-novembre-2023-1-1024x1004.jpg?resize=696%2C682&#038;ssl=1\" sizes=\"auto, (max-width: 1024px) 100vw, 1024px\" srcset=\"https:\/\/lerenifleur224.com\/wp-content\/uploads\/2023\/11\/COPGUI-2023-3eme-evaluation-de-la-performance-des-ministeres-du-01-au-03-novembre-2023-1-1024x1004.jpg 1024w, https:\/\/lerenifleur224.com\/wp-content\/uploads\/2023\/11\/COPGUI-2023-3eme-evaluation-de-la-performance-des-ministeres-du-01-au-03-novembre-2023-1-300x294.jpg 300w, https:\/\/lerenifleur224.com\/wp-content\/uploads\/2023\/11\/COPGUI-2023-3eme-evaluation-de-la-performance-des-ministeres-du-01-au-03-novembre-2023-1-768x753.jpg 768w, https:\/\/lerenifleur224.com\/wp-content\/uploads\/2023\/11\/COPGUI-2023-3eme-evaluation-de-la-performance-des-ministeres-du-01-au-03-novembre-2023-1.jpg 1440w\" alt=\"\" width=\"696\" height=\"682\" \/><\/figure>\n<p>A la t\u00eate d\u2019un Comit\u00e9 d\u2019\u00e9valuation, le r\u00e9formateur Dr Bernard Goumou conduit m\u00e9thodiquement la 3\u00e8me s\u00e9ance d\u2019\u00e9valuation, qui assure l\u2019impl\u00e9mentation durable dans l\u2019administration publique de la gestion ax\u00e9e sur les r\u00e9sultats (GAR).<br \/>\nCette \u00e9valuation portera entre autres sur la d\u00e9clinaison du COPGUI dans les directions g\u00e9n\u00e9rales et nationales, les services centraux ou les EPA.<\/p>\n<figure class=\"wp-block-image size-large\"><img data-recalc-dims=\"1\" loading=\"lazy\" decoding=\"async\" class=\"wp-image-11453 b-loaded\" src=\"https:\/\/i0.wp.com\/lerenifleur224.com\/wp-content\/uploads\/2023\/11\/COPGUI-2023-3eme-evaluation-de-la-performance-des-ministeres-du-01-au-03-novembre-2023-2-1024x683.jpg?resize=696%2C464&#038;ssl=1\" sizes=\"auto, (max-width: 1024px) 100vw, 1024px\" srcset=\"https:\/\/lerenifleur224.com\/wp-content\/uploads\/2023\/11\/COPGUI-2023-3eme-evaluation-de-la-performance-des-ministeres-du-01-au-03-novembre-2023-2-1024x683.jpg 1024w, https:\/\/lerenifleur224.com\/wp-content\/uploads\/2023\/11\/COPGUI-2023-3eme-evaluation-de-la-performance-des-ministeres-du-01-au-03-novembre-2023-2-300x200.jpg 300w, https:\/\/lerenifleur224.com\/wp-content\/uploads\/2023\/11\/COPGUI-2023-3eme-evaluation-de-la-performance-des-ministeres-du-01-au-03-novembre-2023-2-768x512.jpg 768w, https:\/\/lerenifleur224.com\/wp-content\/uploads\/2023\/11\/COPGUI-2023-3eme-evaluation-de-la-performance-des-ministeres-du-01-au-03-novembre-2023-2-1536x1024.jpg 1536w, https:\/\/lerenifleur224.com\/wp-content\/uploads\/2023\/11\/COPGUI-2023-3eme-evaluation-de-la-performance-des-ministeres-du-01-au-03-novembre-2023-2-2048x1365.jpg 2048w\" alt=\"\" width=\"696\" height=\"464\" \/><\/figure>\n<p>La d\u00e9marche s\u2019inscrit en respect du contrat de performance sign\u00e9 le 3 janvier 2023 entre le Chef du Gouvernement et les minist\u00e8res.<br \/>\nLa troisi\u00e8me phase du COPGUI 2023, vise \u00e0 appr\u00e9cier le niveau d\u2019application des recommandations faites lors de l\u2019\u00e9valuation \u00e0 mi-parcours des minist\u00e8res en juillet dernier \u00e0 la Primature.<\/p>\n<figure class=\"wp-block-image size-large\"><img data-recalc-dims=\"1\" loading=\"lazy\" decoding=\"async\" class=\"wp-image-11454\" src=\"https:\/\/i0.wp.com\/lerenifleur224.com\/wp-content\/uploads\/2023\/11\/COPGUI-2023-3eme-evaluation-de-la-performance-des-ministeres-du-01-au-03-novembre-2023-1024x966.jpg?resize=696%2C657&#038;ssl=1\" sizes=\"auto, (max-width: 1024px) 100vw, 1024px\" srcset=\"https:\/\/lerenifleur224.com\/wp-content\/uploads\/2023\/11\/COPGUI-2023-3eme-evaluation-de-la-performance-des-ministeres-du-01-au-03-novembre-2023-1024x966.jpg 1024w, https:\/\/lerenifleur224.com\/wp-content\/uploads\/2023\/11\/COPGUI-2023-3eme-evaluation-de-la-performance-des-ministeres-du-01-au-03-novembre-2023-300x283.jpg 300w, https:\/\/lerenifleur224.com\/wp-content\/uploads\/2023\/11\/COPGUI-2023-3eme-evaluation-de-la-performance-des-ministeres-du-01-au-03-novembre-2023-768x724.jpg 768w, https:\/\/lerenifleur224.com\/wp-content\/uploads\/2023\/11\/COPGUI-2023-3eme-evaluation-de-la-performance-des-ministeres-du-01-au-03-novembre-2023.jpg 1440w\" alt=\"\" width=\"696\" height=\"657\" \/><\/figure>\n<p>Selon le Premier ministre, l\u2019appr\u00e9ciation s\u2019effectue en deux temps : \u00ab Premi\u00e8rement sur la base des rapports d\u2019activit\u00e9 que chaque minist\u00e8re a t\u00e9l\u00e9charg\u00e9 sur la plateforme de suivi de l\u2019action gouvernementale. Ces documents en cours d\u2019analyse comptent pour 70% de la note du minist\u00e8re ;<br \/>\nDeuxi\u00e8mement, l\u2019appr\u00e9ciation est faite in situ, avec une direction g\u00e9n\u00e9rale ou nationale, un service central ou EPA choisi de fa\u00e7on al\u00e9atoire pour pr\u00e9senter au comit\u00e9 d\u2019\u00e9valuation la mani\u00e8re dont le COPGUI est d\u00e9clin\u00e9 et mis en \u0153uvre avec le cabinet du Ministre jusqu\u2019au dernier \u00e9chelon de son service. La note issue de cette appr\u00e9ciation in situ est pond\u00e9r\u00e9e \u00e0 30% de la note du minist\u00e8re \u00bb.<\/p>\n<p><strong>Porte-Parolat \/La Cellule de Communication du Gouvernement<\/strong><\/p>\n<\/div>\n<\/article>\n<\/div>\n<\/div>\n<\/div>\n<\/div>\n<p><\/main><\/div>\n","protected":false},"excerpt":{"rendered":"<p>&nbsp; Conakry le 1er novembre 2023 \u2013 Dans le cadre du suivi du Contrat annuel de performance des minist\u00e8res (COPGUI), le Premier ministre, Chef du Gouvernement se rendra du 1er au 3 novembre dans les d\u00e9partements minist\u00e9riels. A la t\u00eate d\u2019un Comit\u00e9 d\u2019\u00e9valuation, le r\u00e9formateur Dr Bernard Goumou conduit m\u00e9thodiquement la 3\u00e8me s\u00e9ance d\u2019\u00e9valuation, qui [&hellip;]<\/p>\n","protected":false},"author":2,"featured_media":23240,"comment_status":"closed","ping_status":"closed","sticky":false,"template":"","format":"standard","meta":{"_jetpack_memberships_contains_paid_content":false,"footnotes":""},"categories":[5],"tags":[],"class_list":["post-23239","post","type-post","status-publish","format-standard","has-post-thumbnail","hentry","category-politique"],"jetpack_featured_media_url":"https:\/\/i0.wp.com\/liberationinfo.com\/wp-content\/uploads\/2023\/11\/COPGUI-2023-3eme-evaluation-de-la-performance-des-ministeres-du-01-au-03-novembre-2023-8-scaled-1.jpg?fit=800%2C533&ssl=1","jetpack-related-posts":[],"jetpack_sharing_enabled":true,"_links":{"self":[{"href":"https:\/\/liberationinfo.com\/index.php\/wp-json\/wp\/v2\/posts\/23239","targetHints":{"allow":["GET"]}}],"collection":[{"href":"https:\/\/liberationinfo.com\/index.php\/wp-json\/wp\/v2\/posts"}],"about":[{"href":"https:\/\/liberationinfo.com\/index.php\/wp-json\/wp\/v2\/types\/post"}],"author":[{"embeddable":true,"href":"https:\/\/liberationinfo.com\/index.php\/wp-json\/wp\/v2\/users\/2"}],"replies":[{"embeddable":true,"href":"https:\/\/liberationinfo.com\/index.php\/wp-json\/wp\/v2\/comments?post=23239"}],"version-history":[{"count":1,"href":"https:\/\/liberationinfo.com\/index.php\/wp-json\/wp\/v2\/posts\/23239\/revisions"}],"predecessor-version":[{"id":23241,"href":"https:\/\/liberationinfo.com\/index.php\/wp-json\/wp\/v2\/posts\/23239\/revisions\/23241"}],"wp:featuredmedia":[{"embeddable":true,"href":"https:\/\/liberationinfo.com\/index.php\/wp-json\/wp\/v2\/media\/23240"}],"wp:attachment":[{"href":"https:\/\/liberationinfo.com\/index.php\/wp-json\/wp\/v2\/media?parent=23239"}],"wp:term":[{"taxonomy":"category","embeddable":true,"href":"https:\/\/liberationinfo.com\/index.php\/wp-json\/wp\/v2\/categories?post=23239"},{"taxonomy":"post_tag","embeddable":true,"href":"https:\/\/liberationinfo.com\/index.php\/wp-json\/wp\/v2\/tags?post=23239"}],"curies":[{"name":"wp","href":"https:\/\/api.w.org\/{rel}","templated":true}]}}