{"id":23105,"date":"2023-10-20T14:17:45","date_gmt":"2023-10-20T14:17:45","guid":{"rendered":"https:\/\/liberationinfo.com\/?p=23105"},"modified":"2023-10-20T14:17:45","modified_gmt":"2023-10-20T14:17:45","slug":"serhou-guirassy-assume-sa-decision-de-jouer-pour-le-syli-national-cest-un-choix-que-je-ne-regrette-pas-du-tout","status":"publish","type":"post","link":"https:\/\/liberationinfo.com\/index.php\/serhou-guirassy-assume-sa-decision-de-jouer-pour-le-syli-national-cest-un-choix-que-je-ne-regrette-pas-du-tout\/","title":{"rendered":"Serhou Guirassy assume sa d\u00e9cision de jouer pour le Syli national : \u2018\u2019C\u2019est un choix que je ne regrette pas du tout\u2019\u2019"},"content":{"rendered":"<nav class=\"bf-breadcrumb clearfix bc-top-style\" role=\"navigation\" aria-label=\"Breadcrumbs\">\n<div class=\"container bf-breadcrumb-container\">\n<p>&nbsp;<\/p>\n<\/div>\n<\/nav>\n<div class=\"content-wrap\"><main id=\"content\" class=\"content-container\"><\/p>\n<div class=\"container layout-2-col layout-2-col-1 layout-right-sidebar layout-bc-before post-template-1\">\n<div class=\"row main-section\">\n<div class=\"col-sm-8 content-column\">\n<div class=\"single-container\">\n<article id=\"post-180963\" class=\"post-180963 post type-post status-publish format-standard has-post-thumbnail  category-sport single-post-content has-thumbnail\">\n<div class=\"entry-content clearfix single-post-content\">\n<div class=\"tkmv tkmv-post-top tkmv-float-center tkmv-align-center tkmv-column-1 tkmv-clearfix no-bg-box-model\">\n<div id=\"tkmv-163384-1904102813\" class=\"tkmv-container tkmv-type-custom_code \" data-adid=\"163384\" data-type=\"custom_code\"><ins class=\"adsbygoogle\" data-ad-client=\"ca-pub-2201586760488699\" data-ad-slot=\"1533443138\" data-ad-format=\"auto\" data-full-width-responsive=\"true\" data-adsbygoogle-status=\"done\"><\/p>\n<div id=\"aswift_3_host\"><\/div>\n<p><\/ins><\/div>\n<\/div>\n<p><strong>Serhou Guirassy, meilleur buteur d\u2019Europe,\u00a0<\/strong><strong>tous championnats<\/strong><strong>\u00a0confondus avec 13 r\u00e9alisations en 7 matches de\u00a0<\/strong><strong>Bundesliga, ne regrette pas son choix de mouiller le maillot pour la Guin\u00e9e. L\u2019attaquant international guin\u00e9en de Stuttgart a d\u00e9voil\u00e9 \u00e0 Canal<\/strong><strong>+Sports les raisons qui l\u2019ont pouss\u00e9 \u00e0 dire Oui au Syli national.<\/strong><\/p>\n<p>Il rappelle qu\u2019il a \u00e9t\u00e9 sollicit\u00e9 \u00e0 pas mal de reprises par la Guin\u00e9e. \u2018\u2019Avec Ibou, l\u2019ancien joueur, on avait parl\u00e9 de la s\u00e9lection. Je ne sentais pas forcement pr\u00eat\u2019\u2019, avoue-t-il, d\u2019embl\u00e9e, ajoutant que \u2018\u2019j\u2019ai \u00e9t\u00e9 sollicit\u00e9 \u00e0 la derni\u00e8re CAN, mais j\u2019ai pr\u00e9f\u00e9r\u00e9 d\u00e9cliner l\u2019offre par respect pour les joueurs qui \u00e9taient d\u00e9j\u00e0 l\u00e0 et qui avaient fait la campagne de qualification\u2019\u2019.<\/p>\n<p>L\u2019international guin\u00e9en a pr\u00e9cis\u00e9 dans un entretien accord\u00e9 \u00e0 nos confr\u00e8res de la cha\u00eene crypt\u00e9e que \u2018\u2019je ne me voyais pas venir en ce moment-l\u00e0, parce que \u00e7a allait \u00eatre trop inopportun. J\u2019ai pr\u00e9f\u00e9r\u00e9 d\u00e9marrer un vrai cycle\u2019\u2019.<\/p>\n<p>C\u2019est pourquoi, argue-t-il, \u2018\u2019quand j\u2019\u00e9tais pr\u00eat, j\u2019ai choisi de rejoindre la s\u00e9lection au tout d\u00e9but de la campagne de qualification. C\u2019est un choix que je ne regrette pas du tout. C\u2019est m\u00eame l\u2019un des meilleurs choix. Il faut \u00eatre dans l\u2019\u00e9quipe pour comprendre ce que c\u2019est que repr\u00e9senter la Guin\u00e9e. Quand on est l\u00e0, le soutien qu\u2019on a des fans, c\u2019est incroyable de jouer pour cette nation\u2019\u2019.<\/p>\n<div class=\"tkmv tkmv-post-middle tkmv-float-center tkmv-align-center tkmv-column-1 tkmv-clearfix no-bg-box-model\">\n<div id=\"tkmv-163384-1099759957\" class=\"tkmv-container tkmv-type-custom_code \" data-adid=\"163384\" data-type=\"custom_code\"><ins class=\"adsbygoogle\" data-ad-client=\"ca-pub-2201586760488699\" data-ad-slot=\"1533443138\" data-ad-format=\"auto\" data-full-width-responsive=\"true\" data-adsbygoogle-status=\"done\"><\/p>\n<div id=\"aswift_4_host\"><\/div>\n<p><\/ins><\/div>\n<\/div>\n<p>Quid de son ambition pour la Coupe d\u2019Afrique des nations pr\u00e9vue en janvier 2024 en C\u00f4te d\u2019Ivoire ? \u2018\u2019On est tous des comp\u00e9titeurs\u2019\u2019, r\u00e9pond-il, de mani\u00e8re calme. \u2018\u2019\u00c7a va \u00eatre une comp\u00e9tition avec de grosses nations\u2019\u2019, ajoute-t-il.<\/p>\n<p>A la CAN, il estime qu\u2019il \u2018\u2019faut qu\u2019on montre le bout de notre nez et essayer d\u2019aller le plus loin possible, demi-finale pourquoi pas\u00a0? \u00c7a ne peut \u00eatre possible que si l\u2019on a un groupe soud\u00e9. C\u2019est important pour les uns et pour les autres. Si on met \u00e7a en t\u00eate, on peut faire de grandes choses\u2019\u2019.<\/p>\n<p><strong>\u00a0VisionGuinee.Info<\/strong><\/p>\n<\/div>\n<\/article>\n<\/div>\n<\/div>\n<\/div>\n<\/div>\n<p><\/main><\/div>\n","protected":false},"excerpt":{"rendered":"<p>&nbsp; Serhou Guirassy, meilleur buteur d\u2019Europe,\u00a0tous championnats\u00a0confondus avec 13 r\u00e9alisations en 7 matches de\u00a0Bundesliga, ne regrette pas son choix de mouiller le maillot pour la Guin\u00e9e. L\u2019attaquant international guin\u00e9en de Stuttgart a d\u00e9voil\u00e9 \u00e0 Canal+Sports les raisons qui l\u2019ont pouss\u00e9 \u00e0 dire Oui au Syli national. Il rappelle qu\u2019il a \u00e9t\u00e9 sollicit\u00e9 \u00e0 pas mal [&hellip;]<\/p>\n","protected":false},"author":2,"featured_media":23106,"comment_status":"closed","ping_status":"closed","sticky":false,"template":"","format":"standard","meta":{"_jetpack_memberships_contains_paid_content":false,"footnotes":""},"categories":[4,7],"tags":[],"class_list":["post-23105","post","type-post","status-publish","format-standard","has-post-thumbnail","hentry","category-actu","category-sport"],"jetpack_featured_media_url":"https:\/\/i0.wp.com\/liberationinfo.com\/wp-content\/uploads\/2023\/10\/Capture-decran-2023-10-20-a-12.17.32.png?fit=715%2C599&ssl=1","jetpack-related-posts":[],"jetpack_sharing_enabled":true,"_links":{"self":[{"href":"https:\/\/liberationinfo.com\/index.php\/wp-json\/wp\/v2\/posts\/23105","targetHints":{"allow":["GET"]}}],"collection":[{"href":"https:\/\/liberationinfo.com\/index.php\/wp-json\/wp\/v2\/posts"}],"about":[{"href":"https:\/\/liberationinfo.com\/index.php\/wp-json\/wp\/v2\/types\/post"}],"author":[{"embeddable":true,"href":"https:\/\/liberationinfo.com\/index.php\/wp-json\/wp\/v2\/users\/2"}],"replies":[{"embeddable":true,"href":"https:\/\/liberationinfo.com\/index.php\/wp-json\/wp\/v2\/comments?post=23105"}],"version-history":[{"count":1,"href":"https:\/\/liberationinfo.com\/index.php\/wp-json\/wp\/v2\/posts\/23105\/revisions"}],"predecessor-version":[{"id":23107,"href":"https:\/\/liberationinfo.com\/index.php\/wp-json\/wp\/v2\/posts\/23105\/revisions\/23107"}],"wp:featuredmedia":[{"embeddable":true,"href":"https:\/\/liberationinfo.com\/index.php\/wp-json\/wp\/v2\/media\/23106"}],"wp:attachment":[{"href":"https:\/\/liberationinfo.com\/index.php\/wp-json\/wp\/v2\/media?parent=23105"}],"wp:term":[{"taxonomy":"category","embeddable":true,"href":"https:\/\/liberationinfo.com\/index.php\/wp-json\/wp\/v2\/categories?post=23105"},{"taxonomy":"post_tag","embeddable":true,"href":"https:\/\/liberationinfo.com\/index.php\/wp-json\/wp\/v2\/tags?post=23105"}],"curies":[{"name":"wp","href":"https:\/\/api.w.org\/{rel}","templated":true}]}}