{"id":22795,"date":"2023-09-22T19:31:35","date_gmt":"2023-09-22T19:31:35","guid":{"rendered":"https:\/\/liberationinfo.com\/?p=22795"},"modified":"2023-09-22T19:31:35","modified_gmt":"2023-09-22T19:31:35","slug":"78eme-assemblee-generale-delonu-les-forces-vives-de-guinee-demandent-la-mobilisation-des-guineens-contre-le-col-doumbouya-copie","status":"publish","type":"post","link":"https:\/\/liberationinfo.com\/index.php\/78eme-assemblee-generale-delonu-les-forces-vives-de-guinee-demandent-la-mobilisation-des-guineens-contre-le-col-doumbouya-copie\/","title":{"rendered":"78\u00e8me assembl\u00e9e g\u00e9n\u00e9rale del&rsquo;ONU: Les Forces Vives de Guin\u00e9e demandent la mobilisation des guin\u00e9ens contre le Col. Doumbouya (Copie)"},"content":{"rendered":"<p>&nbsp;<\/p>\n<p>\u00ab C\u2019est avec une profonde surprise que les Forces Vives de Guin\u00e9e (FVG) ont pris connaissance du discours prononc\u00e9 par le Pr\u00e9sident de la transition, Mamadi Doumbouya, \u00e0 la tribune des Nations Unies ce 21 septembre 2023.<\/p>\n<p>D\u2019abord, nulle part dans ce discours, il n\u2019a \u00e9t\u00e9 question du retour \u00e0 l\u2019ordre constitutionnel, un sujet d\u2019une actualit\u00e9 br\u00fblante sur lequel les Guin\u00e9ens et la communaut\u00e9 internationale souhaitaient \u00eatre fix\u00e9s.<\/p>\n<p>Ensuite, le Pr\u00e9sident de la Transition affirme que la CEDEAO ne doit s\u2019occuper que d\u2019\u00e9conomie. C\u2019est une regrettable m\u00e9connaissance du Trait\u00e9 de notre communaut\u00e9 r\u00e9gionale ratifi\u00e9 par les Parlements de tous les \u00c9tats membres engageant ces derniers \u00e0 promouvoir la d\u00e9mocratie, l\u2019\u00c9tat de droit et \u00e0 faire respecter les droits humains et les libert\u00e9s fondamentales. Faut-il rappeler au putschiste le protocole additionnel de la CEDEAO sur la d\u00e9mocratie et la bonne gouvernance de 2001 ?<\/p>\n<p>Enfin, le plus grave est que Mamadi Doumbouya affirme haut et fort dans son intervention que le mod\u00e8le d\u00e9mocratique \u00bb a du mal \u00e0 s\u2019adapter \u00e0 nos r\u00e9alit\u00e9s, \u00e0 nos coutumes, \u00e0 notre environnement \u00ab . Et plus loin, s\u2019adressant sans doute \u00e0 l\u2019Occident ou \u00e0 la France, il dit : \u00ab \u2026nous sommes tous conscients que ce mod\u00e8le d\u00e9mocratique que vous nous avez si insidieusement et savamment impos\u00e9 apr\u00e8s le sommet de la Baule en France, presque de fa\u00e7on religieuse, elle ne marche pas \u00bb. Il affirme enfin que \u00ab ce mod\u00e8le a surtout contribu\u00e9 \u00e0 entretenir un syst\u00e8me d\u2019exploitation et de pillage de nos ressources par les autres et une corruption tr\u00e8s active de nos \u00e9lites \u00bb.<\/p>\n<p>S\u2019il d\u00e9peint ainsi la d\u00e9mocratie et lui attribue autant d\u2019effets pervers, c\u2019est pour la rejeter et pour nous imposer un autre syst\u00e8me de gouvernement.<\/p>\n<p>S\u2019il n\u2019a pas encore d\u00e9clin\u00e9 les principes et les r\u00e8gles de son syst\u00e8me, on peut n\u00e9anmoins ais\u00e9ment l\u2019identifier \u00e0 travers quelques actes que le CNRD a pos\u00e9s depuis qu\u2019il a pris par les armes le contr\u00f4le du pays.<\/p>\n<p>La suspension de la libert\u00e9 de manifester dans les rues et sur les places publiques, la nomination des pr\u00e9sidents des districts et des chefs de quartiers par les gouverneurs, la r\u00e9pression dans le sang de toute tentative de manifestation et l\u2019assassinat \u00e0 bout portant de plus de 30 jeunes manifestants en moins d\u2019un an sans qu\u2019aucun d\u2019entre eux n\u2019ait eu droit \u00e0 la justice, la corruption et l\u2019enrichissement effr\u00e9n\u00e9 de la classe dirigeante, au vu et au su de tout le monde, l\u2019instrumentalisation \u00e0 outrance de la justice, le refus \u00e0 peine voil\u00e9 d\u2019organiser le retour \u00e0 l\u2019ordre constitutionnel, sont des attitudes et des actes qui illustraient d\u00e9j\u00e0 \u00e9loquemment sa volont\u00e9 d\u2019enterrer la d\u00e9mocratie et l\u2019\u00c9tat de droit dans notre pays.<\/p>\n<p>Et pourtant, le Chef de la junte avait, lors de sa prestation de serment le 1er octobre 2021, jur\u00e9 \u00ab de respecter et de faire respecter la Charte de la Transition, la dignit\u00e9 humaine, les lois et r\u00e8glements de la R\u00e9publique, de consolider les acquis d\u00e9mocratiques \u00bb.<\/p>\n<p>Aujourd\u2019hui, il est clair que Mamadi Doumbouya n\u2019est plus dans la disposition de respecter son serment de consolider les acquis d\u00e9mocratiques. Apr\u00e8s le discours de New York, nul ne doit plus se faire d\u2019illusions \u00e0 cet \u00e9gard.<\/p>\n<p>En d\u00e9cidant d\u00e9lib\u00e9r\u00e9ment de ne pas aborder la question du retour \u00e0 l\u2019ordre constitutionnel et en affirmant que le mod\u00e8le d\u00e9mocratique nous est impos\u00e9 par l\u2019Occident, que celui-ci n\u2019est pas adapt\u00e9 \u00e0 nos r\u00e9alit\u00e9s et qu\u2019il contribue \u00e0 entretenir l\u2019exploitation et le pillage de nos ressources ainsi que la corruption de nos \u00e9lites, le Chef de la junte ne fait que confirmer, s\u2019il en \u00e9tait besoin, son aversion pour la d\u00e9mocratie et l\u2019\u00c9tat de droit.<\/p>\n<p>En fait, ce populisme verbeux autour d\u2019un panafricanisme mal ma\u00eetris\u00e9 du putschiste peine \u00e0 masquer une r\u00e9alit\u00e9 plus prosa\u00efque. C\u2019est sa volont\u00e9 de conserver le pouvoir pour continuer \u00e0 jouir de ses avantages.<\/p>\n<p>Notre peuple n\u2019a cess\u00e9 de verser de son sang pour l\u2019instauration de la d\u00e9mocratie et de l\u2019\u00c9tat de droit dans notre pays. Deux valeurs auxquelles il aspire profond\u00e9ment et pour la r\u00e9alisation desquelles il continue \u00e0 consentir d\u2019\u00e9normes sacrifices.<\/p>\n<p>Pour que ces sacrifices ne soient pas vains, les Forces Vives de Guin\u00e9e invitent le peuple de Guin\u00e9e \u00e0 se mobiliser massivement pour combattre cette dictature naissante et pour faire \u00e9merger dans notre pays une d\u00e9mocratie respectueuse des droits humains et des libert\u00e9s fondamentales.<\/p>\n<p>Le peuple doit prendre en main son destin face \u00e0 la provocation \u00e0 sa dignit\u00e9 que constitue le discours du putschiste. Refusons la confiscation de nos acquis d\u00e9mocratiques. Mobilisons-nous pour nous d\u00e9fendre de la mainmise du n\u00e9o-dictateur sur nos libert\u00e9s et nos richesses. C\u2019est l\u2019appel que les Forces Vives de Guin\u00e9e lanceront \u00e0 tous les guin\u00e9ens dans les prochains jours \u00bb.<\/p>\n<p><strong>Conakry, le 22 Septembre 2023<\/strong><\/p>\n<p><strong>LES FORCES VIVES DE GUINEE<\/strong><\/p>\n","protected":false},"excerpt":{"rendered":"<p>&nbsp; \u00ab C\u2019est avec une profonde surprise que les Forces Vives de Guin\u00e9e (FVG) ont pris connaissance du discours prononc\u00e9 par le Pr\u00e9sident de la transition, Mamadi Doumbouya, \u00e0 la tribune des Nations Unies ce 21 septembre 2023. D\u2019abord, nulle part dans ce discours, il n\u2019a \u00e9t\u00e9 question du retour \u00e0 l\u2019ordre constitutionnel, un sujet [&hellip;]<\/p>\n","protected":false},"author":2,"featured_media":22796,"comment_status":"closed","ping_status":"closed","sticky":false,"template":"","format":"standard","meta":{"_jetpack_memberships_contains_paid_content":false,"footnotes":""},"categories":[6],"tags":[],"class_list":["post-22795","post","type-post","status-publish","format-standard","has-post-thumbnail","hentry","category-societe"],"jetpack_featured_media_url":"https:\/\/i0.wp.com\/liberationinfo.com\/wp-content\/uploads\/2023\/09\/IMG-20230922-WA0057.jpg?fit=800%2C561&ssl=1","jetpack-related-posts":[],"jetpack_sharing_enabled":true,"_links":{"self":[{"href":"https:\/\/liberationinfo.com\/index.php\/wp-json\/wp\/v2\/posts\/22795","targetHints":{"allow":["GET"]}}],"collection":[{"href":"https:\/\/liberationinfo.com\/index.php\/wp-json\/wp\/v2\/posts"}],"about":[{"href":"https:\/\/liberationinfo.com\/index.php\/wp-json\/wp\/v2\/types\/post"}],"author":[{"embeddable":true,"href":"https:\/\/liberationinfo.com\/index.php\/wp-json\/wp\/v2\/users\/2"}],"replies":[{"embeddable":true,"href":"https:\/\/liberationinfo.com\/index.php\/wp-json\/wp\/v2\/comments?post=22795"}],"version-history":[{"count":1,"href":"https:\/\/liberationinfo.com\/index.php\/wp-json\/wp\/v2\/posts\/22795\/revisions"}],"predecessor-version":[{"id":22797,"href":"https:\/\/liberationinfo.com\/index.php\/wp-json\/wp\/v2\/posts\/22795\/revisions\/22797"}],"wp:featuredmedia":[{"embeddable":true,"href":"https:\/\/liberationinfo.com\/index.php\/wp-json\/wp\/v2\/media\/22796"}],"wp:attachment":[{"href":"https:\/\/liberationinfo.com\/index.php\/wp-json\/wp\/v2\/media?parent=22795"}],"wp:term":[{"taxonomy":"category","embeddable":true,"href":"https:\/\/liberationinfo.com\/index.php\/wp-json\/wp\/v2\/categories?post=22795"},{"taxonomy":"post_tag","embeddable":true,"href":"https:\/\/liberationinfo.com\/index.php\/wp-json\/wp\/v2\/tags?post=22795"}],"curies":[{"name":"wp","href":"https:\/\/api.w.org\/{rel}","templated":true}]}}