{"id":22495,"date":"2023-08-24T13:23:18","date_gmt":"2023-08-24T13:23:18","guid":{"rendered":"https:\/\/liberationinfo.com\/?p=22495"},"modified":"2023-08-24T13:23:18","modified_gmt":"2023-08-24T13:23:18","slug":"comment-bernard-goumou-a-t-il-pu-simposer-dans-le-travail-jusqua-obliger-ses-detracteurs-a-lui-coller-la-parole","status":"publish","type":"post","link":"https:\/\/liberationinfo.com\/index.php\/comment-bernard-goumou-a-t-il-pu-simposer-dans-le-travail-jusqua-obliger-ses-detracteurs-a-lui-coller-la-parole\/","title":{"rendered":"Comment, Bernard Goumou a-t-il pu s\u2019imposer dans le travail jusqu\u2019\u00e0 obliger ses d\u00e9tracteurs \u00e0 lui coller la parole&#8230;"},"content":{"rendered":"<p>Le Premier Ministre, Dr Bernard Goumou, s\u2019impose dans l\u2019ar\u00e8ne Politique<br \/>\nC\u2019\u00e9tait le 20 ao\u00fbt 2022, \u00e0 20h 32mn 07s, le nom de Dr Bernard Goumou fut annonc\u00e9 comme Premier Ministre, Chef du Gouvernement de la R\u00e9publique de Guin\u00e9e au journal du soir de la t\u00e9l\u00e9vision nationale par un d\u00e9cret sign\u00e9 par le Colonel Mamadi Doumbouya, Pr\u00e9sident de la Transition. Ainsi, le Ministre du Commerce de l\u2019industrie et des Petites et Moyennes entreprises \u00e0 42 ans est nomm\u00e9 \u00e0 ce poste comme le plus jeune Premier Ministre dans l\u2019histoire de la Guin\u00e9e.<\/p>\n<p>Le nouveau locataire du palais de la Colombe s\u2019est vite rendu compte que le temps est court mais le travail est \u00e9norme. Ainsi s\u2019est-il donn\u00e9 certaines priorit\u00e9s pour pouvoir atteindre les objectifs qui lui sont assign\u00e9s.<\/p>\n<p>Dans l\u2019ar\u00e8ne politique, plusieurs voix se sont lev\u00e9es pour affirmer l\u2019incapacit\u00e9 de l\u2019homme \u00e0 conduire les affaires du pays. \u00ab Il est trop jeune, un homme d\u2019affaire, il n\u2019est pas politicien et la situation en Guin\u00e9e demande qu\u2019un politicien aguerri soit \u00e0 ce poste \u00bb a d\u00e9clar\u00e9 un homme politique Guin\u00e9en. Et pourtant :<br \/>\nIl est aujourd\u2019hui clair, qu\u2019apr\u00e8s 12 mois pass\u00e9s \u00e0 la t\u00eate du Gouvernement, il a ferm\u00e9 la bouche \u00e0 ceux qui l\u2019ont trait\u00e9 de n\u00e9ophyte en politique. Les t\u00e9moignages sont, on ne peut plus tr\u00e8s clairs, c\u2019est un vrai travailleur. Son entourage avait du mal \u00e0 s\u2019adapter \u00e0 son rythme de travail. Pour la premi\u00e8re fois, un locataire du palais de la colombe quitte le bureau aux environs de 22 heures.<\/p>\n<p>Comment, Bernard Goumou a-t-il pu s\u2019imposer dans le travail jusqu\u2019\u00e0 obliger ses d\u00e9tracteurs \u00e0 lui coller la parole de Rodrigue dans Cid \u00ab\u00a0\u00bbJe suis jeune, il est vrai ; mais aux \u00e2mes bien n\u00e9es, la valeur n&rsquo;attend point le nombre des ann\u00e9es\u00a0\u00bb ?<br \/>\nSuivant la lettre de mission qui lui a \u00e9t\u00e9 assign\u00e9e par le Pr\u00e9sident de la transition, le Premier Ministre, d\u00e8s sa prise de fonction, a effectu\u00e9 une visite des d\u00e9partements Minist\u00e9riels et des institutions de la R\u00e9publique pour toucher de doigt le v\u00e9cu quotidien des travailleurs. Les remarques et constats lui ont permis de faire un diagnostic du syst\u00e8me administratif.<\/p>\n<p>Ainsi, son premier souci est de rendre l\u2019administration plus productive avec des objectifs quantifiables dans un temps pr\u00e9cis. Pour y arriver, le Premier Ministre a alors instaur\u00e9 dans l\u2019administration publique le syst\u00e8me de gestion ax\u00e9e sur les r\u00e9sultats. Un contrat annuel de performance qui est un outil de suivi et d\u2019\u00e9valuation de la performance gouvernementale a \u00e9t\u00e9 sign\u00e9 avec les ministres. Les r\u00e9sultats sont indiscutables, chaque ministre est pouss\u00e9 \u00e0 mettre en pratique son plan annuel. Le syst\u00e8me \u00e9ducatif a repris son envol<\/p>\n<p>Sur le plan politique, le Premier Ministre a surpris plus d\u2019un. En effet, Le pr\u00e9sident de la R\u00e9publique, d\u00e8s apr\u00e8s le 5 septembre 2021 a \u00e9cout\u00e9 toutes les forces vives de la nation. Il s\u2019est attach\u00e9 \u00e0 la prise en compte de leur attente dans le chronogramme de la transition et la lettre de mission du Premier Ministre, Chef du Gouvernement. Vu la lettre de mission que le Pr\u00e9sident de la transition lui a assign\u00e9e, il s\u2019est donn\u00e9 la priorit\u00e9 de r\u00e9concilier les Guin\u00e9ens par un dialogue inter guin\u00e9ens inclusif. Mais avant, il engag\u00e9 des n\u00e9gociations avec la CEDEAO.<\/p>\n<p>Comme r\u00e9sultat, le 20 octobre 2022, la CEDEAO, par l&rsquo;interm\u00e9diaire du Dr Abdel Fatou MUSAH, a sign\u00e9 un accord concernant les 10 points du chronogramme ainsi que le d\u00e9lai d&rsquo;ex\u00e9cution de 24 mois. Un mois plus tard, le Premier ministre Bernard Goumou a pr\u00e9sid\u00e9 le 24 novembre l\u2019ouverture d\u2019un nouveau cadre de dialogue inter-guin\u00e9en, en pr\u00e9sence du m\u00e9diateur de la CEDEAO, le B\u00e9ninois Thomas Boni Yayi, arriv\u00e9 \u00e0 Conakry pour l\u2019occasion.<\/p>\n<p>Mais au pr\u00e9alable, le Premier Ministre accompagn\u00e9 des trois facilitatrices a sillonn\u00e9 plus de 36 si\u00e8ges des partis politiques, des organisations de la soci\u00e9t\u00e9 civile, une premi\u00e8re en Guin\u00e9e pour les inviter \u00e0 rejoindre le cadre de dialogue qui est cr\u00e9\u00e9. Le r\u00e9sultat est probant, 45 r\u00e9solutions ont \u00e9t\u00e9 formul\u00e9es par les participants et son en cours d\u2019ex\u00e9cution. Comme lors des Assises nationales de mars 2022, puis durant le Cadre de concertation le mois suivant, les principaux partis n\u2019ont pas r\u00e9pondu \u00e0 l\u2019invitation des autorit\u00e9s : ni le Rassemblement du peuple de Guin\u00e9e (RPG arc-en-ciel) d\u2019Alpha Cond\u00e9, ni l\u2019Union des forces d\u00e9mocratiques de Guin\u00e9e (UFDG) que dirige Cellou Dalein Diallo ou encore l\u2019Union des forces (UFR) de Sidya Tour\u00e9 ne seront pr\u00e9sents.<\/p>\n<p>Le r\u00e9sistant, le constant jeune Premier Ministre, Dr, Bernard Goumou a alors ouvert des pourparlers avec ces derniers r\u00e9unis sous le pseudonyme de Forces Vives de Guin\u00e9e (FVG) qui aboutiront au respect de ses engagements par la lev\u00e9e du contr\u00f4le judiciaire et l&rsquo;acc\u00e9l\u00e9ration des proc\u00e9dures judiciaires, notamment le jugement de Fonik\u00e9 Mengu\u00e8. Malgr\u00e9 ces efforts de bonne volont\u00e9, les FVG ont maintenu leur position.<\/p>\n<p>Ceux parmi eux qui ont compris la valeur de la parole donn\u00e9e et de l\u2019effort fourni par le Premier Ministre, ont rompu les rangs et ont rejoint le cadre de dialogue. C\u2019est l\u2019aboutissement de la pers\u00e9v\u00e9rance d\u2019un homme, qui garde toujours sa main tendue. Sur le plan infrastructure, rappelons ici c\u2019est la premi\u00e8re fois qu\u2019un gouvernement de la r\u00e9publique de Guin\u00e9e alloue 43% du budget national \u00e0 l\u2019infrastructure. Une volont\u00e9 de reb\u00e2tir la cit\u00e9. En moins de deux ans tout le pays est en chantier, la voirie urbaine totalement restaur\u00e9e, des routes interurbaines reconstruites, des d\u00e9partements minist\u00e9riels reconstruits d\u2019autres r\u00e9nov\u00e9es, des logements sociaux construits , en cours de construction des \u00e9coles de haute technologie, la cit\u00e9 minist\u00e9rielle et autres.<\/p>\n<p>Ce changement brusque de l\u2019environnement a pouss\u00e9 un observateur avis\u00e9 \u00e0 d\u00e9clarer : \u00ab si la Guin\u00e9e avait pris cette allure il y a au moins dix ans avant, nous n\u2019en seront pas l\u00e0 \u00bb<\/p>\n<p>Il n\u2019est pas \u00e0 rappeler ici que c\u2019est le Jeune Premier Ministre, Dr Bernard Goumou qui a lanc\u00e9 les travaux de construction des a\u00e9rodromes dans les quatre r\u00e9gions sans oublier les travaux de r\u00e9novation de l\u2019a\u00e9roport international Ahmed Sekou Tour\u00e9 qui placera la Guin\u00e9e en deuxi\u00e8me position dans la sous-r\u00e9gion au niveau du trafic a\u00e9rien. En douze mois, cet homme d\u2019affaires sous l\u2019impulsion du Pr\u00e9sident de la Transition, le Colonel Mamadi Doumbouya impose sa touche sp\u00e9ciale \u00e0 la gestion de la transition.<\/p>\n","protected":false},"excerpt":{"rendered":"<p>Le Premier Ministre, Dr Bernard Goumou, s\u2019impose dans l\u2019ar\u00e8ne Politique C\u2019\u00e9tait le 20 ao\u00fbt 2022, \u00e0 20h 32mn 07s, le nom de Dr Bernard Goumou fut annonc\u00e9 comme Premier Ministre, Chef du Gouvernement de la R\u00e9publique de Guin\u00e9e au journal du soir de la t\u00e9l\u00e9vision nationale par un d\u00e9cret sign\u00e9 par le Colonel Mamadi Doumbouya, [&hellip;]<\/p>\n","protected":false},"author":2,"featured_media":22496,"comment_status":"closed","ping_status":"closed","sticky":false,"template":"","format":"standard","meta":{"_jetpack_memberships_contains_paid_content":false,"footnotes":""},"categories":[5],"tags":[],"class_list":["post-22495","post","type-post","status-publish","format-standard","has-post-thumbnail","hentry","category-politique"],"jetpack_featured_media_url":"https:\/\/i0.wp.com\/liberationinfo.com\/wp-content\/uploads\/2023\/08\/IMG-20230824-WA0017.jpg?fit=527%2C378&ssl=1","jetpack-related-posts":[],"jetpack_sharing_enabled":true,"_links":{"self":[{"href":"https:\/\/liberationinfo.com\/index.php\/wp-json\/wp\/v2\/posts\/22495","targetHints":{"allow":["GET"]}}],"collection":[{"href":"https:\/\/liberationinfo.com\/index.php\/wp-json\/wp\/v2\/posts"}],"about":[{"href":"https:\/\/liberationinfo.com\/index.php\/wp-json\/wp\/v2\/types\/post"}],"author":[{"embeddable":true,"href":"https:\/\/liberationinfo.com\/index.php\/wp-json\/wp\/v2\/users\/2"}],"replies":[{"embeddable":true,"href":"https:\/\/liberationinfo.com\/index.php\/wp-json\/wp\/v2\/comments?post=22495"}],"version-history":[{"count":0,"href":"https:\/\/liberationinfo.com\/index.php\/wp-json\/wp\/v2\/posts\/22495\/revisions"}],"wp:featuredmedia":[{"embeddable":true,"href":"https:\/\/liberationinfo.com\/index.php\/wp-json\/wp\/v2\/media\/22496"}],"wp:attachment":[{"href":"https:\/\/liberationinfo.com\/index.php\/wp-json\/wp\/v2\/media?parent=22495"}],"wp:term":[{"taxonomy":"category","embeddable":true,"href":"https:\/\/liberationinfo.com\/index.php\/wp-json\/wp\/v2\/categories?post=22495"},{"taxonomy":"post_tag","embeddable":true,"href":"https:\/\/liberationinfo.com\/index.php\/wp-json\/wp\/v2\/tags?post=22495"}],"curies":[{"name":"wp","href":"https:\/\/api.w.org\/{rel}","templated":true}]}}