{"id":22393,"date":"2023-08-20T08:55:07","date_gmt":"2023-08-20T08:55:07","guid":{"rendered":"https:\/\/liberationinfo.com\/?p=22393"},"modified":"2023-08-20T08:55:07","modified_gmt":"2023-08-20T08:55:07","slug":"niger-le-general-tiani-assure-que-la-transition-ne-saurait-aller-au-dela-de-trois-ans","status":"publish","type":"post","link":"https:\/\/liberationinfo.com\/index.php\/niger-le-general-tiani-assure-que-la-transition-ne-saurait-aller-au-dela-de-trois-ans\/","title":{"rendered":"Niger: le g\u00e9n\u00e9ral Tiani assure que la transition \u00ab ne saurait aller au-del\u00e0 de trois ans \u00bb"},"content":{"rendered":"<div class=\"jeg_ad jeg_article jnews_article_top_ads\">\n<div class=\"ads-wrapper \">\n<div class=\"ads_code\"><ins class=\"adsbygoogle\" data-ad-client=\"ca-pub-1870189416508001\" data-ad-slot=\"5141807392\" data-ad-format=\"auto\" data-full-width-responsive=\"true\" data-adsbygoogle-status=\"done\" data-ad-status=\"unfilled\"><\/p>\n<div id=\"aswift_0_host\"><\/div>\n<p><\/ins><\/div>\n<\/div>\n<\/div>\n<div class=\"row\">\n<div class=\"jeg_main_content col-md-8\">\n<div class=\"jeg_inner_content\">\n<div class=\"entry-header\">\n<h2 class=\"jeg_post_subtitle\">Dans une adresse \u00e0 la nation prononc\u00e9e sur la t\u00e9l\u00e9vision publique nig\u00e9rienne T\u00e9l\u00e9 Sahel, Abdourahamane Tiani, chef de la junte, a annonc\u00e9 que la transition \u00ab ne saurait aller au-del\u00e0 de trois ans \u00bb et annonc\u00e9 la mise en place d&rsquo;un \u00ab dialogue national inclusif \u00bb dans un d\u00e9lai de 30 jours<\/h2>\n<\/div>\n<div class=\"jeg_share_top_container\">\n<div class=\"jeg_share_button clearfix\">\n<div class=\"jeg_sharelist\"><\/div>\n<\/div>\n<\/div>\n<div class=\"jeg_ad jeg_article jnews_content_top_ads \">\n<div class=\"ads-wrapper \"><\/div>\n<\/div>\n<div class=\"entry-content no-share\">\n<div class=\"jeg_share_button share-float jeg_sticky_share clearfix share-monocrhome\">\n<div class=\"jeg_share_float_container\"><\/div>\n<\/div>\n<div class=\"content-inner \">\n<p>Alors que les chefs d\u2019\u00e9tat-major de la C\u00e9d\u00e9ao<strong><a href=\"https:\/\/www.rfi.fr\/fr\/afrique\/20230818-niger-le-jour-j-d-une-potentielle-intervention-arm%C3%A9e-a-%C3%A9t%C3%A9-d%C3%A9cid%C3%A9-selon-un-commissaire-de-la-c%C3%A9d%C3%A9ao\" target=\"_self\">se disent pr\u00eats \u00e0 intervenir militairement au Niger<\/a><\/strong>, le g\u00e9n\u00e9ral Tiani, \u00e0 la t\u00eate de la junte militaire qui a renvers\u00e9 le pr\u00e9sident Bazoum le 26 juillet, a pris la parole ce samedi 19 ao\u00fbt \u00e0 la t\u00e9l\u00e9vision nig\u00e9rienne.<\/p>\n<p>\u00ab<em>La C\u00e9d\u00e9ao s\u2019appr\u00eate \u00e0 agresser le Niger en mettant sur pied une arm\u00e9e d\u2019occupation en collaboration avec une arm\u00e9e \u00e9trang\u00e8re<\/em>\u00bb, a poursuivi le g\u00e9n\u00e9ral Tiani sans citer de pays. \u00ab<em>Ni le Conseil national pour la sauvegarde de la patrie, ni le peuple nig\u00e9rien ne veulent d\u2019une guerre<\/em>\u00bb, \u00ab<em>mais si une agression devait \u00eatre entreprise, elle ne sera pas la promenade de sant\u00e9 \u00e0 laquelle certains croient<\/em>\u00bb, a-t-il pr\u00e9venu\u00a0: \u00ab<em>les forces de d\u00e9fense<\/em>\u00bb nig\u00e9riennes \u00ab<em>ne se d\u00e9roberont pas<\/em>\u00bb, soutenues par le Burkina Faso, le Mali et la Guin\u00e9e, a-t-il dit. \u00ab<em>Notre ambition n\u2019est pas de confisquer le pouvoir<\/em>\u00bb, a-t-il \u00e9galement promis.<\/p>\n<p>Pour cela, l\u2019homme fort de Niamey convoque un dialogue national inclusif conviant toutes \u00ab<em>les forces vives de la nation<\/em>\u00bb. \u00ab<em>Le gouvernement est d\u00e9j\u00e0 instruit<\/em>\u00bb pour le mettre en place \u00ab<em>dans un d\u00e9lai de 30 jours<\/em>\u00bb. Objectif : formuler des \u00ab<em>propositions concr\u00e8tes<\/em>\u00bb en vue de poser \u00ab<em>les fondements d\u2019une nouvelle vie constitutionnelle<\/em>\u00bb. La transition \u00ab<em>ne saurait aller au-del\u00e0 de trois ans<\/em>\u00bb, a-t-il assur\u00e9.<\/p>\n<p>En pr\u00e9sentant sa feuille de route, le g\u00e9n\u00e9ral Tiani cherche donc \u00e0 tout prix \u00e0 tourner la page Mohamed Bazoum. C\u2019est notamment pourquoi, il se dit en m\u00eame temps pr\u00eat au dialogue, il peut donc faire des concessions, pourvu qu\u2019on le laisse occuper un moment le fauteuil pr\u00e9sidentiel, estime notre correspondant r\u00e9gional,<strong>Serge Daniel<\/strong>. En retour, il pourrait par exemple lib\u00e9rer le pr\u00e9sident renvers\u00e9 qui vit selon ses proches dans une maison sans \u00e9lectricit\u00e9. Mais le discours du chef de la junte nig\u00e9rienne a pour but de galvaniser ses partisans, et les ind\u00e9cis.<\/p>\n<p>L\u2019homme qui s\u2019est auto-proclam\u00e9 pr\u00e9sident du Conseil national pour la sauvegarde de la patrie s\u2019adresse \u00e9galement dans son discours au monde ext\u00e9rieur. Le g\u00e9n\u00e9ral Tiani sait que les Am\u00e9ricains \u2013\u00a0pour le moment\u00a0\u2013 ne veulent pas entendre parler d\u2019intervention militaire au Niger et il s\u2019engouffre dans la br\u00e8che et menace.<\/p>\n<p>L\u2019officier a de nouveau d\u00e9nonc\u00e9 des \u00ab<em>sanctions d\u2019une ampleur sans pr\u00e9c\u00e9dent<\/em>\u00bb, \u00ab<em>ill\u00e9gales<\/em>\u00bb et \u00ab<em>inhumaines<\/em>\u00bb de l\u2019organisation ouest-africaine, qui \u00ab<em>visent \u00e0 nous priver de ressources financi\u00e8res indispensables<\/em>\u00bb et \u00e0 \u00ab<em>entraver notre vie quotidienne<\/em>\u00bb.<\/p>\n<p>&nbsp;<\/p>\n<p><strong>RFI<\/strong><\/p>\n<\/div>\n<\/div>\n<\/div>\n<\/div>\n<\/div>\n","protected":false},"excerpt":{"rendered":"<p>Dans une adresse \u00e0 la nation prononc\u00e9e sur la t\u00e9l\u00e9vision publique nig\u00e9rienne T\u00e9l\u00e9 Sahel, Abdourahamane Tiani, chef de la junte, a annonc\u00e9 que la transition \u00ab ne saurait aller au-del\u00e0 de trois ans \u00bb et annonc\u00e9 la mise en place d&rsquo;un \u00ab dialogue national inclusif \u00bb dans un d\u00e9lai de 30 jours Alors que les [&hellip;]<\/p>\n","protected":false},"author":2,"featured_media":22394,"comment_status":"closed","ping_status":"closed","sticky":false,"template":"","format":"standard","meta":{"_jetpack_memberships_contains_paid_content":false,"footnotes":""},"categories":[32,5],"tags":[],"class_list":["post-22393","post","type-post","status-publish","format-standard","has-post-thumbnail","hentry","category-monde","category-politique"],"jetpack_featured_media_url":"https:\/\/i0.wp.com\/liberationinfo.com\/wp-content\/uploads\/2023\/08\/General-Tiani-chef-de-la-junte-nigerienne.jpg?fit=700%2C369&ssl=1","jetpack-related-posts":[],"jetpack_sharing_enabled":true,"_links":{"self":[{"href":"https:\/\/liberationinfo.com\/index.php\/wp-json\/wp\/v2\/posts\/22393","targetHints":{"allow":["GET"]}}],"collection":[{"href":"https:\/\/liberationinfo.com\/index.php\/wp-json\/wp\/v2\/posts"}],"about":[{"href":"https:\/\/liberationinfo.com\/index.php\/wp-json\/wp\/v2\/types\/post"}],"author":[{"embeddable":true,"href":"https:\/\/liberationinfo.com\/index.php\/wp-json\/wp\/v2\/users\/2"}],"replies":[{"embeddable":true,"href":"https:\/\/liberationinfo.com\/index.php\/wp-json\/wp\/v2\/comments?post=22393"}],"version-history":[{"count":0,"href":"https:\/\/liberationinfo.com\/index.php\/wp-json\/wp\/v2\/posts\/22393\/revisions"}],"wp:featuredmedia":[{"embeddable":true,"href":"https:\/\/liberationinfo.com\/index.php\/wp-json\/wp\/v2\/media\/22394"}],"wp:attachment":[{"href":"https:\/\/liberationinfo.com\/index.php\/wp-json\/wp\/v2\/media?parent=22393"}],"wp:term":[{"taxonomy":"category","embeddable":true,"href":"https:\/\/liberationinfo.com\/index.php\/wp-json\/wp\/v2\/categories?post=22393"},{"taxonomy":"post_tag","embeddable":true,"href":"https:\/\/liberationinfo.com\/index.php\/wp-json\/wp\/v2\/tags?post=22393"}],"curies":[{"name":"wp","href":"https:\/\/api.w.org\/{rel}","templated":true}]}}