{"id":22308,"date":"2023-08-12T07:03:02","date_gmt":"2023-08-12T07:03:02","guid":{"rendered":"https:\/\/liberationinfo.com\/?p=22308"},"modified":"2023-08-12T07:03:02","modified_gmt":"2023-08-12T07:03:02","slug":"coup-detat-au-niger-la-reunion-des-chefs-detat-major-de-la-cedeao-prevue-samedi-est-reportee","status":"publish","type":"post","link":"https:\/\/liberationinfo.com\/index.php\/coup-detat-au-niger-la-reunion-des-chefs-detat-major-de-la-cedeao-prevue-samedi-est-reportee\/","title":{"rendered":"Coup d\u2019\u00c9tat au Niger: la r\u00e9union des chefs d\u2019\u00e9tat-major de la C\u00e9d\u00e9ao pr\u00e9vue samedi est report\u00e9e"},"content":{"rendered":"<nav class=\"bf-breadcrumb clearfix bc-top-style\" role=\"navigation\" aria-label=\"Breadcrumbs\">\n<div class=\"container bf-breadcrumb-container\">\n<p>&nbsp;<\/p>\n<\/div>\n<\/nav>\n<div class=\"content-wrap\"><main id=\"content\" class=\"content-container\"><\/p>\n<div class=\"container layout-2-col layout-2-col-1 layout-right-sidebar layout-bc-before post-template-1\">\n<div class=\"row main-section\">\n<div class=\"col-sm-8 content-column\">\n<div class=\"single-container\">\n<article id=\"post-7816\" class=\"post-7816 post type-post status-publish format-standard has-post-thumbnail  category-afrique single-post-content has-thumbnail\">\n<div class=\"entry-content clearfix single-post-content\">\n<p><strong>Les chefs d\u2019\u00e9tat-major des arm\u00e9es des pays de la C\u00e9d\u00e9ao devaient se retrouver ce samedi \u00e0 Accra pour travailler sur la r\u00e9activation et le d\u00e9ploiement de la force d\u2019attente de la C\u00e9d\u00e9ao au Niger. La r\u00e9union est finalement report\u00e9e pour des \u00ab raisons techniques \u00bb.<\/strong><\/p>\n<p>Finalement, les chefs d\u2019\u00e9tat-major de la\u00a0<a href=\"https:\/\/www.rfi.fr\/fr\/tag\/c%C3%A9d%C3%A9ao\/\">C\u00e9d\u00e9ao<\/a>\u00a0ne se verront pas comme pr\u00e9vu ce samedi \u00e0 Accra pour cause de \u00ab\u00a0<em>raisons techniques\u00a0<\/em>\u00bb. Certaines d\u00e9l\u00e9gations ont des difficult\u00e9s pour rallier dans les temps la capitale ghan\u00e9enne car les vols commerciaux propos\u00e9s ne correspondent pas toujours au trajet souhait\u00e9.<\/p>\n<p>Les chefs d\u2019\u00e9tat-major devaient se r\u00e9unir afin de mettre en place le d\u00e9ploiement de \u00ab\u00a0la force en attente\u00a0\u00bb de la communaut\u00e9 ouest-africaine pour la restauration de l\u2019ordre constitutionnel au Niger, d\u00e9cid\u00e9 par l\u2019organisation sous-r\u00e9gionale lors du sommet d\u2019Abuja du 10 ao\u00fbt.<\/p>\n<p>De bonnes sources, la r\u00e9union physique devrait avoir lieu en d\u00e9but de semaine prochaine. La date reste \u00e0 \u00eatre pr\u00e9cis\u00e9e et confirm\u00e9e, mais cela ne devrait pas retarder le processus de r\u00e9activation de la force d\u2019attente.<\/p>\n<p>Les chefs d\u2019\u00e9tat-major du\u00a0<a href=\"https:\/\/www.rfi.fr\/fr\/tag\/b%C3%A9nin\/\">B\u00e9nin<\/a>, de C\u00f4te d\u2019Ivoire du\u00a0<a href=\"https:\/\/www.rfi.fr\/fr\/tag\/ghana\/\">Ghana<\/a>\u00a0et du\u00a0<a href=\"https:\/\/www.rfi.fr\/fr\/tag\/nigeria\/\">Nigeria<\/a>\u00a0ont eu des s\u00e9ances de travail ce vendredi, certains se sont vus, d\u2019autres ont tenu des r\u00e9unions virtuelles. Selon nos informations, les effectifs de la force \u00e9voluent avec l\u2019annonce de nouveaux pays contributeurs de troupes comme la\u00a0<strong><a href=\"https:\/\/www.rfi.fr\/fr\/tag\/guin%C3%A9e-bissau\/\">Guin\u00e9e-Bissau<\/a>.<\/strong><\/p>\n<div class=\"bs-irp center bs-irp-text-2-full\">\n<div class=\"bs-pagination-wrapper main-term-none none \">\n<div class=\"listing listing-text listing-text-2 clearfix columns-2\">\n<div class=\"post-7792 type-post format-standard has-post-thumbnail   listing-item listing-item-text listing-item-text-2 main-term-25\">\n<div class=\"item-inner\">\n<p class=\"title\">\n<\/div>\n<\/div>\n<\/div>\n<\/div>\n<\/div>\n<p>On apprend aussi que les pays engageront leurs troupes sur fonds propres. L\u2019ivoirien Allassane Ouattara l\u2019a laiss\u00e9 entendre \u00e0 la fin du sommet d\u2019Abuja en d\u00e9clarant que \u00ab<em>\u00a0les provisions budg\u00e9taires seront faites pour que nos forces et nos officiers qui participent \u00e0 cette op\u00e9ration de r\u00e9tablissement de l\u2019ordre constitutionnel au\u00a0<a href=\"https:\/\/www.rfi.fr\/fr\/tag\/niger\/\">Niger<\/a>\u00a0ne manquent de rien\u00a0<\/em>\u00bb.<\/p>\n<p>&nbsp;<\/p>\n<p><strong>Source : rfi<\/strong><\/p>\n<\/div>\n<\/article>\n<\/div>\n<\/div>\n<\/div>\n<\/div>\n<p><\/main><\/div>\n","protected":false},"excerpt":{"rendered":"<p>&nbsp; Les chefs d\u2019\u00e9tat-major des arm\u00e9es des pays de la C\u00e9d\u00e9ao devaient se retrouver ce samedi \u00e0 Accra pour travailler sur la r\u00e9activation et le d\u00e9ploiement de la force d\u2019attente de la C\u00e9d\u00e9ao au Niger. La r\u00e9union est finalement report\u00e9e pour des \u00ab raisons techniques \u00bb. Finalement, les chefs d\u2019\u00e9tat-major de la\u00a0C\u00e9d\u00e9ao\u00a0ne se verront pas [&hellip;]<\/p>\n","protected":false},"author":2,"featured_media":22309,"comment_status":"closed","ping_status":"closed","sticky":false,"template":"","format":"standard","meta":{"_jetpack_memberships_contains_paid_content":false,"footnotes":""},"categories":[32,5],"tags":[],"class_list":["post-22308","post","type-post","status-publish","format-standard","has-post-thumbnail","hentry","category-monde","category-politique"],"jetpack_featured_media_url":"https:\/\/i0.wp.com\/liberationinfo.com\/wp-content\/uploads\/2023\/08\/CEDE.webp?fit=980%2C551&ssl=1","jetpack-related-posts":[],"jetpack_sharing_enabled":true,"_links":{"self":[{"href":"https:\/\/liberationinfo.com\/index.php\/wp-json\/wp\/v2\/posts\/22308","targetHints":{"allow":["GET"]}}],"collection":[{"href":"https:\/\/liberationinfo.com\/index.php\/wp-json\/wp\/v2\/posts"}],"about":[{"href":"https:\/\/liberationinfo.com\/index.php\/wp-json\/wp\/v2\/types\/post"}],"author":[{"embeddable":true,"href":"https:\/\/liberationinfo.com\/index.php\/wp-json\/wp\/v2\/users\/2"}],"replies":[{"embeddable":true,"href":"https:\/\/liberationinfo.com\/index.php\/wp-json\/wp\/v2\/comments?post=22308"}],"version-history":[{"count":0,"href":"https:\/\/liberationinfo.com\/index.php\/wp-json\/wp\/v2\/posts\/22308\/revisions"}],"wp:featuredmedia":[{"embeddable":true,"href":"https:\/\/liberationinfo.com\/index.php\/wp-json\/wp\/v2\/media\/22309"}],"wp:attachment":[{"href":"https:\/\/liberationinfo.com\/index.php\/wp-json\/wp\/v2\/media?parent=22308"}],"wp:term":[{"taxonomy":"category","embeddable":true,"href":"https:\/\/liberationinfo.com\/index.php\/wp-json\/wp\/v2\/categories?post=22308"},{"taxonomy":"post_tag","embeddable":true,"href":"https:\/\/liberationinfo.com\/index.php\/wp-json\/wp\/v2\/tags?post=22308"}],"curies":[{"name":"wp","href":"https:\/\/api.w.org\/{rel}","templated":true}]}}