{"id":21548,"date":"2023-06-07T12:25:29","date_gmt":"2023-06-07T12:25:29","guid":{"rendered":"https:\/\/liberationinfo.com\/?p=21548"},"modified":"2023-06-07T12:25:29","modified_gmt":"2023-06-07T12:25:29","slug":"ousmane-sonko-menace-t-il-la-pax-franca-au-senegal-youssouf-sylla","status":"publish","type":"post","link":"https:\/\/liberationinfo.com\/index.php\/ousmane-sonko-menace-t-il-la-pax-franca-au-senegal-youssouf-sylla\/","title":{"rendered":"Ousmane Sonko menace-t-il\u00a0la \u00ab\u00a0Pax Franca\u00a0\u00bb au S\u00e9n\u00e9gal\u00a0? [Youssouf Sylla]"},"content":{"rendered":"<nav class=\"bf-breadcrumb clearfix bc-top-style\" role=\"navigation\" aria-label=\"Breadcrumbs\">\n<div class=\"container bf-breadcrumb-container\">\n<p>&nbsp;<\/p>\n<\/div>\n<\/nav>\n<div class=\"content-wrap\"><main id=\"content\" class=\"content-container\"><\/p>\n<div class=\"container layout-2-col layout-2-col-1 layout-right-sidebar layout-bc-before post-template-1\">\n<div class=\"row main-section\">\n<div class=\"col-sm-8 content-column\">\n<div class=\"single-container\">\n<article id=\"post-3267\" class=\"post-3267 post type-post status-publish format-standard has-post-thumbnail  category-a-la-une single-post-content has-thumbnail\">\n<div class=\"post-header post-tp-1-header\">\n<div class=\"single-featured\"><\/div>\n<\/div>\n<div class=\"entry-content clearfix single-post-content\">\n<p>Un autre enjeu du bras de fer entre Macky Sall et son redoutable opposant Ousmane Sonko r\u00e9side \u00e9galement dans la place qui devrait \u00eatre celle du S\u00e9n\u00e9gal dans le dispositif g\u00e9opolitique et strat\u00e9gique de la France dans une sous-r\u00e9gion frapp\u00e9e depuis quelques ann\u00e9es par un ouragan de remise en cause du leadership fran\u00e7ais. Si l\u2019 \u00ab ordre fran\u00e7ais \u00bb dans ses zones d\u2019influence en Afrique francophone, un ordre qualifi\u00e9 de par Stephen Smith et Antoine Glaser de \u00ab Pax Franca \u00bb, et par d\u2019autres, de \u00ab Pax Gallica \u00bb, n\u2019a jamais \u00e9t\u00e9 aussi menac\u00e9 qu\u2019il l\u2019est maintenant, qu\u2019en est-il alors de sa survie au S\u00e9n\u00e9gal, pays sculpt\u00e9 dans sa modernit\u00e9 \u00e0 l\u2019image de la France, par le Pr\u00e9sident-po\u00e8te, Leopold S\u00e9dar Senghor, un \u00ab fou \u00bb amoureux de la culture fran\u00e7aise ? Avec le Pr\u00e9sident Macky Sall, la France, en r\u00e9alit\u00e9, ne craint pas grand-chose, m\u00eame si derni\u00e8rement, au d\u00e9but de la crise Russo-Ukrainienne, le S\u00e9n\u00e9gal sous son magist\u00e8re, s\u2019est abstenu, contrairement aux v\u0153ux d\u2019Emmanuel Macron, de condamner la Russie. \u00c0 part ce type d\u2019\u00e9pisodes, d\u2019une extr\u00eame raret\u00e9, les relations franco-s\u00e9n\u00e9galaises post-coloniales se portent \u00e0 merveilles depuis le 4 avril 1960, date d\u2019accession du S\u00e9n\u00e9gal \u00e0 l\u2019ind\u00e9pendance. De Senghor \u00e0 Macky Sall, en passant par Abdoul Diouf et Abdoulaye Wade, tout marche comme sur des roulettes entre les deux pays.<\/p>\n<p>Sonko, sur les traces de Mamadou Dia<\/p>\n<p>S\u2019il y a aujourd\u2019hui une certaine crainte pour la survie de la \u00ab\u00a0Pax Franca\u00a0\u00bb au S\u00e9n\u00e9gal, elle vient vraisemblablement du discours anti-syst\u00e8me d\u2019Ousmane Sonko, et de son projet de \u00ab\u00a0r\u00e9\u00e9quilibrer\u00a0\u00bb les relations Franco-S\u00e9n\u00e9galaises. Radi\u00e9 en 2016 par un d\u00e9cret pr\u00e9sidentiel\u00a0des effectifs de la fonction publique pour \u00ab\u00a0manquement au devoir de r\u00e9serve\u00a0\u00bb,\u00a0ce jeune prodige de la politique S\u00e9n\u00e9galaise r\u00e9ussira \u00e0 s\u00e9duire la jeunesse de son pays, et \u00e0 attirer l\u2019attention de la jeunesse africaine, par la s\u00e9v\u00e9rit\u00e9 de ses critiques envers le syst\u00e8me incarn\u00e9 par Macky Sall, et par la publication en 2018, d\u2019un livre\u00a0jug\u00e9 offensant par le clan de Macky Sall:\u00a0\u00ab\u2009P\u00e9trole et gaz au S\u00e9n\u00e9gal, chronique d\u2019une spoliation\u2009\u00bb.\u00a0Un an avant son livre, en 2017, il s\u2019\u00e9tait fait \u00e9lire comme d\u00e9put\u00e9 \u00e0 l\u2019Assembl\u00e9e nationale sous la banni\u00e8re d\u2019un parti politique, le Patriote du S\u00e9n\u00e9gal pour le Travail, l\u2019Ethique et la Fraternit\u00e9 (PASTEF).\u00a0\u00a0En 2019, il arrive 3e\u00a0dans la course pour la pr\u00e9sidentielle qui a propuls\u00e9 Macky Sall \u00e0 la t\u00eate de l\u2019Etat. Telle est la fulgurante ascension d\u2019un jeune cadre de l\u2019administration publique, jusque-l\u00e0, inconnu dans l\u2019establishment. Et lorsqu\u2019il signait son D\u00e9cret de radiation de la fonction publique, Macky Sall ne s\u2019imaginait pas un seul\u00a0instant qu\u2019il venait de lancer Ousmane Sonko dans l\u2019aventure pour la conqu\u00eate de son propre fauteuil.<br \/>\nDans sa rh\u00e9torique, Sonko ne s\u2019en prend pas seulement \u00e0 Macky Sall. La France est aussi dans son collimateur. Comme Mamadou Dia (Premier ministre du Pr\u00e9sident Senghor) en son temps, Sonko d\u00e9nonce aujourd\u2019hui l\u2019emprise de Paris sur son pays et le FCFA, cette monnaie qui symbolise \u00e0 ses yeux, la perp\u00e9tuation du lien colonial entre la France et une partie de l\u2019Afrique. M\u00eame s\u2019il n\u2019accuse pas la France d\u2019\u00eatre \u00e0 l\u2019origine de tous les maux de son pays, il formule le v\u0153u qu\u2019elle prenne ses distances par rapport aux affaires internes du S\u00e9n\u00e9gal.\u00a0\u00ab\u2009Il est temps que la France l\u00e8ve son genou de notre cou, qu\u2019elle nous foute la paix\u2009\u00bb,\u00a0disait-il en 2021. Partisan d\u2019une relation \u00e9quilibr\u00e9e entre la France et le S\u00e9n\u00e9gal, il estime qu\u2019il convient de\u00a0\u00ab\u2009(\u2026)\u00a0poser la question simplement de mani\u00e8re g\u00e9n\u00e9rale en termes de relations \u00e9quilibr\u00e9es avec nos partenaires.\u2009\u00bb.\u00a0Dans les moments glorieux de la Fran\u00e7afrique, tout perturbateur\u00a0de la \u00ab\u00a0Pax Franca\u00a0\u00bb\u00a0dans une ancienne colonie fran\u00e7aise aurait vu son cas faire l\u2019objet d\u2019un traitement exemplaire pour les autres. Pour se limiter au S\u00e9n\u00e9gal, on se rappelle que Mamadou Dia a \u00e9t\u00e9 neutralis\u00e9 par Senghor avec la b\u00e9n\u00e9diction de Foccart, \u00e0 cause de ses \u00e9normes projets de r\u00e9forme qui contrariaient les int\u00e9r\u00eats de la France au S\u00e9n\u00e9gal. Mais aujourd\u2019hui, le temps faisant son \u0153uvre, la jurisprudence \u00ab\u00a0Dia\u00a0\u00bb peut-elle \u00eatre appliqu\u00e9e \u00e0 \u00ab\u00a0Sonko\u00a0\u00bb sans que rien n\u2019en sorte\u00a0? Seule l\u2019\u00e9volution de la situation, en cours, au S\u00e9n\u00e9gal donnera des r\u00e9ponses \u00e0 cette question.<\/p>\n<p>Choix corn\u00e9lien\u00a0de la France<\/p>\n<p>La question qui pourrait \u00e9ventuellement se poser \u00e0 la diplomatie fran\u00e7aise dans cette crise est de savoir si Paris sera favorable au projet de 3e\u00a0mandat de l\u2019\u00a0\u00ab\u00a0ami\u00a0\u00bb Macky, ou si, dans le cas contraire,\u00a0 elle portera son choix sur la d\u00e9fense des valeurs de d\u00e9mocratie et de non-discrimination entre les diff\u00e9rents candidats dans le cadre de l\u2019\u00e9lection pr\u00e9sidentielle, pr\u00e9vue en 2024\u00a0?<\/p>\n<p>Option\u00b01 :\u00a0 non objection sur le projet de Macky Sall<\/p>\n<p>C\u2019est une option qui laisse Macky Sall, comme c\u2019est le cas maintenant, \u00e9voluer dans la fermet\u00e9 vis-\u00e0-vis de l\u2019opposition en vue d\u2019atteindre deux objectifs : aller au bout de son projet de 3e\u00a0mandat, c\u2019est du d\u00e9j\u00e0 vu avec Wade, et mettre hors d\u2019\u00e9tat de nuire, Ousmane Sonko, le perturbateur de la \u00ab\u00a0Pax Franca\u00a0\u00bb au S\u00e9n\u00e9gal, notamment par l\u2019ex\u00e9cution de sa peine de prison.\u00a0\u00a0La mise en \u0153uvre de cette option fera in\u00e9vitablement penser au retour des d\u00e9mons de la Fran\u00e7afrique. Ce sera aussi la preuve que la France est pr\u00eate \u00e0 tout pour ne pas perdre son influence dans un pays strat\u00e9gique pour \u00ab\u00a0ses int\u00e9r\u00eats\u00a0\u00bb dans une sous-r\u00e9gion, o\u00f9 elle voit d\u2019autres puissances, comme la Chine et la Russie, lui ravir la vedette.<br \/>\nSi cette option a l\u2019avantage de pr\u00e9server par tous les moyens les int\u00e9r\u00eats de la France au S\u00e9n\u00e9gal, elle pr\u00e9sente cependant deux risques. Le premier est d\u2019une part, le raidissement des positions de la jeunesse S\u00e9n\u00e9galaise contre le paternalisme Fran\u00e7ais, et d\u2019autre part, l\u2019appel, comme au Mali et au Burkina Faso, \u00e0 des puissances de substitution. Le second risque est l\u2019exacerbation des tensions entre le pouvoir et l\u2019opposition autour du projet de l\u2019\u00e9ventuel 3e mandat de Macky, susceptible de fragiliser le tissu social, et d\u2019engager le S\u00e9n\u00e9gal dans un impr\u00e9visible\u00a0cycle de violences.<\/p>\n<p>Option\u00b02\u00a0: pression sur Macky Sall pour desserrer l\u2019\u00e9tau<\/p>\n<p>Pour Paris, cette option commande d\u2019inciter Macky Sall dans un langage clair, \u00e0 faire baisser la tension par\u00a0l\u2019arr\u00eat du harc\u00e8lement judiciaire de ses opposants au S\u00e9n\u00e9gal et ailleurs, le lancement d\u2019un dialogue inclusif, l\u2019ouverture du terrain politique \u00e0 tous, et l\u2019abandon de\u00a0son projet de 3e\u00a0mandat, source de tous les maux.<br \/>\nLe premier avantage de cette option est l\u2019ouverture de la pr\u00e9sidentielle de 2024 \u00e0 tout le monde, y compris aux candidats qui ne sont pas du go\u00fbt de Paris.\u00a0Son deuxi\u00e8me avantage est de pr\u00e9parer le terrain \u00e0 l\u2019apr\u00e8s Macky Sall, et de se r\u00e9soudre \u00e0 coop\u00e9rer dans le respect mutuel, avec le ou la prochain (e) pr\u00e9sident (e) du S\u00e9n\u00e9gal, m\u00eame s\u2019il s\u2019agit de Sonko, dont on redoute, peut-\u00eatre, avec exag\u00e9ration, le projet de \u00ab\u00a0r\u00e9\u00e9quilibrage\u00a0\u00bb et non de rupture des relations Franco-S\u00e9n\u00e9galaises.\u00a0M\u00eame \u00e9lu, il est difficile de l\u2019imaginer sur \u00ab\u00a0coup de t\u00eate\u00a0\u00bb remettre \u00e0 plat ces relations, profondes et complexes. En effet, le discours de campagne de n\u2019importe quel leader politique, qui peut aller dans tous les sens pour capter l\u2019\u00e9lectorat, est souvent diff\u00e8rent du discours d\u2019exercice du pouvoir.\u00a0Qu\u2019il s\u2019agisse de Sonko ou pas,\u00a0le r\u00e9\u00e9quilibrage des relations Franco-Africaines dans un contexte international caract\u00e9ris\u00e9 par de grands bouleversements g\u00e9opolitiques est un important sujet qui\u00a0m\u00e9rite d\u2019\u00eatre pos\u00e9 et d\u00e9battu dans les deux sens. Le Pr\u00e9sident Macron est lui-m\u00eame porteur d\u2019un projet en ce sens, qui ressort de son discours de 2017 \u00e0 Ouagadougou, de l\u2019esprit du Sommet\u00a0Afrique-France tenu \u00e0 Montpellier en octobre 2021, et de ses d\u00e9clarations officielles avant et lors de sa tourn\u00e9e en Afrique Centrale en f\u00e9vrier 2023. En gros, Macron entend faire monter en puissance le \u00ab\u00a0soft power\u00a0\u00bb de son pays dans le continent, en lieu et place d\u2019une concurrence muscl\u00e9e avec ses rivaux strat\u00e9giques. Il entend r\u00e9duire \u00ab\u00a0visiblement\u00a0\u00bb son personnel militaire dans les bases militaires fran\u00e7aises en Afrique, projetant sur le plan s\u00e9curitaire, leur cogestion par des \u00e9quipes mixtes, franco-africaines. Il entend r\u00e9engager son pays dans le continent \u00e0 travers le business, la culture, le sport et l\u2019\u00e9ducation, tout en se montrant offensif dans les pays non francophones comme le Nigeria, le Ghana et l\u2019Angola. Il s\u2019agit l\u00e0\u00a0des th\u00e8mes parlants \u00e0 la jeunesse africaine. Il est donc possible de penser que le projet de r\u00e9\u00e9quilibrage de Macron et celui de Sonko ne sont peut-\u00eatre pas aussi loin, l\u2019un de l\u2019autre.\u00a0Quelle curiosit\u00e9 dans ce cas, de traiter les r\u00e9formateurs africains, comme Ousmane Sonko, de perturbateurs et d\u2019anarchistes irresponsables, et de qualifier leurs homologues fran\u00e7ais de visionnaires, en contradiction totale avec la formule magique de Descartes selon laquelle \u00ab\u00a0le bon sens est la chose du monde la mieux partag\u00e9e\u00a0\u00bb.\u00a0Ceci montre \u00e0 quel point il est peut-\u00eatre n\u00e9cessaire de \u00ab\u00a0d\u00e9coloniser\u00a0\u00bb l\u2019esprit d\u2019une certaine frange de la population en Afrique.<\/p>\n<p>A titre conclusif, disons qu\u2019au-del\u00e0 de toutes ces conjonctures, ce qui doit compter par-dessus tout pour l\u2019int\u00e9r\u00eat du S\u00e9n\u00e9gal et de ses voisins, c\u2019est le bon fonctionnement de la d\u00e9mocratie et le retour de la paix sociale.\u00a0Au fil des ann\u00e9es, le S\u00e9n\u00e9gal a pu s\u2019imposer comme un acteur majeur de la politique africaine et internationale, \u00e0 cause notamment de la clairvoyance de son \u00e9lite politique et intellectuelle. Dakar est devenu le passage oblig\u00e9 de tous les puissants de ce monde. L\u2019Afrique a donc besoin d\u2019un S\u00e9n\u00e9gal fort, innovant et intelligent comme il sait l\u2019\u00eatre, pour faire face \u00e0 ses d\u00e9fis climatiques, s\u00e9curitaires, notamment\u00a0dans une sous-r\u00e9gion menac\u00e9e par l\u2019expansion du djihad islamique, et pour n\u00e9gocier sa place dans un monde en pleine mutation politique, \u00e9conomique et sociale. C\u2019est en cela que la victoire d\u2019une d\u00e9mocratie inclusive, et non celle d\u2019une ambition personnelle, et la paix au S\u00e9n\u00e9gal, sont dans l\u2019int\u00e9r\u00eat de tous et de chacun dans le continent noir.<\/p>\n<p><strong>Youssouf Sylla<\/strong>, auteur du livre \u00ab\u00a0Post Fran\u00e7afrique\u00a0\u00bb<\/p>\n<\/div>\n<\/article>\n<\/div>\n<\/div>\n<\/div>\n<\/div>\n<p><\/main><\/div>\n","protected":false},"excerpt":{"rendered":"<p>&nbsp; Un autre enjeu du bras de fer entre Macky Sall et son redoutable opposant Ousmane Sonko r\u00e9side \u00e9galement dans la place qui devrait \u00eatre celle du S\u00e9n\u00e9gal dans le dispositif g\u00e9opolitique et strat\u00e9gique de la France dans une sous-r\u00e9gion frapp\u00e9e depuis quelques ann\u00e9es par un ouragan de remise en cause du leadership fran\u00e7ais. Si [&hellip;]<\/p>\n","protected":false},"author":2,"featured_media":21549,"comment_status":"closed","ping_status":"closed","sticky":false,"template":"","format":"standard","meta":{"_jetpack_memberships_contains_paid_content":false,"footnotes":""},"categories":[5],"tags":[],"class_list":["post-21548","post","type-post","status-publish","format-standard","has-post-thumbnail","hentry","category-politique"],"jetpack_featured_media_url":"https:\/\/i0.wp.com\/liberationinfo.com\/wp-content\/uploads\/2023\/06\/Youssouf-Sylla.jpeg.webp?fit=1334%2C1238&ssl=1","jetpack-related-posts":[],"jetpack_sharing_enabled":true,"_links":{"self":[{"href":"https:\/\/liberationinfo.com\/index.php\/wp-json\/wp\/v2\/posts\/21548","targetHints":{"allow":["GET"]}}],"collection":[{"href":"https:\/\/liberationinfo.com\/index.php\/wp-json\/wp\/v2\/posts"}],"about":[{"href":"https:\/\/liberationinfo.com\/index.php\/wp-json\/wp\/v2\/types\/post"}],"author":[{"embeddable":true,"href":"https:\/\/liberationinfo.com\/index.php\/wp-json\/wp\/v2\/users\/2"}],"replies":[{"embeddable":true,"href":"https:\/\/liberationinfo.com\/index.php\/wp-json\/wp\/v2\/comments?post=21548"}],"version-history":[{"count":0,"href":"https:\/\/liberationinfo.com\/index.php\/wp-json\/wp\/v2\/posts\/21548\/revisions"}],"wp:featuredmedia":[{"embeddable":true,"href":"https:\/\/liberationinfo.com\/index.php\/wp-json\/wp\/v2\/media\/21549"}],"wp:attachment":[{"href":"https:\/\/liberationinfo.com\/index.php\/wp-json\/wp\/v2\/media?parent=21548"}],"wp:term":[{"taxonomy":"category","embeddable":true,"href":"https:\/\/liberationinfo.com\/index.php\/wp-json\/wp\/v2\/categories?post=21548"},{"taxonomy":"post_tag","embeddable":true,"href":"https:\/\/liberationinfo.com\/index.php\/wp-json\/wp\/v2\/tags?post=21548"}],"curies":[{"name":"wp","href":"https:\/\/api.w.org\/{rel}","templated":true}]}}