{"id":20950,"date":"2023-04-05T10:30:38","date_gmt":"2023-04-05T10:30:38","guid":{"rendered":"https:\/\/liberationinfo.com\/?p=20950"},"modified":"2023-04-05T10:30:38","modified_gmt":"2023-04-05T10:30:38","slug":"kankan-balla-samoura-toujours-sur-place-a-la-tete-dune-expedition-punitive-par-mognouma","status":"publish","type":"post","link":"https:\/\/liberationinfo.com\/index.php\/kankan-balla-samoura-toujours-sur-place-a-la-tete-dune-expedition-punitive-par-mognouma\/","title":{"rendered":"Kankan : Balla Samoura toujours sur place, \u00e0 la t\u00eate d\u2019une exp\u00e9dition punitive (Par Mognouma)"},"content":{"rendered":"<div class=\"jeg_ad jeg_article jnews_article_top_ads\">\n<div class=\"ads-wrapper \">\n<div class=\"ads_code\"><\/div>\n<\/div>\n<\/div>\n<div class=\"row\">\n<div class=\"jeg_main_content col-md-8\">\n<div class=\"jeg_inner_content\">\n<div class=\"jeg_share_top_container\">\n<div class=\"jeg_share_button clearfix\">\n<div class=\"jeg_sharelist\"><\/div>\n<\/div>\n<\/div>\n<div class=\"jeg_ad jeg_article jnews_content_top_ads \">\n<div class=\"ads-wrapper \"><\/div>\n<\/div>\n<div class=\"entry-content no-share\">\n<div class=\"jeg_share_button share-float jeg_sticky_share clearfix share-monocrhome\">\n<div class=\"jeg_share_float_container\"><\/div>\n<\/div>\n<div class=\"content-inner \">\n<p>Pour venir \u00e0 bout des manifestations \u00e0 Kankan, qui commen\u00e7aient, faut-il le reconna\u00eetre, \u00e0 prendre de l\u2019ampleur, le natif de la ville, par ailleurs Pr\u00e9sident de la transition, a d\u00e9cid\u00e9 de prendre le b\u00e2ton. De proc\u00e9der par la mani\u00e8re forte pour taire les contestations.<\/p>\n<p>Pour y parvenir, ils traquent les meneurs suppos\u00e9s. Le G\u00e9n\u00e9ral Balla Samoura, qui rappelle, les souvenirs douloureux de la r\u00e9pression des manifestations \u00e0 Conakry sous le r\u00e9gime d\u2019Alpha Cond\u00e9, est commis \u00e0 cette t\u00e2che.<\/p>\n<p>Le chef d\u2019Etat-major de la Gendarmerie va alors d\u00e9barquer \u00e0 Kankan avec une force pr\u00e9torienne donnant l\u2019impression d\u2019\u00eatre sur un terrain ennemi.<\/p>\n<p>Il parade dans la ville, accompagn\u00e9 des gendarmes et militaires, arm\u00e9s jusqu\u2019aux dents. Faisant irruption dans les maisons, \u00e0 la recherche des cibles s\u00e9lectionn\u00e9es.<\/p>\n<p>Bien qu\u2019accompagn\u00e9 dans certains cas par le procureur de la R\u00e9publique, l\u2019acte est sous les feux des critiques. Il d\u00e9borde parfois d\u2019impair, renfor\u00e7ant le foss\u00e9 de m\u00e9fiance et de rejet entre la population et les autorit\u00e9s actuelles.<\/p>\n<p>Le seul b\u00e9n\u00e9fice \u00e0 tirer de cette exp\u00e9dition punitive, est peut-\u00eatre dissuasif pour d\u2019autres qui sont tent\u00e9s de faire la m\u00eame chose ailleurs.<\/p>\n<p>Il s\u2019agit de ces personnes qui songeraient elles aussi \u00e0 protester dans leurs localit\u00e9s contre le manque de courant, qui est la r\u00e9alit\u00e9 la mieux partag\u00e9e. La force au service du r\u00e8glement des conflits.<\/p>\n<p>Pas \u00e9tonnant dans un r\u00e9gime militaire, mais avec Balla Samoura et le conseil, probablement des natifs de la localit\u00e9, membres du CNRD, la r\u00e9pression risque de produire l\u2019effet boomerang.<\/p>\n<p>Reste \u00e0 savoir jusqu\u2019\u00e0 quand ce ratissage va durer et quels peuvent \u00eatre le niveau de d\u00e9gradation des relations entre Kankan et son fils, chef de la transition ?<\/p>\n<p>La question se pose.<\/p>\n<p>&nbsp;<\/p>\n<p><strong>Mognouma<\/strong><\/p>\n<\/div>\n<\/div>\n<\/div>\n<\/div>\n<\/div>\n","protected":false},"excerpt":{"rendered":"<p>Pour venir \u00e0 bout des manifestations \u00e0 Kankan, qui commen\u00e7aient, faut-il le reconna\u00eetre, \u00e0 prendre de l\u2019ampleur, le natif de la ville, par ailleurs Pr\u00e9sident de la transition, a d\u00e9cid\u00e9 de prendre le b\u00e2ton. De proc\u00e9der par la mani\u00e8re forte pour taire les contestations. Pour y parvenir, ils traquent les meneurs suppos\u00e9s. Le G\u00e9n\u00e9ral Balla [&hellip;]<\/p>\n","protected":false},"author":2,"featured_media":20951,"comment_status":"closed","ping_status":"closed","sticky":false,"template":"","format":"standard","meta":{"_jetpack_memberships_contains_paid_content":false,"footnotes":""},"categories":[4,5],"tags":[],"class_list":["post-20950","post","type-post","status-publish","format-standard","has-post-thumbnail","hentry","category-actu","category-politique"],"jetpack_featured_media_url":"https:\/\/i0.wp.com\/liberationinfo.com\/wp-content\/uploads\/2023\/04\/O01ZFcZdlXCcU1U.jpeg?fit=965%2C710&ssl=1","jetpack-related-posts":[],"jetpack_sharing_enabled":true,"_links":{"self":[{"href":"https:\/\/liberationinfo.com\/index.php\/wp-json\/wp\/v2\/posts\/20950","targetHints":{"allow":["GET"]}}],"collection":[{"href":"https:\/\/liberationinfo.com\/index.php\/wp-json\/wp\/v2\/posts"}],"about":[{"href":"https:\/\/liberationinfo.com\/index.php\/wp-json\/wp\/v2\/types\/post"}],"author":[{"embeddable":true,"href":"https:\/\/liberationinfo.com\/index.php\/wp-json\/wp\/v2\/users\/2"}],"replies":[{"embeddable":true,"href":"https:\/\/liberationinfo.com\/index.php\/wp-json\/wp\/v2\/comments?post=20950"}],"version-history":[{"count":0,"href":"https:\/\/liberationinfo.com\/index.php\/wp-json\/wp\/v2\/posts\/20950\/revisions"}],"wp:featuredmedia":[{"embeddable":true,"href":"https:\/\/liberationinfo.com\/index.php\/wp-json\/wp\/v2\/media\/20951"}],"wp:attachment":[{"href":"https:\/\/liberationinfo.com\/index.php\/wp-json\/wp\/v2\/media?parent=20950"}],"wp:term":[{"taxonomy":"category","embeddable":true,"href":"https:\/\/liberationinfo.com\/index.php\/wp-json\/wp\/v2\/categories?post=20950"},{"taxonomy":"post_tag","embeddable":true,"href":"https:\/\/liberationinfo.com\/index.php\/wp-json\/wp\/v2\/tags?post=20950"}],"curies":[{"name":"wp","href":"https:\/\/api.w.org\/{rel}","templated":true}]}}