{"id":20438,"date":"2023-03-01T12:52:40","date_gmt":"2023-03-01T12:52:40","guid":{"rendered":"https:\/\/liberationinfo.com\/?p=20438"},"modified":"2023-03-01T12:52:40","modified_gmt":"2023-03-01T12:52:40","slug":"alpha-conde-designe-le-general-namory-traore-comme-le-principal-coupable-de-sa-chute-au-pouvoir","status":"publish","type":"post","link":"https:\/\/liberationinfo.com\/index.php\/alpha-conde-designe-le-general-namory-traore-comme-le-principal-coupable-de-sa-chute-au-pouvoir\/","title":{"rendered":"Alpha Cond\u00e9 d\u00e9signe le g\u00e9n\u00e9ral Namory Traor\u00e9 comme le principal coupable de sa chute au pouvoir !"},"content":{"rendered":"<header id=\"masthead\" class=\"site-header header-simple style_black\">\n<div id=\"nerubian-header\">\n<div class=\"header-content bar header-fixed\">\n<div class=\"container\">\n<div class=\"nerubian-header-content \">\n<div class=\"header-content-logo\">\n<div id=\"logo\" class=\"site-logo\"><\/div>\n<\/div>\n<\/div>\n<\/div>\n<\/div>\n<\/div>\n<\/header>\n<div id=\"content\" class=\"site-content\">\n<div class=\"wrap-content\">\n<div class=\"container\">\n<div class=\"row single-main-content\">\n<div class=\"main-content content-right col-sx-12 col-sm-12 col-md-9 col-lg-9\">\n<div class=\"content-inner\">\n<div class=\"box box-article\">\n<article id=\"post-219440\" class=\"post-219440 post type-post status-publish format-standard has-post-thumbnail hentry category-la-une\">\n<div class=\"post-image single-image\"><\/div>\n<div class=\"entry-content clearfix\">\n<div class=\"entry-content-inner padding-left\">\n<p>L&rsquo;ancien pr\u00e9sident guin\u00e9en Pr Alpha Cond\u00e9 vit mal son \u00e9viction au pouvoir par le Colonel Mamadi Doumboumya et ses hommes, le 05 septembre 2021. Longtemps rest\u00e9 silencieux dans les m\u00e9dias depuis sa chute au tr\u00f4ne, l&rsquo;ex pr\u00e9sident a finalement d\u00e9cid\u00e9 de donner le fil \u00e0 retordre \u00e0 son tombeur.<\/p>\n<p>Dans un entretien exclusif qu\u2019il a accord\u00e9 \u00e0 nos confr\u00e8res de Mosaiqueguinee.com, l\u2019ancien chef de l\u2019Etat guin\u00e9en Alpha Cond\u00e9, depuis la Turquie a d\u00e9sign\u00e9 le principal coupable de sa chute au pouvoir. Selon lui, son ex chef d&rsquo;\u00e9tat-major des arm\u00e9es, le g\u00e9n\u00e9ral Namory Traor\u00e9 et actuel ambassadeur de Guin\u00e9e au Maroc qui aurait complot\u00e9 avec les \u00e9l\u00e9ments du Colonel Mamadi Doumbouya pour le chasser au pouvoir.<\/p>\n<p>&nbsp;<\/p>\n<p>\u00ab<strong><em>Quand je suis revenu (de retour de ses cong\u00e9s en Turquie, NDLR), je devais enlever Namory, proc\u00e9der \u00e0 d\u2019\u00e9normes chambardements aussi bien dans le gouvernement que dans l\u2019arm\u00e9e. Cela a \u00e9t\u00e9 retard\u00e9 par la visite chez moi, du fils de Deby, qui est rest\u00e9 \u00e0 Conakry jusque tard le samedi (le samedi de la veille du coup d\u2019Etat, NDLR). J\u2019allais le faire le lundi. C\u2019est ce qu\u2019ils ont appris, ils ont anticip\u00e9, mais bon\u2026<\/em><\/strong>\u00bb, a-t-il confi\u00e9 au journaliste Lamine Mognouma Ciss\u00e9 au cours d&rsquo;une interview exclusive.<\/p>\n<p>Par ailleurs, l&rsquo;ancien locataire du palais S\u00e8khoutour\u00e9ah estime que c&rsquo;est une foutaise de demander \u00e0 son ministre d\u00e9l\u00e9gu\u00e9 \u00e0 la d\u00e9fense et charg\u00e9 des affaires pr\u00e9sidentielles de justifier son budget de souverainet\u00e9.<\/p>\n<div class=\"code-block code-block-2\"><\/div>\n<p><strong>\u00ab<\/strong><em><strong>C\u2019est une foutaise de demander \u00e0 Dr Dian\u00e9 de justifier l\u2019utilisation de mon budget de souverainet\u00e9. C\u2019est ce que j\u2019utilisais pour aider les femmes (Groupements, MUFA\u2026), acheter des v\u00e9hicules pour les revendre 30% moins cher \u00e0 l\u2019administration qui surfacturait les prix<\/strong>\u2026 \u00bb<\/em>, a-t-il laiss\u00e9 entendre, l&rsquo;ancien pr\u00e9sident Alpha Cond\u00e9.<\/p>\n<p><strong>Mohamed Camara\u00a0<\/strong><\/p>\n<\/div>\n<\/div>\n<\/article>\n<\/div>\n<\/div>\n<\/div>\n<\/div>\n<\/div>\n<\/div>\n<\/div>\n","protected":false},"excerpt":{"rendered":"<p>L&rsquo;ancien pr\u00e9sident guin\u00e9en Pr Alpha Cond\u00e9 vit mal son \u00e9viction au pouvoir par le Colonel Mamadi Doumboumya et ses hommes, le 05 septembre 2021. Longtemps rest\u00e9 silencieux dans les m\u00e9dias depuis sa chute au tr\u00f4ne, l&rsquo;ex pr\u00e9sident a finalement d\u00e9cid\u00e9 de donner le fil \u00e0 retordre \u00e0 son tombeur. Dans un entretien exclusif qu\u2019il a [&hellip;]<\/p>\n","protected":false},"author":2,"featured_media":20439,"comment_status":"closed","ping_status":"closed","sticky":false,"template":"","format":"standard","meta":{"_jetpack_memberships_contains_paid_content":false,"footnotes":""},"categories":[4,5],"tags":[],"class_list":["post-20438","post","type-post","status-publish","format-standard","has-post-thumbnail","hentry","category-actu","category-politique"],"jetpack_featured_media_url":"https:\/\/i0.wp.com\/liberationinfo.com\/wp-content\/uploads\/2023\/03\/alpha_et_larmee_0.jpg?fit=470%2C354&ssl=1","jetpack-related-posts":[],"jetpack_sharing_enabled":true,"_links":{"self":[{"href":"https:\/\/liberationinfo.com\/index.php\/wp-json\/wp\/v2\/posts\/20438","targetHints":{"allow":["GET"]}}],"collection":[{"href":"https:\/\/liberationinfo.com\/index.php\/wp-json\/wp\/v2\/posts"}],"about":[{"href":"https:\/\/liberationinfo.com\/index.php\/wp-json\/wp\/v2\/types\/post"}],"author":[{"embeddable":true,"href":"https:\/\/liberationinfo.com\/index.php\/wp-json\/wp\/v2\/users\/2"}],"replies":[{"embeddable":true,"href":"https:\/\/liberationinfo.com\/index.php\/wp-json\/wp\/v2\/comments?post=20438"}],"version-history":[{"count":0,"href":"https:\/\/liberationinfo.com\/index.php\/wp-json\/wp\/v2\/posts\/20438\/revisions"}],"wp:featuredmedia":[{"embeddable":true,"href":"https:\/\/liberationinfo.com\/index.php\/wp-json\/wp\/v2\/media\/20439"}],"wp:attachment":[{"href":"https:\/\/liberationinfo.com\/index.php\/wp-json\/wp\/v2\/media?parent=20438"}],"wp:term":[{"taxonomy":"category","embeddable":true,"href":"https:\/\/liberationinfo.com\/index.php\/wp-json\/wp\/v2\/categories?post=20438"},{"taxonomy":"post_tag","embeddable":true,"href":"https:\/\/liberationinfo.com\/index.php\/wp-json\/wp\/v2\/tags?post=20438"}],"curies":[{"name":"wp","href":"https:\/\/api.w.org\/{rel}","templated":true}]}}