{"id":20303,"date":"2023-02-18T13:58:57","date_gmt":"2023-02-18T13:58:57","guid":{"rendered":"https:\/\/liberationinfo.com\/?p=20303"},"modified":"2023-02-18T13:58:57","modified_gmt":"2023-02-18T13:58:57","slug":"iran-russie-les-usa-la-france-et-lallemagne-sinquietent-de-leur-cooperation-militaire","status":"publish","type":"post","link":"https:\/\/liberationinfo.com\/index.php\/iran-russie-les-usa-la-france-et-lallemagne-sinquietent-de-leur-cooperation-militaire\/","title":{"rendered":"Iran \u2013 Russie: les USA, la France et l\u2019Allemagne s\u2019inqui\u00e8tent de leur coop\u00e9ration militaire"},"content":{"rendered":"<div class=\"jeg_navbar_mobile_wrapper\">\n<div class=\"jeg_navbar_mobile\">\n<div class=\"jeg_mobile_bottombar jeg_mobile_midbar jeg_container normal\">\n<div class=\"container\">\n<div class=\"jeg_nav_row\">\n<div class=\"jeg_nav_col jeg_nav_center jeg_nav_grow\">\n<div class=\"item_wrap jeg_nav_aligncenter\">\n<div class=\"jeg_nav_item jeg_mobile_logo\">\n<div class=\"site-title\"><\/div>\n<\/div>\n<\/div>\n<\/div>\n<\/div>\n<\/div>\n<\/div>\n<\/div>\n<\/div>\n<div class=\"post-wrapper\">\n<div class=\"post-wrap\">\n<div class=\"jeg_main \">\n<div class=\"jeg_container\">\n<div class=\"jeg_content jeg_singlepage\">\n<div class=\"container\">\n<div class=\"row\">\n<div class=\"jeg_main_content col-md-8\">\n<div class=\"jeg_inner_content\">\n<div class=\"entry-header\">\n<div class=\"code-block code-block-18\">Depuis que la guerre a commenc\u00e9 en Ukraine, la F\u00e9d\u00e9ration de Russie est critiqu\u00e9e par la plupart des pays occidentaux. C&rsquo;est justement dans ce contexte que la Russie de Poutine [\u2026]<\/div>\n<\/div>\n<div class=\"entry-content no-share\">\n<div class=\"content-inner  jeg_link_underline\">\n<div class=\"code-block code-block-6 ai-track\"><ins class=\"adsbygoogle\" data-ad-client=\"ca-pub-1601734998338865\" data-ad-slot=\"3909651630\" data-ad-format=\"auto\" data-full-width-responsive=\"true\" data-adsbygoogle-status=\"done\" data-ad-status=\"unfilled\"><\/p>\n<div id=\"aswift_2_host\"><\/div>\n<p><\/ins><\/div>\n<p>Depuis que la guerre a commenc\u00e9 en Ukraine,\u00a0<strong>la F\u00e9d\u00e9ration de Russie<\/strong>\u00a0est critiqu\u00e9e par la plupart des pays occidentaux. C&rsquo;est justement dans ce contexte que la Russie de\u00a0<strong>Poutine<\/strong> s&rsquo;est rapproch\u00e9 de la R\u00e9publique islamique d&rsquo;Iran avec qui elle entretient des rapports \u00e9troits sur le plan militaire. Ce samedi, en marge de la conf\u00e9rence de Munich sur la s\u00e9curit\u00e9 les USA, la France et l&rsquo;Allemagne se sont inqui\u00e9t\u00e9s de la coop\u00e9ration militaire entre la F\u00e9d\u00e9ration de Russie et la R\u00e9publique Islamique d&rsquo;Iran.<\/p>\n<div class=\"code-block code-block-3 ai-track\"><ins class=\"adsbygoogle\" data-ad-client=\"ca-pub-1601734998338865\" data-ad-slot=\"3909651630\" data-ad-format=\"auto\" data-full-width-responsive=\"true\" data-adsbygoogle-status=\"done\" data-ad-status=\"unfilled\"><\/p>\n<div id=\"aswift_3_host\"><\/div>\n<p><\/ins><\/div>\n<p>Les USA, la France et l&rsquo;Allemagne s&rsquo;inqui\u00e8tent de la coop\u00e9ration militaire entre la F\u00e9d\u00e9ration de Russie et la R\u00e9publique Islamique d&rsquo;Iran. C&rsquo;est au cours d&rsquo;une r\u00e9union que les responsables de ses pays ont exprim\u00e9 leurs inqui\u00e9tudes.\u00a0<em><strong>\u00ab\u00a0Ils ont discut\u00e9 de leurs pr\u00e9occupations s&rsquo;agissant de la coop\u00e9ration militaire \u00e0 deux sens entre l&rsquo;Iran et la Russie et ses implications pour la s\u00e9curit\u00e9 et la stabilit\u00e9 de la r\u00e9gion et au-del\u00e0\u00a0\u00bb<\/strong><\/em>, indique un communiqu\u00e9 du porte-parole du secr\u00e9taire d&rsquo;Etat am\u00e9ricain Antony Blinken.<\/p>\n<p>AFP<\/p>\n<\/div>\n<p>&nbsp;<\/p>\n<\/div>\n<\/div>\n<\/div>\n<\/div>\n<\/div>\n<\/div>\n<\/div>\n<\/div>\n<\/div>\n<\/div>\n","protected":false},"excerpt":{"rendered":"<p>Depuis que la guerre a commenc\u00e9 en Ukraine, la F\u00e9d\u00e9ration de Russie est critiqu\u00e9e par la plupart des pays occidentaux. C&rsquo;est justement dans ce contexte que la Russie de Poutine [\u2026] Depuis que la guerre a commenc\u00e9 en Ukraine,\u00a0la F\u00e9d\u00e9ration de Russie\u00a0est critiqu\u00e9e par la plupart des pays occidentaux. C&rsquo;est justement dans ce contexte que [&hellip;]<\/p>\n","protected":false},"author":2,"featured_media":20304,"comment_status":"closed","ping_status":"closed","sticky":false,"template":"","format":"standard","meta":{"_jetpack_memberships_contains_paid_content":false,"footnotes":""},"categories":[5],"tags":[],"class_list":["post-20303","post","type-post","status-publish","format-standard","has-post-thumbnail","hentry","category-politique"],"jetpack_featured_media_url":"https:\/\/i0.wp.com\/liberationinfo.com\/wp-content\/uploads\/2023\/02\/blinken-3-750x375-1.jpeg?fit=750%2C375&ssl=1","jetpack-related-posts":[],"jetpack_sharing_enabled":true,"_links":{"self":[{"href":"https:\/\/liberationinfo.com\/index.php\/wp-json\/wp\/v2\/posts\/20303","targetHints":{"allow":["GET"]}}],"collection":[{"href":"https:\/\/liberationinfo.com\/index.php\/wp-json\/wp\/v2\/posts"}],"about":[{"href":"https:\/\/liberationinfo.com\/index.php\/wp-json\/wp\/v2\/types\/post"}],"author":[{"embeddable":true,"href":"https:\/\/liberationinfo.com\/index.php\/wp-json\/wp\/v2\/users\/2"}],"replies":[{"embeddable":true,"href":"https:\/\/liberationinfo.com\/index.php\/wp-json\/wp\/v2\/comments?post=20303"}],"version-history":[{"count":0,"href":"https:\/\/liberationinfo.com\/index.php\/wp-json\/wp\/v2\/posts\/20303\/revisions"}],"wp:featuredmedia":[{"embeddable":true,"href":"https:\/\/liberationinfo.com\/index.php\/wp-json\/wp\/v2\/media\/20304"}],"wp:attachment":[{"href":"https:\/\/liberationinfo.com\/index.php\/wp-json\/wp\/v2\/media?parent=20303"}],"wp:term":[{"taxonomy":"category","embeddable":true,"href":"https:\/\/liberationinfo.com\/index.php\/wp-json\/wp\/v2\/categories?post=20303"},{"taxonomy":"post_tag","embeddable":true,"href":"https:\/\/liberationinfo.com\/index.php\/wp-json\/wp\/v2\/tags?post=20303"}],"curies":[{"name":"wp","href":"https:\/\/api.w.org\/{rel}","templated":true}]}}