{"id":20279,"date":"2023-02-17T06:33:15","date_gmt":"2023-02-17T06:33:15","guid":{"rendered":"https:\/\/liberationinfo.com\/?p=20279"},"modified":"2023-02-17T06:33:15","modified_gmt":"2023-02-17T06:33:15","slug":"marche-du-fndc-mory-conde-menace-de-retirer-lagrement-aux-partis-politiques-declaration","status":"publish","type":"post","link":"https:\/\/liberationinfo.com\/index.php\/marche-du-fndc-mory-conde-menace-de-retirer-lagrement-aux-partis-politiques-declaration\/","title":{"rendered":"Marche du FNDC: Mory Cond\u00e9 menace de retirer l&rsquo;agr\u00e9ment aux partis politiques&#8230;\u00a0 (d\u00e9claration )"},"content":{"rendered":"<div class=\"jeg_viewport\">\n<div class=\"jeg_navbar_mobile_wrapper\">\n<div class=\"jeg_navbar_mobile jeg_sticky_nav\">\n<div class=\"jeg_mobile_bottombar jeg_mobile_midbar jeg_container dark\">\n<div class=\"container\">\n<div class=\"jeg_nav_row\">\n<div class=\"jeg_nav_col jeg_nav_center jeg_nav_grow\">\n<div class=\"item_wrap jeg_nav_aligncenter\">\n<div class=\"jeg_nav_item jeg_mobile_logo\">\n<div class=\"site-title\"><\/div>\n<\/div>\n<\/div>\n<\/div>\n<\/div>\n<\/div>\n<\/div>\n<\/div>\n<\/div>\n<div class=\"post-wrapper\">\n<div class=\"post-wrap\">\n<div class=\"jeg_main \">\n<div class=\"jeg_container\">\n<div class=\"jeg_content jeg_singlepage\">\n<div class=\"container\">\n<div class=\"row\">\n<div class=\"jeg_main_content col-md-8\">\n<div class=\"jeg_inner_content\">\n<div class=\"jeg_share_top_container\">\n<div class=\"jeg_share_button clearfix\">\n<div class=\"jeg_sharelist\"><\/div>\n<\/div>\n<\/div>\n<div class=\"jeg_ad jeg_article jnews_content_top_ads \">\n<div class=\"ads-wrapper \"><\/div>\n<\/div>\n<div class=\"entry-content no-share\">\n<div class=\"jeg_share_button share-float jeg_sticky_share clearfix share-monocrhome\">\n<div class=\"jeg_share_float_container\"><\/div>\n<\/div>\n<div class=\"content-inner \">\n<p>Dans une d\u00e9claration tard la nuit du ministre de l&rsquo;administration du territoire et de la D\u00e9centralisation, menace de retirer l&rsquo;agr\u00e9ment de certains partis politiques qui porteraient pr\u00e9judice \u00e0 la coh\u00e9sion sociale.<\/p>\n<p>Mory Cond\u00e9 d\u00e9plore les violences survenues dans certains quartiers de Conakry suite \u00e0 la manifestation du Front National pour la D\u00e9fense de la Constitution FNDC.<\/p>\n<div class=\"jeg_ad jeg_ad_article jnews_content_inline_ads \">\n<div class=\"ads-wrapper align-center \">\n<div class=\"ads_code\"><\/div>\n<\/div>\n<\/div>\n<p><em>\u00ab\u00a0Le ministre de l\u2019administration mettra tout en \u0153uvre pour assurer la qui\u00e9tude sociale et la paix pour permettre aux citoyens de vaquer librement \u00e0 leurs occupations sans aucun abus et dans les limites pr\u00e9vues par la loi. Le ministre de l\u2019administration du territoire rassure le peuple de Guin\u00e9e de la d\u00e9termination du gouvernement de mettre hors d\u2019\u00e9tat de nuire ces individus et \u00e0 poursuivre les auteurs et commanditaires de ces violences\u00a0\u00bb<\/em>, a-t-il d\u00e9clar\u00e9 en premier lieu.<\/p>\n<p>En cons\u00e9quence: l\u2019ensemble des partis politiques qui affichent les m\u00eames id\u00e9aux que le Front National pour la D\u00e9fense de la Constitution pourraient \u00eatre dissous tr\u00e8s prochainement pr\u00e9vient Mory Cond\u00e9.<\/p>\n<p><em>\u00ab\u00a0Le ministre de l\u2019administration du territoire et de la d\u00e9centralisation prend \u00e0 t\u00e9moin, la communaut\u00e9 nationale et internationale de l\u2019usage des m\u00e9thodes appelant \u00e0 la violence et \u00e0 la d\u00e9stabilisation du vivre ensemble des guin\u00e9ens par certains individus \u00e0 partir de l\u2019\u00e9tranger pour tenter vainement de saper l\u2019autorit\u00e9 de l\u2019Etat et la paix publique avec le concours de certains acteurs politiques en violation de leurs obligations l\u00e9gales. Par ailleurs, en application de la loi organique L91 002 CR en date du 23 d\u00e9cembre 1991 portant charte des partis politiques en R\u00e9publique de Guin\u00e9e et de la loi L2005 013 AN en date du 04 juillet 2005 r\u00e9gissant les associations en R\u00e9publique de Guin\u00e9e, les organisations politiques sociales dont les responsabilit\u00e9s p\u00e9nales seront \u00e9tablies par la suite des proc\u00e9dures judiciaires par les autorit\u00e9s comp\u00e9tentes se verront appliquer des sanctions allant de la suspension jusqu\u2019au retrait de leurs agr\u00e9ments\u00a0\u00bb<\/em>,a-t-il martel\u00e9.<\/p>\n<p><strong>Ci-dessous d\u00e9claration du MATD Mory Cond\u00e9 :<\/strong><\/p>\n<p><img data-recalc-dims=\"1\" decoding=\"async\" class=\"aligncenter wp-image-258814 size-full\" src=\"https:\/\/i0.wp.com\/mosaiqueguinee.com\/wp-content\/uploads\/2023\/02\/Declaration-MATD-1.jpeg?w=696&#038;ssl=1\" srcset=\"https:\/\/mosaiqueguinee.com\/wp-content\/uploads\/2023\/02\/Declaration-MATD-1.jpeg 700w, https:\/\/mosaiqueguinee.com\/wp-content\/uploads\/2023\/02\/Declaration-MATD-1-215x300.jpeg 215w, https:\/\/mosaiqueguinee.com\/wp-content\/uploads\/2023\/02\/Declaration-MATD-1-360x504.jpeg 360w\" alt=\"\" \/><\/p>\n<p><img data-recalc-dims=\"1\" decoding=\"async\" class=\"aligncenter wp-image-258816 size-full\" src=\"https:\/\/i0.wp.com\/mosaiqueguinee.com\/wp-content\/uploads\/2023\/02\/Declaration-MATD-2.jpeg?w=696&#038;ssl=1\" srcset=\"https:\/\/mosaiqueguinee.com\/wp-content\/uploads\/2023\/02\/Declaration-MATD-2.jpeg 700w, https:\/\/mosaiqueguinee.com\/wp-content\/uploads\/2023\/02\/Declaration-MATD-2-215x300.jpeg 215w, https:\/\/mosaiqueguinee.com\/wp-content\/uploads\/2023\/02\/Declaration-MATD-2-360x504.jpeg 360w\" alt=\"\" \/><\/p>\n<p><img data-recalc-dims=\"1\" decoding=\"async\" class=\"aligncenter wp-image-258817 size-full\" src=\"https:\/\/i0.wp.com\/mosaiqueguinee.com\/wp-content\/uploads\/2023\/02\/Declaration-MATD-3.jpeg?w=696&#038;ssl=1\" srcset=\"https:\/\/mosaiqueguinee.com\/wp-content\/uploads\/2023\/02\/Declaration-MATD-3.jpeg 700w, https:\/\/mosaiqueguinee.com\/wp-content\/uploads\/2023\/02\/Declaration-MATD-3-216x300.jpeg 216w\" alt=\"\" \/><\/p>\n<p>&nbsp;<\/p>\n<p><strong>Liberationinfo.com <\/strong><\/p>\n<div id=\"taboola-below-article\" class=\" trc_related_container trc_spotlight_widget tbl-feed-container tbl-feed-frame-DIVIDER  render-late-effect\">\n<div id=\"taboola-below-article-pl5\" class=\" trc_related_container trc_spotlight_widget trc_elastic trc_elastic_thumbs-feed-01-delta  tbl-feed-card  tbl-feed-card \">\n<div class=\"trc_rbox_container\">\n<div id=\"trc_wrapper_30209\" class=\"trc_rbox thumbs-feed-01-delta trc-content-sponsored \">\n<div id=\"outer_30209\" class=\"trc_rbox_outer\">\n<div id=\"rbox-t2v\" class=\"trc_rbox_div trc_rbox_border_elm\">\n<div id=\"internal_trc_30209\">\n<div class=\"videoCube trc_spotlight_item origin-undefined thumbnail_top syndicatedItem textItem videoCube_1_child trc-first-recommendation trc-spotlight-first-recommendation \"><\/div>\n<\/div>\n<\/div>\n<\/div>\n<\/div>\n<\/div>\n<\/div>\n<\/div>\n<\/div>\n<\/div>\n<\/div>\n<\/div>\n<\/div>\n<\/div>\n<\/div>\n<\/div>\n<\/div>\n<\/div>\n<\/div>\n<\/div>\n","protected":false},"excerpt":{"rendered":"<p>Dans une d\u00e9claration tard la nuit du ministre de l&rsquo;administration du territoire et de la D\u00e9centralisation, menace de retirer l&rsquo;agr\u00e9ment de certains partis politiques qui porteraient pr\u00e9judice \u00e0 la coh\u00e9sion sociale. Mory Cond\u00e9 d\u00e9plore les violences survenues dans certains quartiers de Conakry suite \u00e0 la manifestation du Front National pour la D\u00e9fense de la Constitution [&hellip;]<\/p>\n","protected":false},"author":2,"featured_media":20280,"comment_status":"closed","ping_status":"closed","sticky":false,"template":"","format":"standard","meta":{"_jetpack_memberships_contains_paid_content":false,"footnotes":""},"categories":[4,5],"tags":[],"class_list":["post-20279","post","type-post","status-publish","format-standard","has-post-thumbnail","hentry","category-actu","category-politique"],"jetpack_featured_media_url":"https:\/\/i0.wp.com\/liberationinfo.com\/wp-content\/uploads\/2023\/02\/FPIWYgKWQAc6cui.jpg?fit=1046%2C1080&ssl=1","jetpack-related-posts":[],"jetpack_sharing_enabled":true,"_links":{"self":[{"href":"https:\/\/liberationinfo.com\/index.php\/wp-json\/wp\/v2\/posts\/20279","targetHints":{"allow":["GET"]}}],"collection":[{"href":"https:\/\/liberationinfo.com\/index.php\/wp-json\/wp\/v2\/posts"}],"about":[{"href":"https:\/\/liberationinfo.com\/index.php\/wp-json\/wp\/v2\/types\/post"}],"author":[{"embeddable":true,"href":"https:\/\/liberationinfo.com\/index.php\/wp-json\/wp\/v2\/users\/2"}],"replies":[{"embeddable":true,"href":"https:\/\/liberationinfo.com\/index.php\/wp-json\/wp\/v2\/comments?post=20279"}],"version-history":[{"count":0,"href":"https:\/\/liberationinfo.com\/index.php\/wp-json\/wp\/v2\/posts\/20279\/revisions"}],"wp:featuredmedia":[{"embeddable":true,"href":"https:\/\/liberationinfo.com\/index.php\/wp-json\/wp\/v2\/media\/20280"}],"wp:attachment":[{"href":"https:\/\/liberationinfo.com\/index.php\/wp-json\/wp\/v2\/media?parent=20279"}],"wp:term":[{"taxonomy":"category","embeddable":true,"href":"https:\/\/liberationinfo.com\/index.php\/wp-json\/wp\/v2\/categories?post=20279"},{"taxonomy":"post_tag","embeddable":true,"href":"https:\/\/liberationinfo.com\/index.php\/wp-json\/wp\/v2\/tags?post=20279"}],"curies":[{"name":"wp","href":"https:\/\/api.w.org\/{rel}","templated":true}]}}