{"id":20110,"date":"2023-02-02T12:49:09","date_gmt":"2023-02-02T12:49:09","guid":{"rendered":"https:\/\/liberationinfo.com\/?p=20110"},"modified":"2023-02-02T12:49:09","modified_gmt":"2023-02-02T12:49:09","slug":"charles-wright-beaucoup-de-magistrats-vont-quitter-la-crief","status":"publish","type":"post","link":"https:\/\/liberationinfo.com\/index.php\/charles-wright-beaucoup-de-magistrats-vont-quitter-la-crief\/","title":{"rendered":"Charles Wright: \u00ab beaucoup de magistrats vont quitter la Crief \u00bb"},"content":{"rendered":"<div class=\"entry-header\">\n<h1 class=\"jeg_post_title\"><\/h1>\n<div class=\"jeg_meta_container\">\n<div class=\"jeg_post_meta jeg_post_meta_1\">\n<div class=\"meta_left\">\n<div class=\"jeg_meta_author\"><\/div>\n<\/div>\n<\/div>\n<\/div>\n<\/div>\n<div class=\"entry-content no-share\">\n<div class=\"jeg_share_button share-float jeg_sticky_share clearfix share-monocrhome\">\n<div class=\"jeg_share_float_container\"><\/div>\n<\/div>\n<div class=\"content-inner \">\n<p><strong>Visiblement, le ministre de la justice et des droits de l\u2019homme n\u2019est pas satisfait de la prestation de certains magistrats \u00e0 la Cour de r\u00e9pression des infractions \u00e9conomiques et financi\u00e8res (CRIEF). Alphonse Charles Wright a annonc\u00e9 que dans les jours \u00e0 venir, cette institution va subir des r\u00e9formes profondes avec le d\u00e9part de plusieurs magistrats.<\/strong><\/p>\n<p>\u00ab C\u2019est clair que beaucoup de magistrats de la CRIEF vont quitter. Je ne devrais m\u00eame pas tarder l\u00e0-dessus \u00bb, a martel\u00e9 le garde des Sceaux, lors de son passage dans l\u2019\u00e9mission Mirador sur FIM FM.<\/p>\n<p>Un projet de loi est d\u00e9j\u00e0 en pr\u00e9paration et les r\u00e9formes ne vont pas tarder, a annonc\u00e9 le ministre de la Justice. \u00ab \u00c0 partir de la fin du mois de f\u00e9vrier, les Guin\u00e9ens sauront, d\u00e9sormais, qu\u2019elle est la vraie structure de la CRIEF \u00bb.<\/p>\n<p>La CRIEF a \u00e9t\u00e9 cr\u00e9\u00e9e sur la base de deux ordonnances, la premi\u00e8re fixe l\u2019attribution et les comp\u00e9tences et la deuxi\u00e8me qui accorde toutes les comp\u00e9tences qui \u00e9taient d\u00e9volues \u00e0 la Haute Cour de Justice cr\u00e9\u00e9e depuis 1991. \u00ab Les gens disaient que si on mettait la Haute Cour de Justice en place, les ministres et les pr\u00e9sidents vont se retrouver l\u00e0-bas. Ils ont donc bloqu\u00e9 sa mise en place. Mais, cette Haute Cour de Justice va revenir parce que dans mon projet que je vais engager pour l\u2019organisation judiciaire, il faut que la Haute cour figure pour que tout ministre qui faillit puisse aller l\u00e0-bas. Nous nous attelons \u00e0 cela du jour au jour \u00bb, a soulign\u00e9 Charles Wright.<\/p>\n<\/div>\n<\/div>\n","protected":false},"excerpt":{"rendered":"<p>Visiblement, le ministre de la justice et des droits de l\u2019homme n\u2019est pas satisfait de la prestation de certains magistrats \u00e0 la Cour de r\u00e9pression des infractions \u00e9conomiques et financi\u00e8res (CRIEF). Alphonse Charles Wright a annonc\u00e9 que dans les jours \u00e0 venir, cette institution va subir des r\u00e9formes profondes avec le d\u00e9part de plusieurs magistrats. [&hellip;]<\/p>\n","protected":false},"author":2,"featured_media":20111,"comment_status":"closed","ping_status":"closed","sticky":false,"template":"","format":"standard","meta":{"_jetpack_memberships_contains_paid_content":false,"footnotes":""},"categories":[5],"tags":[],"class_list":["post-20110","post","type-post","status-publish","format-standard","has-post-thumbnail","hentry","category-politique"],"jetpack_featured_media_url":"https:\/\/i0.wp.com\/liberationinfo.com\/wp-content\/uploads\/2023\/02\/crief-2-jpg.jpeg?fit=700%2C380&ssl=1","jetpack-related-posts":[],"jetpack_sharing_enabled":true,"_links":{"self":[{"href":"https:\/\/liberationinfo.com\/index.php\/wp-json\/wp\/v2\/posts\/20110","targetHints":{"allow":["GET"]}}],"collection":[{"href":"https:\/\/liberationinfo.com\/index.php\/wp-json\/wp\/v2\/posts"}],"about":[{"href":"https:\/\/liberationinfo.com\/index.php\/wp-json\/wp\/v2\/types\/post"}],"author":[{"embeddable":true,"href":"https:\/\/liberationinfo.com\/index.php\/wp-json\/wp\/v2\/users\/2"}],"replies":[{"embeddable":true,"href":"https:\/\/liberationinfo.com\/index.php\/wp-json\/wp\/v2\/comments?post=20110"}],"version-history":[{"count":0,"href":"https:\/\/liberationinfo.com\/index.php\/wp-json\/wp\/v2\/posts\/20110\/revisions"}],"wp:featuredmedia":[{"embeddable":true,"href":"https:\/\/liberationinfo.com\/index.php\/wp-json\/wp\/v2\/media\/20111"}],"wp:attachment":[{"href":"https:\/\/liberationinfo.com\/index.php\/wp-json\/wp\/v2\/media?parent=20110"}],"wp:term":[{"taxonomy":"category","embeddable":true,"href":"https:\/\/liberationinfo.com\/index.php\/wp-json\/wp\/v2\/categories?post=20110"},{"taxonomy":"post_tag","embeddable":true,"href":"https:\/\/liberationinfo.com\/index.php\/wp-json\/wp\/v2\/tags?post=20110"}],"curies":[{"name":"wp","href":"https:\/\/api.w.org\/{rel}","templated":true}]}}