{"id":20095,"date":"2023-02-01T14:55:28","date_gmt":"2023-02-01T14:55:28","guid":{"rendered":"https:\/\/liberationinfo.com\/?p=20095"},"modified":"2023-02-01T14:55:28","modified_gmt":"2023-02-01T14:55:28","slug":"charles-wright-a-propos-de-nanfo-la-guinee-nest-pas-la-mecque-ici-ce-nest-pas-sur-le-coran-on-juge","status":"publish","type":"post","link":"https:\/\/liberationinfo.com\/index.php\/charles-wright-a-propos-de-nanfo-la-guinee-nest-pas-la-mecque-ici-ce-nest-pas-sur-le-coran-on-juge\/","title":{"rendered":"Charles Wright \u00e0 propos de Nanfo: \u00abLa Guin\u00e9e n\u2019est pas la Mecque, ici ce n\u2019est pas sur le Coran on juge.\u00bb"},"content":{"rendered":"<header id=\"masthead\" class=\"site-header header-simple style_black\">\n<div id=\"nerubian-header\">\n<div class=\"header-content bar header-fixed fixed scroll-top\">\n<div class=\"container\">\n<div class=\"nerubian-header-content \">\n<div class=\"header-content-right\">\n<div class=\"searchform-mini\"><\/div>\n<\/div>\n<\/div>\n<\/div>\n<\/div>\n<\/div>\n<\/header>\n<div id=\"content\" class=\"site-content\">\n<div class=\"wrap-content\">\n<div class=\"container\">\n<div class=\"row single-main-content\">\n<div class=\"main-content content-right col-sx-12 col-sm-12 col-md-9 col-lg-9\">\n<div class=\"content-inner\">\n<div class=\"code-block code-block-1\"><\/div>\n<div class=\"box box-article\">\n<article id=\"post-216426\" class=\"post-216426 post type-post status-publish format-standard has-post-thumbnail hentry category-la-une\">\n<div class=\"post-image single-image\">\n<figure class=\"wp-single-image\"><\/figure>\n<\/div>\n<div class=\"entry-content clearfix\">\n<div class=\"entry-content-inner padding-left\">\n<p>Souvent pris en partie par les autorit\u00e9s religieuses et certains citoyens de la Haute Guin\u00e9e, Nanfo Isma\u00ebl Diaby le pr\u00e9dicateur Islamique en langue N\u2019Ko qui fait prier ses affid\u00e9s en langue malink\u00e9, est au centre du d\u00e9bat des d\u00e9fenseurs de l\u2019islam.<\/p>\n<p>En tourn\u00e9e de prise en contact avec les autorit\u00e9s judiciaires \u00e0 l\u2019int\u00e9rieur du pays, le ministre de la Justice et des Droits de l\u2019Homme, Charles Alphonse Wright s&rsquo;est rendu chez le Premier Imam de Kankan, Elhadj Karamo Kaba de la pr\u00e9fecture de Kankan.<\/p>\n<p>Au cours de sa communication, le ministre de la Justice, ce mercredi 1er f\u00e9vrier 2023, il a \u00e9voqu\u00e9 le cas de Nanfo Isma\u00ebl Diaby. \u00c0 en croire \u00e0 nos confr\u00e8res de Mediaguinee.org, Charles Wright demande aux religieux de la Haute Guin\u00e9e de respecter le droit du pr\u00e9dicateur islamique Nanfo.<\/p>\n<p>\u00ab <em><strong>Dans le Saint Coran, Dieu guide qui il veut, il \u00e9gare qui il veut. Moi en tant que ministre des droits de l\u2019homme, j\u2019appartiens \u00e0 une religion (\u2026). Comme dit dans le Saint Coran, tu as ta religion, j\u2019ai ma religion. Ce n\u2019est pas vous qui devrez juger Nanfo. Vous devrez prier pour ce que vous croyez \u00eatre juste, que Dieu puisse prendre \u00e7a pour vous. Nanfo, puisque dans un pays d\u00e9mocratique moi je suis ministre des droits de l\u2019homme, je dois respecter chacun dans sa croyance. Il faut que cela aussi soit compris. Je ne parle pas sur la ligne de l\u2019islam (\u2026) Mais toute activit\u00e9 qui trouble l\u2019ordre public \u00e7a c\u2019est autre chose. S\u2019il prie en N\u2019Ko chez lui, moi en tant que musulman je peux condamner mais en tant que ministre des droits de l\u2019homme je dois faire en sorte que ses droits soient respect\u00e9s. Je veux qu\u2019on fasse la part des choses. R\u00e9unir des gens maintenant pour qu\u2019il y ait affrontements, \u00e7a c\u2019est une infraction, mais prier dans une autre langue,\u00a0 pourquoi on fait le Coran en N\u2019Ko, pour que les gens puissent comprendre, l\u2019islam a ses r\u00e8gles<\/strong><\/em> \u00bb, a-t-il indiqu\u00e9.<\/p>\n<p>Avant d&rsquo;ajouter : \u00ab <em><strong>Mais Nanfo ne doit pas troubler l\u2019ordre public ou des affrontements \u00e7a \u00e7a deviendra une infraction. On le poursuivra pas parce qu\u2019il a pri\u00e9 dans sa langue, \u00e7a c\u2019est son droit mais s\u2019il cr\u00e9e des troubles et autres, ce sont les troubles qui seront jug\u00e9s. Il faut qu\u2019on soit tr\u00e8s clair. On a des f\u00e9ticheurs en Haute Guin\u00e9e, on a d\u2019autres qui n\u2019ont m\u00eame pas de religion, mais c\u2019est leur croyance \u00e7a, on doit la respecter. Si on dit d\u2019islamiser tout le monde c\u2019est une violation grave des droits de l\u2019homme. Vous devrez beaucoup prier pour lui Imam \u00bb,<\/strong><\/em> a-t-il fait savoir.<\/p>\n<p>Par ailleurs,\u00a0 il mentionne : \u00ab <em><strong>L\u2019imam dira que la religion de Dieu c\u2019est l\u2019islam. Est-ce que cela veut dire qu\u2019il n\u2019y a pas de chr\u00e9tiens en Guin\u00e9e ? Mais Dieu dit si vous aimez votre religion, respectez la religion des autres. Vous ouvrez le Coran, vous parlez des versets, mais la Guin\u00e9e n\u2019est pas un pays islamique. Puisqu\u2019il n y a pas les m\u00eames croyances, si on dit juger sur la Bible, En Guin\u00e9e les chr\u00e9tiens diront non (\u2026) Je dois respecter l\u2019animiste, le chr\u00e9tien \u00e7a c\u2019est aussi leur droit pour qu\u2019il y ait la paix. On ne peut pas juger sur la base du Coran\u2026. Les droits de l\u2019homme dont on parle ne sont pas comparables \u00e0 l\u2019islam ou au christianisme. Les droits de l\u2019homme dont on parle ce sont des droits pour qu\u2019il y ait la paix (\u2026) Les questions religieuses sont sensibles, Dieu seul peut me juger. Dites \u00e0 M. l\u2019imam que ma position sur le cas de M. Nanfo est tr\u00e8s clair. Je ne confonds pas ma fonction de ministre des droits de l\u2019homme et moi en tant que musulman un. Deuxi\u00e8me chose tout ce qu\u2019il dit en mati\u00e8re de verset coranique, il ne fait que dire ce que Dieu a dit et je respecte ce que Dieu dit parce que m\u00eame c\u2019est ma religion. (\u2026) Si Nanfo veut il n\u2019a qu\u2019\u00e0 prier en Chinois, je dois respecter son droit, mais tu ne peux pas m\u00e9langer les communaut\u00e9s pour qu\u2019il y ait la mort. S\u2019il prie dans d\u2019autres langues, l\u2019imam peut ne pas \u00eatre d\u2019accord, ma position elle est tout tranch\u00e9e, je respecte \u00e7a. Mais si sa pri\u00e8re doit diviser et qu\u2019il y ait des cas de mort, par rapport \u00e0 \u00e7a on ne tol\u00e9rera personne, ici c\u2019est la libert\u00e9 de religion. Si tu veux sois rasta, ou tel. En premier lieu, seul Dieu peut nous condamner<\/strong><\/em> \u00bb, a-t-il expliqu\u00e9.<\/p>\n<p>Pour terminer, le ministre de la Justice et des Droits de l\u2019Homme, estime que la Guin\u00e9e n&rsquo;est pas la Mecque : \u00ab <em><strong>On ne tue pas ici, on le condamne \u00e0 perp\u00e9tuit\u00e9\u2026 Je ne veux pas qu\u2019on rentre dans le Coran, c\u2019est un terrain tr\u00e8s glissant. Nanfo n\u2019a pas le droit de troubler l\u2019ordre public, il n\u2019a pas le droit de m\u00e9langer des personnes, mais il a le droit de prier dans la langue qu\u2019il estime \u00eatre juste . Je dois respecter ses droits. Nanfo cr\u00e9e des troubles, \u00e7a sera sanctionn\u00e9. La Guin\u00e9e n\u2019est pas la Mecque, ici ce n\u2019est pas sur le Coran on juge. Chacun de nous a une religion, personne n\u2019exclut cela. M\u00eame si c\u2019est l\u2019imam dans son sermon qui tient des propos qui divisent, qui incitent, la loi dit que l\u2019imam l\u00e0 doit \u00eatre arr\u00eat\u00e9<\/strong><\/em> \u00bb, a-t-il d\u00e9clar\u00e9.<\/p>\n<p>Ibrahima Sory Camara<\/p>\n<\/div>\n<\/div>\n<\/article>\n<\/div>\n<\/div>\n<\/div>\n<\/div>\n<\/div>\n<\/div>\n<\/div>\n","protected":false},"excerpt":{"rendered":"<p>Souvent pris en partie par les autorit\u00e9s religieuses et certains citoyens de la Haute Guin\u00e9e, Nanfo Isma\u00ebl Diaby le pr\u00e9dicateur Islamique en langue N\u2019Ko qui fait prier ses affid\u00e9s en langue malink\u00e9, est au centre du d\u00e9bat des d\u00e9fenseurs de l\u2019islam. En tourn\u00e9e de prise en contact avec les autorit\u00e9s judiciaires \u00e0 l\u2019int\u00e9rieur du pays, [&hellip;]<\/p>\n","protected":false},"author":2,"featured_media":20096,"comment_status":"closed","ping_status":"closed","sticky":false,"template":"","format":"standard","meta":{"_jetpack_memberships_contains_paid_content":false,"footnotes":""},"categories":[4,5],"tags":[],"class_list":["post-20095","post","type-post","status-publish","format-standard","has-post-thumbnail","hentry","category-actu","category-politique"],"jetpack_featured_media_url":"https:\/\/i0.wp.com\/liberationinfo.com\/wp-content\/uploads\/2023\/02\/IMG-20230201-WA0019-2.jpg?fit=768%2C337&ssl=1","jetpack-related-posts":[],"jetpack_sharing_enabled":true,"_links":{"self":[{"href":"https:\/\/liberationinfo.com\/index.php\/wp-json\/wp\/v2\/posts\/20095","targetHints":{"allow":["GET"]}}],"collection":[{"href":"https:\/\/liberationinfo.com\/index.php\/wp-json\/wp\/v2\/posts"}],"about":[{"href":"https:\/\/liberationinfo.com\/index.php\/wp-json\/wp\/v2\/types\/post"}],"author":[{"embeddable":true,"href":"https:\/\/liberationinfo.com\/index.php\/wp-json\/wp\/v2\/users\/2"}],"replies":[{"embeddable":true,"href":"https:\/\/liberationinfo.com\/index.php\/wp-json\/wp\/v2\/comments?post=20095"}],"version-history":[{"count":0,"href":"https:\/\/liberationinfo.com\/index.php\/wp-json\/wp\/v2\/posts\/20095\/revisions"}],"wp:featuredmedia":[{"embeddable":true,"href":"https:\/\/liberationinfo.com\/index.php\/wp-json\/wp\/v2\/media\/20096"}],"wp:attachment":[{"href":"https:\/\/liberationinfo.com\/index.php\/wp-json\/wp\/v2\/media?parent=20095"}],"wp:term":[{"taxonomy":"category","embeddable":true,"href":"https:\/\/liberationinfo.com\/index.php\/wp-json\/wp\/v2\/categories?post=20095"},{"taxonomy":"post_tag","embeddable":true,"href":"https:\/\/liberationinfo.com\/index.php\/wp-json\/wp\/v2\/tags?post=20095"}],"curies":[{"name":"wp","href":"https:\/\/api.w.org\/{rel}","templated":true}]}}