{"id":20002,"date":"2023-01-26T09:29:25","date_gmt":"2023-01-26T09:29:25","guid":{"rendered":"https:\/\/liberationinfo.com\/?p=20002"},"modified":"2023-01-26T09:29:25","modified_gmt":"2023-01-26T09:29:25","slug":"dadis-parle-du-jour-ou-il-perdit-le-pouvoir-jai-voulu-arranger-le-beret-de-toumba","status":"publish","type":"post","link":"https:\/\/liberationinfo.com\/index.php\/dadis-parle-du-jour-ou-il-perdit-le-pouvoir-jai-voulu-arranger-le-beret-de-toumba\/","title":{"rendered":"Dadis parle du jour o\u00f9 il perdit le pouvoir : \u00ab\u00a0j\u2019ai voulu arranger le b\u00e9ret de Toumba\u2026\u00a0\u00bb"},"content":{"rendered":"<header id=\"masthead\" class=\"site-header header-simple style_black\">\n<div id=\"nerubian-header\">\n<div class=\"header-content bar header-fixed\">\n<div class=\"container\">\n<div class=\"nerubian-header-content \">\n<div class=\"header-content-right\">\n<div class=\"searchform-mini\"><\/div>\n<\/div>\n<\/div>\n<\/div>\n<\/div>\n<\/div>\n<\/header>\n<div id=\"content\" class=\"site-content\">\n<div class=\"wrap-content\">\n<div class=\"container\">\n<div class=\"row single-main-content\">\n<div class=\"main-content content-right col-sx-12 col-sm-12 col-md-9 col-lg-9\">\n<div class=\"content-inner\">\n<div class=\"code-block code-block-1\"><\/div>\n<div class=\"box box-article\">\n<article id=\"post-215753\" class=\"post-215753 post type-post status-publish format-standard has-post-thumbnail hentry category-la-une\">\n<div class=\"post-image single-image\">\n<figure class=\"wp-single-image\"><\/figure>\n<\/div>\n<div class=\"entry-content clearfix\">\n<div class=\"entry-content-inner padding-left\">\n<p>Il ne s\u2019\u00e9tait jamais prononc\u00e9 sur la journ\u00e9e du 3 d\u00e9cembre, le jour o\u00f9 Aboubacar Toumba Diakit\u00e9 mit fin \u00e0 son r\u00e8gne. A la barre du tribunal de Dixinn pour son implication pr\u00e9sum\u00e9e dans le massacre du 28 septembre 2009, l\u2019ex-chef de la junte Moussa Dadis Camara a donn\u00e9 mercredi sa version des faits\u2026<\/p>\n<figure class=\"wp-block-pullquote\">\n<blockquote><p>Je n\u2019ai pas besoin de mentir sur [Toumba] De la mani\u00e8re qu\u2019il portait son b\u00e9ret, puisque dans l\u2019arm\u00e9e le port du b\u00e9ret est un r\u00e8glement, c\u2019est l\u00e0 o\u00f9 j\u2019ai dit : mais comment vous portez le b\u00e9ret ? Sur tout ce qui m\u2019est cher, j\u2019ai voulu arranger le b\u00e9ret , c\u2019\u00e9tait dans une position, le b\u00e9ret est tomb\u00e9.<\/p><\/blockquote>\n<\/figure>\n<p><strong>Me Jean-Baptiste Jocamey Haba : est-ce que vous \u00e9tiez au camp Koundara arm\u00e9, parce qu\u2019on a parl\u00e9 de l\u00e9gitime d\u00e9fense ?<\/strong><\/p>\n<div class=\"code-block code-block-2\"><\/div>\n<p><strong>Dadis<\/strong>: Non<\/p>\n<p><strong>Vous n\u2019\u00eates jamais all\u00e9 l\u00e0-bas arm\u00e9 ?<\/strong><\/p>\n<p><strong>Dadis<\/strong>: Non<\/p>\n<p><strong>Quand vous \u00eates all\u00e9 l\u00e0-bas , qui conduisait ?<\/strong><\/p>\n<p><strong>Dadis<\/strong>:\u00a0 Moi-m\u00eame<\/p>\n<p><strong>Est-ce que vous \u00eates all\u00e9 au camp Koundara avec le m\u00eame dispositif militaire qui avait l\u2019habitude de vous accompagner ? Beaucoup de v\u00e9hicules, beaucoup de militaires ?<\/strong><\/p>\n<p><strong>Dadis<\/strong>: Non parce qu\u2019\u00e0 l\u2019\u00e9poque puisque les gardes connaissent mon programme, je travaillais la nuit. Dans la journ\u00e9e, les gens vaquaient \u00e0 leurs affaires et ceux qui m\u2019ont accompagn\u00e9, je ne peux pas retenir le nombre mais il y avait beaucoup d\u2019absents.<\/p>\n<p><strong>Quand vous \u00eates entr\u00e9, vous \u00eates all\u00e9 vers votre aide de camp. C\u2019est bien cela?\u00a0<\/strong><\/p>\n<p><strong>Dadis<\/strong>:\u00a0 Oui<\/p>\n<p><strong>Est-ce que les m\u00eames civilit\u00e9s, le m\u00eame respect d\u00fb \u00e0 un chef d\u2019Etat vous ont \u00e9t\u00e9 montr\u00e9s ce jour l\u00e0 ?<\/strong><\/p>\n<p><strong>Dadis<\/strong>:\u00a0 Non.<\/p>\n<p><strong>Par quel mot vous vous \u00eates adress\u00e9 \u00e0 votre aide de camp parce qu\u2019on fait comprendre que vous \u00e9tiez all\u00e9 l\u2019arr\u00eater ?<\/strong><\/p>\n<p><strong>Dadis<\/strong>:\u00a0 Non\u00a0c\u2019est comme tout homme, c\u2019\u00e9tait mon petit . Qu\u2019on vienne vous dire que votre petit est en train de tirer \u00e0 la gendarmerie et que les gens h\u00e9sitants ou peut-\u00eatre de lui faire du mal parce que \u00e7a lui aurait fait du mal. C\u2019est dans ce contexte qu\u2019ils sont venus m\u2019informer et l\u00e0 je suis sorti. Je n\u2019ai m\u00eame pas cherch\u00e9 \u00e0 r\u00e9fl\u00e9chir. J\u2019ai dit que: je vais partir, ce qu\u2019il est en train de faire, ce n\u2019est pas bon. Je vais venir avec lui au camp. C\u2019est cette id\u00e9e qui m\u2019est venue.<\/p>\n<p><strong>Parce que si quelqu\u2019un devrait faire du mal \u00e0 votre petit, ca vous ferait mal n\u2019est-ce pas ?<\/strong><\/p>\n<p><strong>Dadis<\/strong>:\u00a0 Oui<\/p>\n<p><strong>Ce jour-l\u00e0, est-ce qu\u2019il vous a demand\u00e9 de vous diriger dans un bureau ?<\/strong><\/p>\n<p><strong>Dadis<\/strong>: Maitre, vous savez\u00a0comme le pr\u00e9sident a dit, je l\u2019accepte. \u00c7a , j\u2019estime que \u00e7a va \u00eatre l\u2019objet d\u2019un autre proc\u00e8s . Parce que d\u00e9j\u00e0 vous le savez vous-m\u00eame.<\/p>\n<p><strong>Monsieur le pr\u00e9sident, ce proc\u00e8s c\u2019est moi qui l\u2019ai suivi mais je pense qu\u2019on en a parl\u00e9 ici. Et nous en avons discut\u00e9. Ce proc\u00e8s c\u2019est moi qui l\u2019ai suivi et j\u2019ai obtenu un arr\u00eat de renvoi. On en a parl\u00e9 ici et je veux qu\u2019on en parle.<\/strong><\/p>\n<p><strong>Dadis<\/strong>: Si Monsieur le pr\u00e9sident me permet, me donne l\u2019autorisation,\u00a0comme \u00e7a je peux aussi essayer de r\u00e9pondre quelques questions . Parce que je ne voudrais pas essayer de r\u00e9pondre.<\/p>\n<p><strong>Est-ce que ce jour votre aide de camp vous a demand\u00e9 d\u2019aller vers un bureau ?<\/strong><\/p>\n<p><strong>Dadis<\/strong>: Oui d\u2019abord quand je suis arriv\u00e9, il n\u2019y pas eu\u00a0d\u2019honneur, moi-m\u00eame j\u2019ai demand\u00e9 : je peux rentrer ici dans les honneurs !? J\u2019ai gar\u00e9 mon v\u00e9hicule et comme il \u00e9tait assis de l\u2019autre c\u00f4t\u00e9 je suis all\u00e9 vers lui. J\u2019ai dit mais qu\u2019est-ce que vous \u00eates en train de faire ? Ce que vous faites ce n\u2019est pas bon. C\u2019est dans ce contexte on est rest\u00e9, paix \u00e0 feu Joseph Makambo , il n\u2019\u00e9tait m\u00eame pas dans le cort\u00e8ge. C\u2019est quand il a appris que je me dirigeais vers Koundara qu\u2019il est venu. A peine que j\u2019\u00e9tais avec Toumba en train de lui dire les remarques, ce qu\u2019il est en train de\u2026 je n\u2019ai pas besoin de mentir sur cet homme. De la mani\u00e8re qu\u2019il portait son b\u00e9ret, puisque dans l\u2019arm\u00e9e le port du b\u00e9ret est un r\u00e8glement, c\u2019est l\u00e0 o\u00f9 j\u2019ai dit : mais comment vous portez le b\u00e9ret ? Sur tout ce qui m\u2019est cher, j\u2019ai voulu arranger le b\u00e9ret , c\u2019\u00e9tait dans une position, le b\u00e9ret est tomb\u00e9. Quand cela s\u2019est pass\u00e9 il a repris son b\u00e9ret et j\u2019ai dit : l\u00e8ve toi on va aller au camp Alpha Yaya, ce que vous faites n\u2019est pas bon.<\/p>\n<p>Au m\u00eame moment, je voyais une discussion qui tramait derri\u00e8re moi , je tourne qui je vois ? Je vois feu Joseph Makambo arr\u00eat\u00e9 qui avait pris la main de feu Beugr\u00e9 qui avait un pistolet. Je dis qu\u2019est-ce qui se passe, il me dit: Monsieur le pr\u00e9sident vous ne pouvez pas \u00e9changer avec Toumba et que lui il sort le revolver. Quand j\u2019ai compris, j\u2019ai eu un r\u00e9flexe, j\u2019ai eu un r\u00e9flexe, c\u2019est l\u00e0 o\u00f9 on parle de Dieu . J\u2019ai dit non, s\u2019il veut faire quelque chose\u2026, j\u2019ai banalis\u00e9. Les deux \u00e9taient arr\u00eat\u00e9s, c\u2019est vrai Toumba s\u2019est lev\u00e9 il n\u2019a pas r\u00e9agi. Je le dit devant Dieu . On a commenc\u00e9 \u00e0 aller, la seule chose qu\u2019il m\u2019a dit : Monsieur le pr\u00e9sident vous savez que je suis votre petit s\u00fbr? J\u2019ai dit allons-y au camp .<\/p>\n<p>\u00c0 peine qu\u2019on arrivait juste au bureau de feu Beugr\u00e9, il m\u2019a dit de rentrer au bureau. J\u2019ai dit non je ne peux pas rentrer dans le bureau. Allons au camp. On marchait. Vous savez, quand vous marchez et que quelqu\u2019un s\u2019arr\u00eate vous vous rendez compte. D\u00e8s que j\u2019ai constat\u00e9 qu\u2019il s\u2019est arr\u00eat\u00e9, j\u2019ai tourn\u00e9 la t\u00eate et j\u2019ai vu un coup de feu. Pas plus de deux m\u00e8tres. Quand \u00e7a s\u2019est pass\u00e9 et que Joseph Makambo a vu \u00e7a, c\u2019est en ce moment qu\u2019il est venu quand il a compris que j\u2019\u00e9tais \u00e0 terre et que le tir a \u00e9t\u00e9 effectu\u00e9. Mais dans tous les cas,\u00a0 je ne pouvais pas me retrouver. C\u2019est le jeune Mansar\u00e9 qui est venu et il a dit: monsieur le pr\u00e9sident. J\u2019ai r\u00e9pondu, il me dit: je vais te sauver. Je ne sais m\u00eame pas comment ce jeune m\u2019a extirp\u00e9 de l\u00e0 o\u00f9 l\u2019\u00e9v\u00e8nement s\u2019est pass\u00e9. En ce temps Makambo luttait avec son \u00e9quipe. Ceux qui sont venus m\u2019accompagner, c\u2019est dans les explications, ils n\u2019ont pas r\u00e9agi. La seule chose que j\u2019ai dit est que je remercie le bon Dieu. On me transporte pas plus de 30 m\u00e8tres , j\u2019ai eu un r\u00e9flexe en disant: envoyez moi au camp Samory. C\u2019est le seul mot que j\u2019ai dit. Je me suis dit si je reste ici et qu\u2019ils lancent les grenades ? Sinon je ne sais pas comment le cheminement s\u2019est fait au camp Samory, les soins, puis l\u2019h\u00e9lico est venu me transporter \u00e0 la base a\u00e9rienne. De l\u00e0, je suis venu dans un v\u00e9hicule et moi-m\u00eame jai march\u00e9 pour rentrer dans mon bureau. \u00c7a veut dire quoi Maitre ? Quand Dieu te sauve d\u2019une situation, il ne faut pas mentir, il ne faut pas mentir. Si tu mens, Dieu m\u00eame va te maudire. Ce n\u2019\u00e9tait pas ma force et je crois que c\u2019est par rapport \u00e0 cette lutte il s\u2019\u00e9tait d\u00e9j\u00e0 rendu compte que pour moi c\u2019\u00e9tait fini. Pendant qu\u2019ils \u00e9taient en train de lutter, c\u2019est en ce moment effectivement qu\u2019on m\u2019a transport\u00e9. Donc je dis que c\u2019est un probl\u00e8me de destin . Si je suis l\u00e0 ici aujourd\u2019hui devant cet auguste tribunal m\u00eame \u00e0 l\u2019instant o\u00f9 je suis , il y\u2019a des moments quand je r\u00e9fl\u00e9chis je trouve irr\u00e9alisable si ce n\u2019est pas un fait de Dieu.<\/p>\n<p><strong>Vous savez pourquoi je parle de \u00e7a ? Parce qu\u2019on a parl\u00e9 de l\u00e9gitime d\u00e9fense. Si je vous entends bien, \u00e7a veut dire que feu Joseph Makambo est intervenu alors qu\u2019on avait d\u00e9j\u00e0 tir\u00e9 sur vous ?<\/strong><\/p>\n<p><strong>Dadis<\/strong>: Entre Dieu et moi, parce que ce gar\u00e7on m\u2019est tr\u00e8s fid\u00e8le , il aurait m\u00eame dit un jour \u00e0 sa famille que : l\u00e0 o\u00f9 le pr\u00e9sident va mourir, je vais mourir.<\/p>\n<p>Entre Dieu et moi, parce que si je suis devant l\u2019auguste tribunal, devant le peuple de Guin\u00e9e, je ne dois pas mentir. Si je mens c\u2019est Dieu m\u00eame qui va me maudire.<\/p>\n<p><strong>Puisque vous parlez de Mansar\u00e9, \u00e7a veut dire que ce n\u2019est pas le nomm\u00e9 Marcel qui vous a sauv\u00e9 comme il l\u2019a dit ici publiquement.\u00a0 C\u00e9c\u00e9 Rapha\u00ebl plut\u00f4t ?<\/strong><\/p>\n<p><strong>Dadis<\/strong>:\u00a0C\u2019est le jeune Mansar\u00e9 qui est venu parce qu\u2019il avait une formation au Maroc . C\u2019\u00e9tait par rapport \u00e0 la garde rapproch\u00e9e.<\/p>\n<p><strong>Dites-moi quel dernier mot vous aviez dit \u00e0 Toumba quand il a tir\u00e9 sur vous?<\/strong><\/p>\n<p><strong>Dadis<\/strong>: Le seul\u00a0 mot que j\u2019ai dit quand il a tir\u00e9 sur moi c\u2019est : Toumba tu peux me trahir ?<\/p>\n<p><strong>Monsieur le pr\u00e9sident entre votre aide de camp et vous, qui a trahi l\u2019autre ?\u00a0<\/strong><\/p>\n<p><strong>Dadis<\/strong>: Par\u00a0rapport \u00e0 la sc\u00e8ne que je vous explique, en tout sinc\u00e9rit\u00e9, c\u2019est Toumba qui m\u2019a trahi. Toute l\u2019arm\u00e9e guin\u00e9enne, tout le monde, personne n\u2019osait Toumba.<\/p>\n<p><strong>Une derni\u00e8re question Monsieur le pr\u00e9sident et vous n\u2019\u00eates pas oblig\u00e9 de la r\u00e9pondre parce que souvent vous avez des difficult\u00e9s. Est-ce qu\u2019on vous a dit comment Makambo a \u00e9t\u00e9 tu\u00e9 ?<\/strong><\/p>\n<p><strong>Dadis<\/strong>: Maitre, pour le respect , aussi pour ne pas terroriser ses enfants, j\u2019ai la chair de poule, je ne peux pas l\u2019expliquer.<\/p>\n<p><strong>Monsieur le pr\u00e9sident, je vais conclure. Dans votre narration, le premier jour dans votre narration, vous avez parl\u00e9 de Marie Antoinette, une femme qui a \u00e9t\u00e9 jug\u00e9e et condamn\u00e9e parce que son mari \u00e9tait roi . Qu\u2019est-ce que vous voulez dire au tribunal ?<\/strong><\/p>\n<p><strong>Dadis<\/strong>: La\u00a0reine Marie Antoinette, \u00e7a c\u2019\u00e9tait bien la r\u00e9volution fran\u00e7aise. J\u2019ai voulu faire comprendre au tribunal que c\u2019est parce que Marie Antoinette \u00e9tait la femme du roi que par\u00a0 la trahison ou complicit\u00e9 s\u2019est vue pass\u00e9e \u00e0 la guillotine. Autrement dit c\u2019est parce que je fus pr\u00e9sident qu\u2019on veut me faire croire devant le tribunal et le peuple de Guin\u00e9e que ce qui s\u2019est pass\u00e9 le 28 septembre, que j\u2019en suis responsable.<\/p>\n<p><strong>Mediaguinee.org <\/strong><\/p>\n<\/div>\n<\/div>\n<\/article>\n<\/div>\n<\/div>\n<\/div>\n<\/div>\n<\/div>\n<\/div>\n<\/div>\n","protected":false},"excerpt":{"rendered":"<p>Il ne s\u2019\u00e9tait jamais prononc\u00e9 sur la journ\u00e9e du 3 d\u00e9cembre, le jour o\u00f9 Aboubacar Toumba Diakit\u00e9 mit fin \u00e0 son r\u00e8gne. A la barre du tribunal de Dixinn pour son implication pr\u00e9sum\u00e9e dans le massacre du 28 septembre 2009, l\u2019ex-chef de la junte Moussa Dadis Camara a donn\u00e9 mercredi sa version des faits\u2026 Je [&hellip;]<\/p>\n","protected":false},"author":2,"featured_media":20003,"comment_status":"closed","ping_status":"closed","sticky":false,"template":"","format":"standard","meta":{"_jetpack_memberships_contains_paid_content":false,"footnotes":""},"categories":[4,5],"tags":[],"class_list":["post-20002","post","type-post","status-publish","format-standard","has-post-thumbnail","hentry","category-actu","category-politique"],"jetpack_featured_media_url":"https:\/\/i0.wp.com\/liberationinfo.com\/wp-content\/uploads\/2023\/01\/IMG-20230125-WA0002-jpg.jpeg?fit=1080%2C720&ssl=1","jetpack-related-posts":[],"jetpack_sharing_enabled":true,"_links":{"self":[{"href":"https:\/\/liberationinfo.com\/index.php\/wp-json\/wp\/v2\/posts\/20002","targetHints":{"allow":["GET"]}}],"collection":[{"href":"https:\/\/liberationinfo.com\/index.php\/wp-json\/wp\/v2\/posts"}],"about":[{"href":"https:\/\/liberationinfo.com\/index.php\/wp-json\/wp\/v2\/types\/post"}],"author":[{"embeddable":true,"href":"https:\/\/liberationinfo.com\/index.php\/wp-json\/wp\/v2\/users\/2"}],"replies":[{"embeddable":true,"href":"https:\/\/liberationinfo.com\/index.php\/wp-json\/wp\/v2\/comments?post=20002"}],"version-history":[{"count":0,"href":"https:\/\/liberationinfo.com\/index.php\/wp-json\/wp\/v2\/posts\/20002\/revisions"}],"wp:featuredmedia":[{"embeddable":true,"href":"https:\/\/liberationinfo.com\/index.php\/wp-json\/wp\/v2\/media\/20003"}],"wp:attachment":[{"href":"https:\/\/liberationinfo.com\/index.php\/wp-json\/wp\/v2\/media?parent=20002"}],"wp:term":[{"taxonomy":"category","embeddable":true,"href":"https:\/\/liberationinfo.com\/index.php\/wp-json\/wp\/v2\/categories?post=20002"},{"taxonomy":"post_tag","embeddable":true,"href":"https:\/\/liberationinfo.com\/index.php\/wp-json\/wp\/v2\/tags?post=20002"}],"curies":[{"name":"wp","href":"https:\/\/api.w.org\/{rel}","templated":true}]}}