{"id":19633,"date":"2022-12-30T09:34:51","date_gmt":"2022-12-30T09:34:51","guid":{"rendered":"https:\/\/liberationinfo.com\/?p=19633"},"modified":"2022-12-30T09:34:51","modified_gmt":"2022-12-30T09:34:51","slug":"pele-sera-inhume-mardi-ce-que-lon-sait-des-obseques-de-la-legende-du-foot","status":"publish","type":"post","link":"https:\/\/liberationinfo.com\/index.php\/pele-sera-inhume-mardi-ce-que-lon-sait-des-obseques-de-la-legende-du-foot\/","title":{"rendered":"P\u00e9l\u00e9 sera inhum\u00e9 mardi : Ce que l\u2019on sait des obs\u00e8ques de la l\u00e9gende du foot\u2026"},"content":{"rendered":"<div class=\"region region-slideshow\">\n<div id=\"block-block-41\" class=\"block block-block first odd\">\n<div class=\"content\"><ins class=\"adsbygoogle\" data-ad-format=\"fluid\" data-ad-layout-key=\"-fb+5w+4e-db+86\" data-ad-client=\"ca-pub-3296166907956863\" data-ad-slot=\"5879004069\" data-adsbygoogle-status=\"done\"><\/p>\n<div id=\"aswift_1_host\"><\/div>\n<p><\/ins><\/div>\n<\/div>\n<\/div>\n<div class=\"region region-content\">\n<div id=\"block-block-58\" class=\"block block-block odd\">\n<div class=\"content\"><\/div>\n<\/div>\n<div id=\"block-system-main\" class=\"block block-system even\">\n<div class=\"content\">\n<div id=\"node-39336\" class=\"node node-article node-promoted view-mode-full clearfix\">\n<div class=\"content\">\n<div class=\"field field-name-field-petit-titre- field-type-text field-label-hidden\">\n<div class=\"field-items\">\n<div class=\"field-item even\"><\/div>\n<\/div>\n<\/div>\n<div class=\"field field-name-body field-type-text-with-summary field-label-hidden\">\n<div class=\"field-items\">\n<div class=\"field-item even\">\n<p>D\u00e9c\u00e9d\u00e9 ce jeudi 29 d\u00e9cembre 2022, d\u2019un cancer du c\u00f4lon \u00e0 l&rsquo;\u00e2ge de 82 ans, le \u00ab\u00a0Roi\u00a0\u00bb Pel\u00e9, sera inhum\u00e9 mardi 03 janvier 2023.<\/p>\n<p>Une veill\u00e9e fun\u00e8bre, ouverte au public, aura lieu lundi 02 janvier et durera 24 heures, au stade du Santos FC, club o\u00f9 l&rsquo;\u00e9ternel num\u00e9ro 10 a brill\u00e9 de 1956 \u00e0 1974.<\/p>\n<p>L&rsquo;enterrement pr\u00e9vu mardi se d\u00e9roulera en revanche dans l&rsquo;intimit\u00e9 familiale, apr\u00e8s un cort\u00e8ge suivant le cercueil dans les rues de Santos, ville portuaire \u00e0 80 km de Sao Paulo qui a d\u00e9cr\u00e9t\u00e9 un deuil de sept jours, selon l\u2019AFP.<\/p>\n<div id=\"sm_box_1672392607382\">\n<div class=\"sm-unit svelte-xurmir\">\n<div class=\"ad-unit-wrapper svelte-xurmir\">\n<div class=\"sm-prloader-passback svelte-11jsstl loader-wrapper\">\n<div><\/div>\n<\/div>\n<\/div>\n<\/div>\n<\/div>\n<p><strong>Pluie d&rsquo;hommages<\/strong><\/p>\n<div class=\"clearfix\"><\/div>\n<p>L\u2019annonce de la mort de Pel\u00e9, de son vrai nom Edson Arantes do Nascimento, a remu\u00e9 la plan\u00e8te enti\u00e8re, avec une avalanche d\u2019hommages pour le triple champion du monde.<\/p>\n<p>\u00ab\u00a0<em>Pour un sport qui rapproche les peuples comme aucun autre, le parcours de Pel\u00e9, de ses d\u00e9buts modestes \u00e0 son statut de l\u00e9gende du football, montre que tout est possible<\/em>\u00ab\u00a0, a tweet\u00e9 Joe Biden depuis la Maison Blanche, alors que Macky Sall pleure la perte d\u2019un embl\u00e8me du football mondial.<\/p>\n<p>\u00ab\u00a0<em>Le monde du football vient de perdre son embl\u00e8me et sa plus grande r\u00e9f\u00e9rence. Par sa virtuosit\u00e9, son g\u00e9nie et son humanisme, le Roi Pel\u00e9 marqu\u00e9 \u00e0 jamais l\u2019histoire du football, le seul joueur \u00e0 avoir remport\u00e9 trois Coupes du monde ! Repose en paix L\u00e9gende !\u00a0<\/em>\u00bb, a tweet\u00e9 le pr\u00e9sident S\u00e9n\u00e9galas. \u00ab\u00a0<em>Jamais il n&rsquo;y a eu un num\u00e9ro 10 comme lu<\/em>i\u00a0\u00bb, a r\u00e9agi pour sa part le pr\u00e9sident \u00e9lu du Br\u00e9sil, Luiz Inacio Lula da Silva.<\/p>\n<p><strong>&#8211; \u00ab\u00a0Un seul rein, trois c\u0153urs\u00a0\u00bb &#8211;<\/strong><\/p>\n<p>N\u00e9 le 23 octobre 1940 dans une famille pauvre \u00e0 Tres Cora\u00e7oes, petite ville du Minas Gerais (sud-est) entour\u00e9e de plantations de caf\u00e9, le petit Edson doit vendre des cacahu\u00e8tes dans la rue pour aider ses parents.<\/p>\n<p>Son pr\u00e9nom a \u00e9t\u00e9 choisi en hommage \u00e0 Thomas Edison, inventeur de l&rsquo;ampoule \u00e9lectrique. Que de chemin parcouru pour celui qui \u00e9tait re\u00e7u comme un chef d&rsquo;\u00c9tat lors de tourn\u00e9es de matchs amicaux \u00e0 l&rsquo;\u00e9tranger avec Santos ou avec la Sele\u00e7ao.<\/p>\n<p>Son r\u00e8gne s&rsquo;est aussi prolong\u00e9 en dehors des terrains, avec des r\u00f4les au cin\u00e9ma, des chansons enregistr\u00e9es et m\u00eame un poste de ministre des Sports (1995-1998).<\/p>\n<p><strong>Avec AFP<\/strong><\/p>\n<\/div>\n<\/div>\n<\/div>\n<\/div>\n<\/div>\n<\/div>\n<\/div>\n<\/div>\n","protected":false},"excerpt":{"rendered":"<p>D\u00e9c\u00e9d\u00e9 ce jeudi 29 d\u00e9cembre 2022, d\u2019un cancer du c\u00f4lon \u00e0 l&rsquo;\u00e2ge de 82 ans, le \u00ab\u00a0Roi\u00a0\u00bb Pel\u00e9, sera inhum\u00e9 mardi 03 janvier 2023. Une veill\u00e9e fun\u00e8bre, ouverte au public, aura lieu lundi 02 janvier et durera 24 heures, au stade du Santos FC, club o\u00f9 l&rsquo;\u00e9ternel num\u00e9ro 10 a brill\u00e9 de 1956 \u00e0 1974. [&hellip;]<\/p>\n","protected":false},"author":2,"featured_media":19634,"comment_status":"closed","ping_status":"closed","sticky":false,"template":"","format":"standard","meta":{"_jetpack_memberships_contains_paid_content":false,"footnotes":""},"categories":[7],"tags":[],"class_list":["post-19633","post","type-post","status-publish","format-standard","has-post-thumbnail","hentry","category-sport"],"jetpack_featured_media_url":"https:\/\/i0.wp.com\/liberationinfo.com\/wp-content\/uploads\/2022\/12\/1672392594883.jpg?fit=580%2C451&ssl=1","jetpack-related-posts":[],"jetpack_sharing_enabled":true,"_links":{"self":[{"href":"https:\/\/liberationinfo.com\/index.php\/wp-json\/wp\/v2\/posts\/19633","targetHints":{"allow":["GET"]}}],"collection":[{"href":"https:\/\/liberationinfo.com\/index.php\/wp-json\/wp\/v2\/posts"}],"about":[{"href":"https:\/\/liberationinfo.com\/index.php\/wp-json\/wp\/v2\/types\/post"}],"author":[{"embeddable":true,"href":"https:\/\/liberationinfo.com\/index.php\/wp-json\/wp\/v2\/users\/2"}],"replies":[{"embeddable":true,"href":"https:\/\/liberationinfo.com\/index.php\/wp-json\/wp\/v2\/comments?post=19633"}],"version-history":[{"count":0,"href":"https:\/\/liberationinfo.com\/index.php\/wp-json\/wp\/v2\/posts\/19633\/revisions"}],"wp:featuredmedia":[{"embeddable":true,"href":"https:\/\/liberationinfo.com\/index.php\/wp-json\/wp\/v2\/media\/19634"}],"wp:attachment":[{"href":"https:\/\/liberationinfo.com\/index.php\/wp-json\/wp\/v2\/media?parent=19633"}],"wp:term":[{"taxonomy":"category","embeddable":true,"href":"https:\/\/liberationinfo.com\/index.php\/wp-json\/wp\/v2\/categories?post=19633"},{"taxonomy":"post_tag","embeddable":true,"href":"https:\/\/liberationinfo.com\/index.php\/wp-json\/wp\/v2\/tags?post=19633"}],"curies":[{"name":"wp","href":"https:\/\/api.w.org\/{rel}","templated":true}]}}