{"id":19516,"date":"2022-12-21T09:15:58","date_gmt":"2022-12-21T09:15:58","guid":{"rendered":"https:\/\/liberationinfo.com\/?p=19516"},"modified":"2022-12-21T09:15:58","modified_gmt":"2022-12-21T09:15:58","slug":"proces-du-28-septembre-le-general-sekouba-konate-dans-le-collimateur-de-la-justice-copie","status":"publish","type":"post","link":"https:\/\/liberationinfo.com\/index.php\/proces-du-28-septembre-le-general-sekouba-konate-dans-le-collimateur-de-la-justice-copie\/","title":{"rendered":"Proc\u00e8s du 28 Septembre: le g\u00e9n\u00e9ral S\u00e9kouba Konat\u00e9 dans le collimateur de la justice ( Copie)"},"content":{"rendered":"<div id=\"page\" class=\"wrapper site\">\n<div id=\"content\" class=\"site-content\">\n<div class=\"wrap-content\">\n<div class=\"container\">\n<div class=\"row single-main-content\">\n<div class=\"main-content content-right col-sx-12 col-sm-12 col-md-9 col-lg-9\">\n<div class=\"content-inner\">\n<div class=\"box box-article\">\n<article id=\"post-211906\" class=\"post-211906 post type-post status-publish format-standard has-post-thumbnail hentry category-la-une\">\n<div class=\"entry-content clearfix\">\n<div class=\"entry-content-inner padding-left\">\n<p>&nbsp;<\/p>\n<p>L&rsquo;ancien pr\u00e9sident de la transition par int\u00e9rim en 2010, le g\u00e9n\u00e9ral S\u00e9kouba Konat\u00e9 est dans le collimateur du tribunal criminel de Dixinn dans le proc\u00e8s du massacre du 28 septembre 2009.<\/p>\n<p>D\u00e8s son premier jour de son interrogatoire, le capitaine Moussa Dadis Camara, l&rsquo;ancien chef de l\u2019Etat au moment des faits, a souhait\u00e9 la comparution de son ancien ministre de la d\u00e9fense pour qu&rsquo;il puisse parler du recrutement du fameux camp de formation de Kaleya.<\/p>\n<p>Pour contribuer \u00e0 la manifestation de la v\u00e9rit\u00e9 dans affaire, qui reste comme l&rsquo;un des crimes les plus ignobles de l&rsquo;histoire de notre pays, le procureur de la R\u00e9publique pr\u00e8s du tribunal de Dixinn, Algassimou Diallo a annonc\u00e9 la mise en place d\u2019une commission rogatoire pour attendre le g\u00e9n\u00e9ral S\u00e9kouba Konat\u00e9 du c\u00f4t\u00e9 de la France.<\/p>\n<p>&nbsp;<\/p>\n<\/div>\n<div class=\"entry-content-inner padding-left\">\n<figure class=\"wp-block-image size-full\"><img decoding=\"async\" class=\"not-transparent wp-image-211908 jetpack-lazy-image jetpack-lazy-image--handled\" src=\"https:\/\/i0.wp.com\/mediaguinee.org\/wp-content\/uploads\/2022\/12\/1000072281-jpg.webp?resize=660%2C611&amp;ssl=1\" srcset=\"https:\/\/i0.wp.com\/mediaguinee.org\/wp-content\/uploads\/2022\/12\/1000072281-jpg.webp?w=810&amp;ssl=1 810w, https:\/\/i0.wp.com\/mediaguinee.org\/wp-content\/uploads\/2022\/12\/1000072281-jpg.webp?resize=300%2C278&amp;ssl=1 300w, https:\/\/i0.wp.com\/mediaguinee.org\/wp-content\/uploads\/2022\/12\/1000072281-jpg.webp?resize=768%2C711&amp;ssl=1 768w\" alt=\"\" \/><\/figure>\n<figure class=\"wp-block-image size-full\"><img decoding=\"async\" class=\"not-transparent wp-image-211909 jetpack-lazy-image jetpack-lazy-image--handled\" src=\"https:\/\/i0.wp.com\/mediaguinee.org\/wp-content\/uploads\/2022\/12\/1000072284-jpg.webp?resize=660%2C888&amp;ssl=1\" srcset=\"https:\/\/i0.wp.com\/mediaguinee.org\/wp-content\/uploads\/2022\/12\/1000072284-jpg.webp?w=736&amp;ssl=1 736w, https:\/\/i0.wp.com\/mediaguinee.org\/wp-content\/uploads\/2022\/12\/1000072284-jpg.webp?resize=223%2C300&amp;ssl=1 223w\" alt=\"\" \/><\/figure>\n<div class=\"dailymotion-cpe\"><\/div>\n<div id=\"taboola-below-article\" class=\" trc_related_container trc_spotlight_widget tbl-feed-container tbl-feed-frame-DIVIDER  render-late-effect\">\n<div class=\" tbl-feed-header tbl-logo-right-position\">\n<div class=\"tbl-feed-header-logo\"><\/div>\n<\/div>\n<div id=\"taboola-below-article-pl1\" class=\" trc_related_container trc_spotlight_widget trc_elastic trc_elastic_thumbs-feed-01  tbl-feed-card  tbl-feed-card \">\n<div class=\"trc_rbox_container\">\n<div>\n<div id=\"trc_wrapper_52602\" class=\"trc_rbox thumbs-feed-01 trc-content-sponsored \">\n<div id=\"outer_52602\" class=\"trc_rbox_outer\">\n<div id=\"rbox-t2v\" class=\"trc_rbox_div trc_rbox_border_elm\">\n<div id=\"internal_trc_52602\">\n<div class=\"videoCube trc_spotlight_item origin-undefined thumbnail_top syndicatedItem textItem videoCube_1_child trc-first-recommendation trc-spotlight-first-recommendation \"><strong>Liberationinfo.com<\/strong><\/div>\n<\/div>\n<\/div>\n<\/div>\n<\/div>\n<\/div>\n<\/div>\n<\/div>\n<\/div>\n<\/div>\n<\/div>\n<\/article>\n<\/div>\n<\/div>\n<\/div>\n<\/div>\n<\/div>\n<\/div>\n<\/div>\n<\/div>\n","protected":false},"excerpt":{"rendered":"<p>&nbsp; L&rsquo;ancien pr\u00e9sident de la transition par int\u00e9rim en 2010, le g\u00e9n\u00e9ral S\u00e9kouba Konat\u00e9 est dans le collimateur du tribunal criminel de Dixinn dans le proc\u00e8s du massacre du 28 septembre 2009. D\u00e8s son premier jour de son interrogatoire, le capitaine Moussa Dadis Camara, l&rsquo;ancien chef de l\u2019Etat au moment des faits, a souhait\u00e9 la [&hellip;]<\/p>\n","protected":false},"author":2,"featured_media":19517,"comment_status":"closed","ping_status":"closed","sticky":false,"template":"","format":"standard","meta":{"_jetpack_memberships_contains_paid_content":false,"footnotes":""},"categories":[4,6],"tags":[],"class_list":["post-19516","post","type-post","status-publish","format-standard","has-post-thumbnail","hentry","category-actu","category-societe"],"jetpack_featured_media_url":"https:\/\/i0.wp.com\/liberationinfo.com\/wp-content\/uploads\/2022\/12\/gl-sk.jpg?fit=620%2C413&ssl=1","jetpack-related-posts":[],"jetpack_sharing_enabled":true,"_links":{"self":[{"href":"https:\/\/liberationinfo.com\/index.php\/wp-json\/wp\/v2\/posts\/19516","targetHints":{"allow":["GET"]}}],"collection":[{"href":"https:\/\/liberationinfo.com\/index.php\/wp-json\/wp\/v2\/posts"}],"about":[{"href":"https:\/\/liberationinfo.com\/index.php\/wp-json\/wp\/v2\/types\/post"}],"author":[{"embeddable":true,"href":"https:\/\/liberationinfo.com\/index.php\/wp-json\/wp\/v2\/users\/2"}],"replies":[{"embeddable":true,"href":"https:\/\/liberationinfo.com\/index.php\/wp-json\/wp\/v2\/comments?post=19516"}],"version-history":[{"count":0,"href":"https:\/\/liberationinfo.com\/index.php\/wp-json\/wp\/v2\/posts\/19516\/revisions"}],"wp:featuredmedia":[{"embeddable":true,"href":"https:\/\/liberationinfo.com\/index.php\/wp-json\/wp\/v2\/media\/19517"}],"wp:attachment":[{"href":"https:\/\/liberationinfo.com\/index.php\/wp-json\/wp\/v2\/media?parent=19516"}],"wp:term":[{"taxonomy":"category","embeddable":true,"href":"https:\/\/liberationinfo.com\/index.php\/wp-json\/wp\/v2\/categories?post=19516"},{"taxonomy":"post_tag","embeddable":true,"href":"https:\/\/liberationinfo.com\/index.php\/wp-json\/wp\/v2\/tags?post=19516"}],"curies":[{"name":"wp","href":"https:\/\/api.w.org\/{rel}","templated":true}]}}