{"id":17702,"date":"2022-08-22T17:08:29","date_gmt":"2022-08-22T17:08:29","guid":{"rendered":"https:\/\/liberationinfo.com\/?p=17702"},"modified":"2022-08-22T17:08:29","modified_gmt":"2022-08-22T17:08:29","slug":"makanera-apres-le-deces-de-lounceny-camara-personne-ne-peut-dire-quil-est-coupable","status":"publish","type":"post","link":"https:\/\/liberationinfo.com\/index.php\/makanera-apres-le-deces-de-lounceny-camara-personne-ne-peut-dire-quil-est-coupable\/","title":{"rendered":"Makanera apr\u00e8s le d\u00e9c\u00e8s de Lounceny Camara : \u2018\u2019Personne ne peut dire qu\u2019il est coupable\u2026\u2019\u2019"},"content":{"rendered":"<div class=\"container adcontainer\">\n<div class=\"cpx cpx-after-header cpx-pubadban cpx-show-desktop cpx-show-tablet-portrait cpx-show-tablet-landscape cpx-show-phone cpx-loc-header_after cpx-align-center cpx-column-1 cpx-clearfix no-bg-box-model\">\n<div id=\"cpx-146805-163532114\" class=\"cpx-container cpx-type-custom_code \">\n<div class=\"row\">\n<div class=\"col-md-6 col-sm-12\"><\/div>\n<\/div>\n<\/div>\n<\/div>\n<\/div>\n<div class=\"content-wrap\"><main id=\"content\" class=\"content-container\"><\/p>\n<div class=\"container layout-2-col layout-2-col-1 layout-right-sidebar layout-bc-before post-template-1\">\n<div class=\"row main-section\">\n<div class=\"col-sm-8 content-column\">\n<div class=\"single-container\">\n<article id=\"post-157983\" class=\"post-157983 post type-post status-publish format-standard has-post-thumbnail  category-societe single-post-content has-thumbnail\">\n<div class=\"entry-content clearfix single-post-content\">\n<div class=\"bottomcontainerBox\">\n<div><\/div>\n<\/div>\n<div><\/div>\n<div><\/div>\n<p><strong>Plac\u00e9 en d\u00e9tention \u00e0 la maison centrale de Conakry, l\u2019ancien ministre Lounceny Camara a tir\u00e9 sa r\u00e9v\u00e9rence ce samedi 20 ao\u00fbt \u00e0 l\u2019h\u00f4pital Ignace Deen suite \u00e0 un accident vasculaire c\u00e9r\u00e9bral (AVC). Accus\u00e9 de d\u00e9tournement de fonds, corruption et enrichissement illicite, l\u2019ancien pr\u00e9sident de la CENI ne sera finalement pas jug\u00e9 pour les faits qui lui sont reproch\u00e9s.\u00a0<\/strong><\/p>\n<p>L\u2019ancien ministre de la communication\u00a0Alhousseine Makanera se dit abbatu par la disparition brutale de ex)collaborateur. Il estime que la justice ne peut pas prouver la culpabilit\u00e9 de Lounceny Camara.<\/p>\n<p>\u2018\u2019Je suis vraiment d\u00e9vast\u00e9. Lounceny \u00e9tait un patriote, un homme qui a aim\u00e9 son pays et qui s\u2019est m\u00eame battu avec moi tout r\u00e9cemment pour la moralisation de la gestion publique \u00e0 l\u2019assembl\u00e9e nationale\u2019\u2019, indique-t-il.<\/p>\n<p>Cet alli\u00e9 du RPG Arc-en-ciel denonce la d\u00e9tention prolong\u00e9e des personnes accus\u00e9es pour des faits pr\u00e9sum\u00e9s de d\u00e9tournement de deniers publics.<\/p>\n<p>\u2018\u2019Je me suis toujours oppos\u00e9 \u00e0 la d\u00e9tention des gens. Qu\u2019est-ce le peuple gagne avec la mort de Lounceny Camara surtout qu\u2019il n\u2019a pas \u00e9t\u00e9 jug\u00e9\u00a0? Personne ne peut dire qu\u2019il est coupable parce que la pr\u00e9somption d\u2019innocence est d\u2019abord la r\u00e8gle\u2019\u2019, mart\u00e8le-t-il.<\/p>\n<p>&nbsp;<\/p>\n<p>. Poursuivis pour des faits pr\u00e9sum\u00e9s de corruption et plac\u00e9 sous mandat de d\u00e9p\u00f4t depuis le 28 avril \u00e0 la prison centrale de Coronthie, l\u2019ancien pr\u00e9sident de la commission \u00e9lectorale nationale ind\u00e9pendante (CENI), ne sera finalement pas jug\u00e9 pour les faits qui lui sont reproch\u00e9s.<\/p>\n<p>L\u2019ancien ministre de la communication\u00a0 Makanera Kak\u00e9 qui se dit abbatu par la mort brutale de son ami et ancien collaborateur, estime que la justice ne peut pas prouver la culpabilit\u00e9 de Lounceny Camara.<\/p>\n<div>\n<div><span class=\"ctaText\">S\u00e9lectionn\u00e9 pour vous :<\/span>\u00a0\u00a0<span class=\"postTitle\">Yomou: Trois morts et 25 bless\u00e9s dans un accident de circulation<\/span><\/div>\n<\/div>\n<p>\u00ab\u00a0Je suis vraiment d\u00e9vast\u00e9. C\u2019\u00e9tait un patriote. Un homme qui a aim\u00e9 ce pays et qui s\u2019est m\u00eame battu avec moi tout r\u00e9cemment l\u00e0 pour la moralisation de la gestion publique \u00e0 l\u2019assembl\u00e9e nationale. La mort est toujours douleureuse. Mais quand quelqu\u2019un meurt dans certaines conditions, elle frise m\u00eame la catastrophe\u00a0\u00bb, d\u00e9plore Alhousseiny Makan\u00e9ra Kak\u00e9<\/p>\n<p>Ce responsable du RPG Arc-en-ciel denonce la d\u00e9tention prolong\u00e9e des personnes accus\u00e9s pour des faits pr\u00e9sum\u00e9s de d\u00e9tournements de derniers publics.<\/p>\n<p>\u00ab\u00a0Je me suis toujours oppos\u00e9 \u00e0 la d\u00e9tention des gens. Parce qu\u2019en pareille circonstance qu\u2019est-ce le peuple gagne avec la mort de Lounceny Camara surtout qu\u2019il n\u2019a pas \u00e9t\u00e9 jug\u00e9. Personne ne peut dire qu\u2019il est coupable parce que la pr\u00e9somption d\u2019innocence est d\u2019abord la r\u00e8gle\u00a0\u00bb, mart\u00e8le-t-il.<\/p>\n<p><strong>Djiwo BARRY<\/strong><\/p>\n<\/div>\n<\/article>\n<\/div>\n<\/div>\n<\/div>\n<\/div>\n<p><\/main><\/div>\n","protected":false},"excerpt":{"rendered":"<p>Plac\u00e9 en d\u00e9tention \u00e0 la maison centrale de Conakry, l\u2019ancien ministre Lounceny Camara a tir\u00e9 sa r\u00e9v\u00e9rence ce samedi 20 ao\u00fbt \u00e0 l\u2019h\u00f4pital Ignace Deen suite \u00e0 un accident vasculaire c\u00e9r\u00e9bral (AVC). Accus\u00e9 de d\u00e9tournement de fonds, corruption et enrichissement illicite, l\u2019ancien pr\u00e9sident de la CENI ne sera finalement pas jug\u00e9 pour les faits qui [&hellip;]<\/p>\n","protected":false},"author":2,"featured_media":17703,"comment_status":"closed","ping_status":"closed","sticky":false,"template":"","format":"standard","meta":{"_jetpack_memberships_contains_paid_content":false,"footnotes":""},"categories":[4,5,6],"tags":[],"class_list":["post-17702","post","type-post","status-publish","format-standard","has-post-thumbnail","hentry","category-actu","category-politique","category-societe"],"jetpack_featured_media_url":"https:\/\/i0.wp.com\/liberationinfo.com\/wp-content\/uploads\/2022\/08\/Makanera-750x430-1.jpeg?fit=750%2C430&ssl=1","jetpack-related-posts":[],"jetpack_sharing_enabled":true,"_links":{"self":[{"href":"https:\/\/liberationinfo.com\/index.php\/wp-json\/wp\/v2\/posts\/17702","targetHints":{"allow":["GET"]}}],"collection":[{"href":"https:\/\/liberationinfo.com\/index.php\/wp-json\/wp\/v2\/posts"}],"about":[{"href":"https:\/\/liberationinfo.com\/index.php\/wp-json\/wp\/v2\/types\/post"}],"author":[{"embeddable":true,"href":"https:\/\/liberationinfo.com\/index.php\/wp-json\/wp\/v2\/users\/2"}],"replies":[{"embeddable":true,"href":"https:\/\/liberationinfo.com\/index.php\/wp-json\/wp\/v2\/comments?post=17702"}],"version-history":[{"count":0,"href":"https:\/\/liberationinfo.com\/index.php\/wp-json\/wp\/v2\/posts\/17702\/revisions"}],"wp:featuredmedia":[{"embeddable":true,"href":"https:\/\/liberationinfo.com\/index.php\/wp-json\/wp\/v2\/media\/17703"}],"wp:attachment":[{"href":"https:\/\/liberationinfo.com\/index.php\/wp-json\/wp\/v2\/media?parent=17702"}],"wp:term":[{"taxonomy":"category","embeddable":true,"href":"https:\/\/liberationinfo.com\/index.php\/wp-json\/wp\/v2\/categories?post=17702"},{"taxonomy":"post_tag","embeddable":true,"href":"https:\/\/liberationinfo.com\/index.php\/wp-json\/wp\/v2\/tags?post=17702"}],"curies":[{"name":"wp","href":"https:\/\/api.w.org\/{rel}","templated":true}]}}